{"id":2060,"date":"2020-10-01T16:59:50","date_gmt":"2020-10-01T19:59:50","guid":{"rendered":"https:\/\/previews.elleven.digital\/acocearense\/?post_type=noticia&#038;p=2060"},"modified":"2025-05-07T17:00:18","modified_gmt":"2025-05-07T20:00:18","slug":"instituto-aco-cearense-inicia-campanha-para-promover-a-transformacao-de-mais-vidas","status":"publish","type":"noticia","link":"https:\/\/previews.elleven.digital\/acocearense\/noticia\/instituto-aco-cearense-inicia-campanha-para-promover-a-transformacao-de-mais-vidas\/","title":{"rendered":"Instituto A\u00e7o Cearense inicia campanha para promover a transforma\u00e7\u00e3o de mais vidas"},"content":{"rendered":"<p align=\"justify\">Durante o Encontro de Vendas, a Campanha Transformando Vidas foi lan\u00e7ada pelo Instituto A\u00e7o Cearense para potencializar as a\u00e7\u00f5es realizadas e buscar apoio para promover mais sa\u00fade, educa\u00e7\u00e3o, cultura e esporte na vida de crian\u00e7as, adolescentes, jovens, adultos, idosos e todos que precisam de ajuda.<\/p>\n<p align=\"justify\">O poeta Br\u00e1ulio Bessa foi convidado para contar um pouco da hist\u00f3ria de solidariedade em um v\u00eddeo institucional. Assista:<\/p>\n<p align=\"justify\"><a href=\"https:\/\/www.youtube.com\/watch?v=F3I-06AAWjw\"><img loading=\"lazy\" decoding=\"async\" class=\"size-medium wp-image-8892 aligncenter\" src=\"https:\/\/previews.elleven.digital\/acocearense\/wp-content\/uploads\/2020\/10\/a%C3%A7%C3%A3o-gac-1-300x167.png\" sizes=\"auto, (max-width: 300px) 100vw, 300px\" srcset=\"https:\/\/previews.elleven.digital\/acocearense\/wp-content\/uploads\/2020\/10\/a\u00e7\u00e3o-gac-1-300x167.png 300w, https:\/\/previews.elleven.digital\/acocearense\/wp-content\/uploads\/2020\/10\/a\u00e7\u00e3o-gac-1.png 741w\" alt=\"\" width=\"300\" height=\"167\" \/><\/a><\/p>\n<p>O Instituto A\u00e7o Cearense j\u00e1 desenvolve um trabalho forte na \u00e1rea social h\u00e1 mais de 10 anos no Cear\u00e1, Par\u00e1 e Tocantins, apoiando financeiramente, auxiliando e acompanhando de perto as iniciativas de institui\u00e7\u00f5es sociais. Desde a sua funda\u00e7\u00e3o, j\u00e1 foram investidos mais de R$ 14 milh\u00f5es em 167 institui\u00e7\u00f5es, totalizando mais de 80 mil pessoas beneficiadas.<\/p>\n<p align=\"justify\"><img loading=\"lazy\" decoding=\"async\" class=\"alignright size-medium wp-image-8888\" src=\"https:\/\/previews.elleven.digital\/acocearense\/wp-content\/uploads\/2020\/10\/unnamed-4-225x300.jpg\" sizes=\"auto, (max-width: 225px) 100vw, 225px\" srcset=\"https:\/\/previews.elleven.digital\/acocearense\/wp-content\/uploads\/2020\/10\/unnamed-4-225x300.jpg 225w, https:\/\/previews.elleven.digital\/acocearense\/wp-content\/uploads\/2020\/10\/unnamed-4-768x1024.jpg 768w, https:\/\/previews.elleven.digital\/acocearense\/wp-content\/uploads\/2020\/10\/unnamed-4.jpg 960w\" alt=\"\" width=\"225\" height=\"300\" \/><\/p>\n<p align=\"justify\">Rosemeire Matos, Presidente do Instituto A\u00e7o Cearense e Diretora Administrativa do Grupo A\u00e7o Cearense falou sobre a campanha: \u201cAcreditamos que juntos podemos fazer ainda mais pela sociedade e transformar a vida de muitas pessoas.<\/p>\n<p align=\"justify\">Com mais apoio, podemos ir al\u00e9m e o Instituto A\u00e7o Cearense tem o papel fundamental de acompanhar, auxiliar e distribuir da melhor forma poss\u00edvel tudo que for arrecadado em prol dessas pessoas. Por isso, queremos convidar todos voc\u00eas para fazer parte dessa transforma\u00e7\u00e3o!\u201d<\/p>\n<p align=\"justify\">Agora, a oportunidade de ajudar est\u00e1 nas m\u00e3os de todos que se colocarem \u00e0 disposi\u00e7\u00e3o. Voc\u00ea quer fazer parte dessa transforma\u00e7\u00e3o de vidas? \u00c9 simples:<\/p>\n<ul>\n<li>\n<p align=\"justify\">Fa\u00e7a sua doa\u00e7\u00e3o por transfer\u00eancia banc\u00e1ria ou boleto,\u00a0<u><a href=\"https:\/\/www49.bb.com.br\/pagar-receber\/#\/cm49eyJvcHIiOiJwZyIsImlkIjoiMzYwMDc4MmMtYTExZC00NDBkLThhNTgtM2ZiOWJiYWM1NTQ2IiwicGoiOnRydWV9\">clicando aqui.<\/a><\/u><\/p>\n<\/li>\n<li>\n<p align=\"justify\">Doe pela Plataforma Benfeitoria com cart\u00e3o de cr\u00e9dito ou d\u00e9bito,\u00a0<u><a href=\"https:\/\/benfeitoria.com\/iactransformandovidas\">clicando aqui.<\/a><\/u><\/p>\n<\/li>\n<\/ul>\n","protected":false},"featured_media":2046,"template":"","meta":{"_acf_changed":false,"inline_featured_image":false},"categoria-noticia":[],"class_list":["post-2060","noticia","type-noticia","status-publish","has-post-thumbnail","hentry"],"acf":{"link":""},"yoast_head":"<!-- This site is optimized with the Yoast SEO plugin v25.9 - https:\/\/yoast.com\/wordpress\/plugins\/seo\/ -->\n<title>Instituto A\u00e7o Cearense inicia campanha para promover a transforma\u00e7\u00e3o de mais vidas - Grupo A\u00e7o Cearense<\/title>\n<meta name=\"robots\" content=\"index, follow, max-snippet:-1, max-image-preview:large, max-video-preview:-1\" \/>\n<link rel=\"canonical\" href=\"https:\/\/previews.elleven.digital\/acocearense\/noticia\/instituto-aco-cearense-inicia-campanha-para-promover-a-transformacao-de-mais-vidas\/\" \/>\n<meta property=\"og:locale\" content=\"pt_BR\" \/>\n<meta property=\"og:type\" content=\"article\" \/>\n<meta property=\"og:title\" content=\"Instituto A\u00e7o Cearense inicia campanha para promover a transforma\u00e7\u00e3o de mais vidas - Grupo A\u00e7o Cearense\" \/>\n<meta property=\"og:description\" content=\"Durante o Encontro de Vendas, a Campanha Transformando Vidas foi lan\u00e7ada pelo Instituto A\u00e7o Cearense(...)\" \/>\n<meta property=\"og:url\" content=\"https:\/\/previews.elleven.digital\/acocearense\/noticia\/instituto-aco-cearense-inicia-campanha-para-promover-a-transformacao-de-mais-vidas\/\" \/>\n<meta property=\"og:site_name\" content=\"Grupo A\u00e7o Cearense\" \/>\n<meta property=\"article:modified_time\" content=\"2025-05-07T20:00:18+00:00\" \/>\n<meta property=\"og:image\" content=\"https:\/\/previews.elleven.digital\/acocearense\/wp-content\/uploads\/2025\/05\/unnamed-3.png\" \/>\n\t<meta property=\"og:image:width\" content=\"564\" \/>\n\t<meta property=\"og:image:height\" content=\"530\" \/>\n\t<meta property=\"og:image:type\" content=\"image\/png\" \/>\n<meta name=\"twitter:card\" content=\"summary_large_image\" \/>\n<meta name=\"twitter:label1\" content=\"Est. tempo de leitura\" \/>\n\t<meta name=\"twitter:data1\" content=\"2 minutos\" \/>\n<script type=\"application\/ld+json\" class=\"yoast-schema-graph\">{\"@context\":\"https:\/\/schema.org\",\"@graph\":[{\"@type\":\"WebPage\",\"@id\":\"https:\/\/previews.elleven.digital\/acocearense\/noticia\/instituto-aco-cearense-inicia-campanha-para-promover-a-transformacao-de-mais-vidas\/\",\"url\":\"https:\/\/previews.elleven.digital\/acocearense\/noticia\/instituto-aco-cearense-inicia-campanha-para-promover-a-transformacao-de-mais-vidas\/\",\"name\":\"Instituto A\u00e7o Cearense inicia campanha para promover a transforma\u00e7\u00e3o de mais vidas - Grupo A\u00e7o Cearense\",\"isPartOf\":{\"@id\":\"https:\/\/previews.elleven.digital\/acocearense\/#website\"},\"primaryImageOfPage\":{\"@id\":\"https:\/\/previews.elleven.digital\/acocearense\/noticia\/instituto-aco-cearense-inicia-campanha-para-promover-a-transformacao-de-mais-vidas\/#primaryimage\"},\"image\":{\"@id\":\"https:\/\/previews.elleven.digital\/acocearense\/noticia\/instituto-aco-cearense-inicia-campanha-para-promover-a-transformacao-de-mais-vidas\/#primaryimage\"},\"thumbnailUrl\":\"https:\/\/previews.elleven.digital\/acocearense\/wp-content\/uploads\/2025\/05\/unnamed-3.png\",\"datePublished\":\"2020-10-01T19:59:50+00:00\",\"dateModified\":\"2025-05-07T20:00:18+00:00\",\"breadcrumb\":{\"@id\":\"https:\/\/previews.elleven.digital\/acocearense\/noticia\/instituto-aco-cearense-inicia-campanha-para-promover-a-transformacao-de-mais-vidas\/#breadcrumb\"},\"inLanguage\":\"pt-BR\",\"potentialAction\":[{\"@type\":\"ReadAction\",\"target\":[\"https:\/\/previews.elleven.digital\/acocearense\/noticia\/instituto-aco-cearense-inicia-campanha-para-promover-a-transformacao-de-mais-vidas\/\"]}]},{\"@type\":\"ImageObject\",\"inLanguage\":\"pt-BR\",\"@id\":\"https:\/\/previews.elleven.digital\/acocearense\/noticia\/instituto-aco-cearense-inicia-campanha-para-promover-a-transformacao-de-mais-vidas\/#primaryimage\",\"url\":\"https:\/\/previews.elleven.digital\/acocearense\/wp-content\/uploads\/2025\/05\/unnamed-3.png\",\"contentUrl\":\"https:\/\/previews.elleven.digital\/acocearense\/wp-content\/uploads\/2025\/05\/unnamed-3.png\",\"width\":564,\"height\":530},{\"@type\":\"BreadcrumbList\",\"@id\":\"https:\/\/previews.elleven.digital\/acocearense\/noticia\/instituto-aco-cearense-inicia-campanha-para-promover-a-transformacao-de-mais-vidas\/#breadcrumb\",\"itemListElement\":[{\"@type\":\"ListItem\",\"position\":1,\"name\":\"In\u00edcio\",\"item\":\"https:\/\/previews.elleven.digital\/acocearense\/\"},{\"@type\":\"ListItem\",\"position\":2,\"name\":\"Not\u00edcias\",\"item\":\"https:\/\/previews.elleven.digital\/acocearense\/noticias\/\"},{\"@type\":\"ListItem\",\"position\":3,\"name\":\"Instituto A\u00e7o Cearense inicia campanha para promover a transforma\u00e7\u00e3o de mais vidas\"}]},{\"@type\":\"WebSite\",\"@id\":\"https:\/\/previews.elleven.digital\/acocearense\/#website\",\"url\":\"https:\/\/previews.elleven.digital\/acocearense\/\",\"name\":\"A\u00e7o Cearense\",\"description\":\"H\u00e1 mais de 45 anos no mercado brasileiro do a\u00e7o.\",\"alternateName\":\"A\u00e7o Cearense\",\"potentialAction\":[{\"@type\":\"SearchAction\",\"target\":{\"@type\":\"EntryPoint\",\"urlTemplate\":\"https:\/\/previews.elleven.digital\/acocearense\/?s={search_term_string}\"},\"query-input\":{\"@type\":\"PropertyValueSpecification\",\"valueRequired\":true,\"valueName\":\"search_term_string\"}}],\"inLanguage\":\"pt-BR\"}]}<\/script>\n<!-- \/ Yoast SEO plugin. -->","yoast_head_json":{"title":"Instituto A\u00e7o Cearense inicia campanha para promover a transforma\u00e7\u00e3o de mais vidas - Grupo A\u00e7o Cearense","robots":{"index":"index","follow":"follow","max-snippet":"max-snippet:-1","max-image-preview":"max-image-preview:large","max-video-preview":"max-video-preview:-1"},"canonical":"https:\/\/previews.elleven.digital\/acocearense\/noticia\/instituto-aco-cearense-inicia-campanha-para-promover-a-transformacao-de-mais-vidas\/","og_locale":"pt_BR","og_type":"article","og_title":"Instituto A\u00e7o Cearense inicia campanha para promover a transforma\u00e7\u00e3o de mais vidas - Grupo A\u00e7o Cearense","og_description":"Durante o Encontro de Vendas, a Campanha Transformando Vidas foi lan\u00e7ada pelo Instituto A\u00e7o Cearense(...)","og_url":"https:\/\/previews.elleven.digital\/acocearense\/noticia\/instituto-aco-cearense-inicia-campanha-para-promover-a-transformacao-de-mais-vidas\/","og_site_name":"Grupo A\u00e7o Cearense","article_modified_time":"2025-05-07T20:00:18+00:00","og_image":[{"width":564,"height":530,"url":"https:\/\/previews.elleven.digital\/acocearense\/wp-content\/uploads\/2025\/05\/unnamed-3.png","type":"image\/png"}],"twitter_card":"summary_large_image","twitter_misc":{"Est. tempo de leitura":"2 minutos"},"schema":{"@context":"https:\/\/schema.org","@graph":[{"@type":"WebPage","@id":"https:\/\/previews.elleven.digital\/acocearense\/noticia\/instituto-aco-cearense-inicia-campanha-para-promover-a-transformacao-de-mais-vidas\/","url":"https:\/\/previews.elleven.digital\/acocearense\/noticia\/instituto-aco-cearense-inicia-campanha-para-promover-a-transformacao-de-mais-vidas\/","name":"Instituto A\u00e7o Cearense inicia campanha para promover a transforma\u00e7\u00e3o de mais vidas - Grupo A\u00e7o Cearense","isPartOf":{"@id":"https:\/\/previews.elleven.digital\/acocearense\/#website"},"primaryImageOfPage":{"@id":"https:\/\/previews.elleven.digital\/acocearense\/noticia\/instituto-aco-cearense-inicia-campanha-para-promover-a-transformacao-de-mais-vidas\/#primaryimage"},"image":{"@id":"https:\/\/previews.elleven.digital\/acocearense\/noticia\/instituto-aco-cearense-inicia-campanha-para-promover-a-transformacao-de-mais-vidas\/#primaryimage"},"thumbnailUrl":"https:\/\/previews.elleven.digital\/acocearense\/wp-content\/uploads\/2025\/05\/unnamed-3.png","datePublished":"2020-10-01T19:59:50+00:00","dateModified":"2025-05-07T20:00:18+00:00","breadcrumb":{"@id":"https:\/\/previews.elleven.digital\/acocearense\/noticia\/instituto-aco-cearense-inicia-campanha-para-promover-a-transformacao-de-mais-vidas\/#breadcrumb"},"inLanguage":"pt-BR","potentialAction":[{"@type":"ReadAction","target":["https:\/\/previews.elleven.digital\/acocearense\/noticia\/instituto-aco-cearense-inicia-campanha-para-promover-a-transformacao-de-mais-vidas\/"]}]},{"@type":"ImageObject","inLanguage":"pt-BR","@id":"https:\/\/previews.elleven.digital\/acocearense\/noticia\/instituto-aco-cearense-inicia-campanha-para-promover-a-transformacao-de-mais-vidas\/#primaryimage","url":"https:\/\/previews.elleven.digital\/acocearense\/wp-content\/uploads\/2025\/05\/unnamed-3.png","contentUrl":"https:\/\/previews.elleven.digital\/acocearense\/wp-content\/uploads\/2025\/05\/unnamed-3.png","width":564,"height":530},{"@type":"BreadcrumbList","@id":"https:\/\/previews.elleven.digital\/acocearense\/noticia\/instituto-aco-cearense-inicia-campanha-para-promover-a-transformacao-de-mais-vidas\/#breadcrumb","itemListElement":[{"@type":"ListItem","position":1,"name":"In\u00edcio","item":"https:\/\/previews.elleven.digital\/acocearense\/"},{"@type":"ListItem","position":2,"name":"Not\u00edcias","item":"https:\/\/previews.elleven.digital\/acocearense\/noticias\/"},{"@type":"ListItem","position":3,"name":"Instituto A\u00e7o Cearense inicia campanha para promover a transforma\u00e7\u00e3o de mais vidas"}]},{"@type":"WebSite","@id":"https:\/\/previews.elleven.digital\/acocearense\/#website","url":"https:\/\/previews.elleven.digital\/acocearense\/","name":"A\u00e7o Cearense","description":"H\u00e1 mais de 45 anos no mercado brasileiro do a\u00e7o.","alternateName":"A\u00e7o Cearense","potentialAction":[{"@type":"SearchAction","target":{"@type":"EntryPoint","urlTemplate":"https:\/\/previews.elleven.digital\/acocearense\/?s={search_term_string}"},"query-input":{"@type":"PropertyValueSpecification","valueRequired":true,"valueName":"search_term_string"}}],"inLanguage":"pt-BR"}]}},"_links":{"self":[{"href":"https:\/\/previews.elleven.digital\/acocearense\/wp-json\/wp\/v2\/noticia\/2060","targetHints":{"allow":["GET"]}}],"collection":[{"href":"https:\/\/previews.elleven.digital\/acocearense\/wp-json\/wp\/v2\/noticia"}],"about":[{"href":"https:\/\/previews.elleven.digital\/acocearense\/wp-json\/wp\/v2\/types\/noticia"}],"wp:featuredmedia":[{"embeddable":true,"href":"https:\/\/previews.elleven.digital\/acocearense\/wp-json\/wp\/v2\/media\/2046"}],"wp:attachment":[{"href":"https:\/\/previews.elleven.digital\/acocearense\/wp-json\/wp\/v2\/media?parent=2060"}],"wp:term":[{"taxonomy":"categoria-noticia","embeddable":true,"href":"https:\/\/previews.elleven.digital\/acocearense\/wp-json\/wp\/v2\/categoria-noticia?post=2060"}],"curies":[{"name":"wp","href":"https:\/\/api.w.org\/{rel}","templated":true}]}}