{"id":2057,"date":"2020-09-20T16:57:56","date_gmt":"2020-09-20T19:57:56","guid":{"rendered":"https:\/\/previews.elleven.digital\/acocearense\/?post_type=noticia&#038;p=2057"},"modified":"2025-05-07T16:58:28","modified_gmt":"2025-05-07T19:58:28","slug":"encontro-anual-de-vendas-2020","status":"publish","type":"noticia","link":"https:\/\/previews.elleven.digital\/acocearense\/noticia\/encontro-anual-de-vendas-2020\/","title":{"rendered":"Encontro Anual de Vendas 2020"},"content":{"rendered":"<p>Nos dias 17, 18 e 19 de setembro tivemos a primeira edi\u00e7\u00e3o on-line do Encontro Anual de Vendas, que chamou aten\u00e7\u00e3o por seu formato inovador, que permitiu integrar neste momento de aprendizado e desenvolvimento n\u00e3o s\u00f3 a equipe comercial, mas tamb\u00e9m todos os colaboradores do Grupo A\u00e7o Cearense e nossos clientes.<\/p>\n<p>Muitos colaboradores acompanharam juntos a programa\u00e7\u00e3o do evento, e aproveitaram para registrar seu agradecimento pela oportunidade de participar deste momento.<\/p>\n<p><img loading=\"lazy\" decoding=\"async\" class=\"aligncenter wp-image-8806 size-full\" src=\"https:\/\/previews.elleven.digital\/acocearense\/wp-content\/uploads\/2020\/09\/encontro-anual-de-vendas-grupo.png\" alt=\"\" width=\"500\" height=\"337\" \/><\/p>\n<p>Com uma programa\u00e7\u00e3o rica em conte\u00fado, al\u00e9m dos gestores comerciais Paulo Martins, Amanda Feij\u00f3, Juliano Belle e Newton Jr., o evento contou com palestras de talentos internos como S\u00e9rgio Nottingham (S&amp;OP), M\u00e1rcio do Vale (Marketing), Gilberto Filho (Qualidade) e Valqu\u00edria Ferreira (RH).<\/p>\n<p><img loading=\"lazy\" decoding=\"async\" class=\"aligncenter wp-image-8805 size-full\" src=\"https:\/\/previews.elleven.digital\/acocearense\/wp-content\/uploads\/2020\/09\/foto-encontro-anual.png\" alt=\"\" width=\"800\" height=\"267\" \/><\/p>\n<p>Tamb\u00e9m estiveram presentes grandes nomes do mercado, como os empres\u00e1rios Ricardo Bellino, Marcos Freitas e M\u00e1rcio Giacobelli, al\u00e9m do humorista Haroldo Guimar\u00e3es. Um grande destaque do evento foram as palavras sempre inspiradoras de nosso Presidente, Vilmar Ferreira, dos Vice-Presidentes, Aline Ferreira e Ian Corr\u00eaa, al\u00e9m da Presidente do Instituto A\u00e7o Cearense e Diretora Administrativa, Rosemeire Matos.<\/p>\n<p>Foram tr\u00eas dias de muito aprendizado e desenvolvimento pensados para promover integra\u00e7\u00e3o.<\/p>\n<p>Na pr\u00f3xima semana, todo o conte\u00fado do evento ser\u00e1 disponibilizado para os colaboradores do Grupo A\u00e7o Cearense.<\/p>\n","protected":false},"featured_media":2049,"template":"","meta":{"_acf_changed":false,"inline_featured_image":false},"categoria-noticia":[],"class_list":["post-2057","noticia","type-noticia","status-publish","has-post-thumbnail","hentry"],"acf":{"link":""},"yoast_head":"<!-- This site is optimized with the Yoast SEO plugin v25.9 - https:\/\/yoast.com\/wordpress\/plugins\/seo\/ -->\n<title>Encontro Anual de Vendas 2020 - Grupo A\u00e7o Cearense<\/title>\n<meta name=\"robots\" content=\"index, follow, max-snippet:-1, max-image-preview:large, max-video-preview:-1\" \/>\n<link rel=\"canonical\" href=\"https:\/\/previews.elleven.digital\/acocearense\/noticia\/encontro-anual-de-vendas-2020\/\" \/>\n<meta property=\"og:locale\" content=\"pt_BR\" \/>\n<meta property=\"og:type\" content=\"article\" \/>\n<meta property=\"og:title\" content=\"Encontro Anual de Vendas 2020 - Grupo A\u00e7o Cearense\" \/>\n<meta property=\"og:description\" content=\"Nos dias 17, 18 e 19 de setembro tivemos a primeira edi\u00e7\u00e3o on-line do Encontro(...)\" \/>\n<meta property=\"og:url\" content=\"https:\/\/previews.elleven.digital\/acocearense\/noticia\/encontro-anual-de-vendas-2020\/\" \/>\n<meta property=\"og:site_name\" content=\"Grupo A\u00e7o Cearense\" \/>\n<meta property=\"article:modified_time\" content=\"2025-05-07T19:58:28+00:00\" \/>\n<meta property=\"og:image\" content=\"https:\/\/previews.elleven.digital\/acocearense\/wp-content\/uploads\/2025\/05\/encontro-anual-de-vendas-gac-1.png\" \/>\n\t<meta property=\"og:image:width\" content=\"571\" \/>\n\t<meta property=\"og:image:height\" content=\"429\" \/>\n\t<meta property=\"og:image:type\" content=\"image\/png\" \/>\n<meta name=\"twitter:card\" content=\"summary_large_image\" \/>\n<meta name=\"twitter:label1\" content=\"Est. tempo de leitura\" \/>\n\t<meta name=\"twitter:data1\" content=\"2 minutos\" \/>\n<script type=\"application\/ld+json\" class=\"yoast-schema-graph\">{\"@context\":\"https:\/\/schema.org\",\"@graph\":[{\"@type\":\"WebPage\",\"@id\":\"https:\/\/previews.elleven.digital\/acocearense\/noticia\/encontro-anual-de-vendas-2020\/\",\"url\":\"https:\/\/previews.elleven.digital\/acocearense\/noticia\/encontro-anual-de-vendas-2020\/\",\"name\":\"Encontro Anual de Vendas 2020 - Grupo A\u00e7o Cearense\",\"isPartOf\":{\"@id\":\"https:\/\/previews.elleven.digital\/acocearense\/#website\"},\"primaryImageOfPage\":{\"@id\":\"https:\/\/previews.elleven.digital\/acocearense\/noticia\/encontro-anual-de-vendas-2020\/#primaryimage\"},\"image\":{\"@id\":\"https:\/\/previews.elleven.digital\/acocearense\/noticia\/encontro-anual-de-vendas-2020\/#primaryimage\"},\"thumbnailUrl\":\"https:\/\/previews.elleven.digital\/acocearense\/wp-content\/uploads\/2025\/05\/encontro-anual-de-vendas-gac-1.png\",\"datePublished\":\"2020-09-20T19:57:56+00:00\",\"dateModified\":\"2025-05-07T19:58:28+00:00\",\"breadcrumb\":{\"@id\":\"https:\/\/previews.elleven.digital\/acocearense\/noticia\/encontro-anual-de-vendas-2020\/#breadcrumb\"},\"inLanguage\":\"pt-BR\",\"potentialAction\":[{\"@type\":\"ReadAction\",\"target\":[\"https:\/\/previews.elleven.digital\/acocearense\/noticia\/encontro-anual-de-vendas-2020\/\"]}]},{\"@type\":\"ImageObject\",\"inLanguage\":\"pt-BR\",\"@id\":\"https:\/\/previews.elleven.digital\/acocearense\/noticia\/encontro-anual-de-vendas-2020\/#primaryimage\",\"url\":\"https:\/\/previews.elleven.digital\/acocearense\/wp-content\/uploads\/2025\/05\/encontro-anual-de-vendas-gac-1.png\",\"contentUrl\":\"https:\/\/previews.elleven.digital\/acocearense\/wp-content\/uploads\/2025\/05\/encontro-anual-de-vendas-gac-1.png\",\"width\":571,\"height\":429},{\"@type\":\"BreadcrumbList\",\"@id\":\"https:\/\/previews.elleven.digital\/acocearense\/noticia\/encontro-anual-de-vendas-2020\/#breadcrumb\",\"itemListElement\":[{\"@type\":\"ListItem\",\"position\":1,\"name\":\"In\u00edcio\",\"item\":\"https:\/\/previews.elleven.digital\/acocearense\/\"},{\"@type\":\"ListItem\",\"position\":2,\"name\":\"Not\u00edcias\",\"item\":\"https:\/\/previews.elleven.digital\/acocearense\/noticias\/\"},{\"@type\":\"ListItem\",\"position\":3,\"name\":\"Encontro Anual de Vendas 2020\"}]},{\"@type\":\"WebSite\",\"@id\":\"https:\/\/previews.elleven.digital\/acocearense\/#website\",\"url\":\"https:\/\/previews.elleven.digital\/acocearense\/\",\"name\":\"A\u00e7o Cearense\",\"description\":\"H\u00e1 mais de 45 anos no mercado brasileiro do a\u00e7o.\",\"alternateName\":\"A\u00e7o Cearense\",\"potentialAction\":[{\"@type\":\"SearchAction\",\"target\":{\"@type\":\"EntryPoint\",\"urlTemplate\":\"https:\/\/previews.elleven.digital\/acocearense\/?s={search_term_string}\"},\"query-input\":{\"@type\":\"PropertyValueSpecification\",\"valueRequired\":true,\"valueName\":\"search_term_string\"}}],\"inLanguage\":\"pt-BR\"}]}<\/script>\n<!-- \/ Yoast SEO plugin. -->","yoast_head_json":{"title":"Encontro Anual de Vendas 2020 - Grupo A\u00e7o Cearense","robots":{"index":"index","follow":"follow","max-snippet":"max-snippet:-1","max-image-preview":"max-image-preview:large","max-video-preview":"max-video-preview:-1"},"canonical":"https:\/\/previews.elleven.digital\/acocearense\/noticia\/encontro-anual-de-vendas-2020\/","og_locale":"pt_BR","og_type":"article","og_title":"Encontro Anual de Vendas 2020 - Grupo A\u00e7o Cearense","og_description":"Nos dias 17, 18 e 19 de setembro tivemos a primeira edi\u00e7\u00e3o on-line do Encontro(...)","og_url":"https:\/\/previews.elleven.digital\/acocearense\/noticia\/encontro-anual-de-vendas-2020\/","og_site_name":"Grupo A\u00e7o Cearense","article_modified_time":"2025-05-07T19:58:28+00:00","og_image":[{"width":571,"height":429,"url":"https:\/\/previews.elleven.digital\/acocearense\/wp-content\/uploads\/2025\/05\/encontro-anual-de-vendas-gac-1.png","type":"image\/png"}],"twitter_card":"summary_large_image","twitter_misc":{"Est. tempo de leitura":"2 minutos"},"schema":{"@context":"https:\/\/schema.org","@graph":[{"@type":"WebPage","@id":"https:\/\/previews.elleven.digital\/acocearense\/noticia\/encontro-anual-de-vendas-2020\/","url":"https:\/\/previews.elleven.digital\/acocearense\/noticia\/encontro-anual-de-vendas-2020\/","name":"Encontro Anual de Vendas 2020 - Grupo A\u00e7o Cearense","isPartOf":{"@id":"https:\/\/previews.elleven.digital\/acocearense\/#website"},"primaryImageOfPage":{"@id":"https:\/\/previews.elleven.digital\/acocearense\/noticia\/encontro-anual-de-vendas-2020\/#primaryimage"},"image":{"@id":"https:\/\/previews.elleven.digital\/acocearense\/noticia\/encontro-anual-de-vendas-2020\/#primaryimage"},"thumbnailUrl":"https:\/\/previews.elleven.digital\/acocearense\/wp-content\/uploads\/2025\/05\/encontro-anual-de-vendas-gac-1.png","datePublished":"2020-09-20T19:57:56+00:00","dateModified":"2025-05-07T19:58:28+00:00","breadcrumb":{"@id":"https:\/\/previews.elleven.digital\/acocearense\/noticia\/encontro-anual-de-vendas-2020\/#breadcrumb"},"inLanguage":"pt-BR","potentialAction":[{"@type":"ReadAction","target":["https:\/\/previews.elleven.digital\/acocearense\/noticia\/encontro-anual-de-vendas-2020\/"]}]},{"@type":"ImageObject","inLanguage":"pt-BR","@id":"https:\/\/previews.elleven.digital\/acocearense\/noticia\/encontro-anual-de-vendas-2020\/#primaryimage","url":"https:\/\/previews.elleven.digital\/acocearense\/wp-content\/uploads\/2025\/05\/encontro-anual-de-vendas-gac-1.png","contentUrl":"https:\/\/previews.elleven.digital\/acocearense\/wp-content\/uploads\/2025\/05\/encontro-anual-de-vendas-gac-1.png","width":571,"height":429},{"@type":"BreadcrumbList","@id":"https:\/\/previews.elleven.digital\/acocearense\/noticia\/encontro-anual-de-vendas-2020\/#breadcrumb","itemListElement":[{"@type":"ListItem","position":1,"name":"In\u00edcio","item":"https:\/\/previews.elleven.digital\/acocearense\/"},{"@type":"ListItem","position":2,"name":"Not\u00edcias","item":"https:\/\/previews.elleven.digital\/acocearense\/noticias\/"},{"@type":"ListItem","position":3,"name":"Encontro Anual de Vendas 2020"}]},{"@type":"WebSite","@id":"https:\/\/previews.elleven.digital\/acocearense\/#website","url":"https:\/\/previews.elleven.digital\/acocearense\/","name":"A\u00e7o Cearense","description":"H\u00e1 mais de 45 anos no mercado brasileiro do a\u00e7o.","alternateName":"A\u00e7o Cearense","potentialAction":[{"@type":"SearchAction","target":{"@type":"EntryPoint","urlTemplate":"https:\/\/previews.elleven.digital\/acocearense\/?s={search_term_string}"},"query-input":{"@type":"PropertyValueSpecification","valueRequired":true,"valueName":"search_term_string"}}],"inLanguage":"pt-BR"}]}},"_links":{"self":[{"href":"https:\/\/previews.elleven.digital\/acocearense\/wp-json\/wp\/v2\/noticia\/2057","targetHints":{"allow":["GET"]}}],"collection":[{"href":"https:\/\/previews.elleven.digital\/acocearense\/wp-json\/wp\/v2\/noticia"}],"about":[{"href":"https:\/\/previews.elleven.digital\/acocearense\/wp-json\/wp\/v2\/types\/noticia"}],"wp:featuredmedia":[{"embeddable":true,"href":"https:\/\/previews.elleven.digital\/acocearense\/wp-json\/wp\/v2\/media\/2049"}],"wp:attachment":[{"href":"https:\/\/previews.elleven.digital\/acocearense\/wp-json\/wp\/v2\/media?parent=2057"}],"wp:term":[{"taxonomy":"categoria-noticia","embeddable":true,"href":"https:\/\/previews.elleven.digital\/acocearense\/wp-json\/wp\/v2\/categoria-noticia?post=2057"}],"curies":[{"name":"wp","href":"https:\/\/api.w.org\/{rel}","templated":true}]}}