{"id":2056,"date":"2020-09-14T16:57:13","date_gmt":"2020-09-14T19:57:13","guid":{"rendered":"https:\/\/previews.elleven.digital\/acocearense\/?post_type=noticia&#038;p=2056"},"modified":"2025-05-07T16:57:51","modified_gmt":"2025-05-07T19:57:51","slug":"grupo-aco-cearense-realiza-encontro-anual-de-vendas-on-line","status":"publish","type":"noticia","link":"https:\/\/previews.elleven.digital\/acocearense\/noticia\/grupo-aco-cearense-realiza-encontro-anual-de-vendas-on-line\/","title":{"rendered":"Grupo A\u00e7o Cearense realiza Encontro Anual de Vendas on-line"},"content":{"rendered":"<p>Todos os anos, o Grupo A\u00e7o Cearense promove o Encontro de Vendas para a sua equipe comercial para alinhamento de estrat\u00e9gias e aprendizados, com palestrantes renomados no pa\u00eds e no mundo.<\/p>\n<p>Este ano, em virtude da pandemia do novo coronav\u00edrus, foi preciso reiventar o modelo do evento e adaptar ao formato on-line por quest\u00f5es de seguran\u00e7a sanit\u00e1ria.\u00a0 O Encontro de Vendas ter\u00e1 transmiss\u00e3o ao vivo e acontecer\u00e1 de 17 a 19 de setembro.<\/p>\n<p><img loading=\"lazy\" decoding=\"async\" class=\"alignright size-medium wp-image-8788\" src=\"https:\/\/previews.elleven.digital\/acocearense\/wp-content\/uploads\/2020\/09\/encontro-anual-de-vendas-gac-300x225.png\" alt=\"\" width=\"300\" height=\"225\" \/><\/p>\n<p>Com uma programa\u00e7\u00e3o bem diversificada, o evento proporcionar\u00e1 aos participantes muitas informa\u00e7\u00f5es sobre o mercado do a\u00e7o, orienta\u00e7\u00f5es sobre o Sistema de\u00a0Vendas, atualiza\u00e7\u00f5es fiscais, treinamento sobre Certifica\u00e7\u00f5es e Qualidade.<\/p>\n<p>Entre os palestrantes convidados est\u00e3o\u00a0<strong>Ricardo Bellino<\/strong>, ex-s\u00f3cio de Donald Trump, empres\u00e1rio de sucesso, autor dos livros\u00a0O Poder das Ideias\u00a0e\u00a0Sopa de Pedra;\u00a0<strong>M\u00e1rcio Giacobeli<\/strong>, palestrante e consultor empresarial nas \u00e1reas de lideran\u00e7a, vendas, gest\u00e3o de pessoas e neg\u00f3cios, com mais de 25 anos de experi\u00eancia, e\u00a0<strong>Marcos Freitas<\/strong>, CEO e fundador da Seja Alta Performance, uma das maiores aceleradoras de neg\u00f3cios e resultados do Brasil.<\/p>\n<p>Segundo Paulo Martins, diretor comercial Grupo A\u00e7o Cearense, essa oportunidade ser\u00e1 diferente e muito proveitosa pois ir\u00e1 agregar um n\u00famero maior de pessoas. \u201cEste ano fomos impulsionados a fazer algo diferente e nos adaptamos ao momento.<\/p>\n<p>Al\u00e9m do time de vendas, o evento contar\u00e1 com a presen\u00e7a dos colaboradores do Grupo A\u00e7o Cearense e clientes.\u00a0 Por ser online, \u00e9 poss\u00edvel reunir mais pessoas e compartilhar de forma pr\u00e1tica o aprendizado. No encontro, teremos a oportunidade de discutir nosso modelo de gest\u00e3o, mercado do a\u00e7o e proje\u00e7\u00f5es futuras\u201d, destaca.<\/p>\n","protected":false},"featured_media":2050,"template":"","meta":{"_acf_changed":false,"inline_featured_image":false},"categoria-noticia":[],"class_list":["post-2056","noticia","type-noticia","status-publish","has-post-thumbnail","hentry"],"acf":{"link":""},"yoast_head":"<!-- This site is optimized with the Yoast SEO plugin v25.9 - https:\/\/yoast.com\/wordpress\/plugins\/seo\/ -->\n<title>Grupo A\u00e7o Cearense realiza Encontro Anual de Vendas on-line - Grupo A\u00e7o Cearense<\/title>\n<meta name=\"robots\" content=\"index, follow, max-snippet:-1, max-image-preview:large, max-video-preview:-1\" \/>\n<link rel=\"canonical\" href=\"https:\/\/previews.elleven.digital\/acocearense\/noticia\/grupo-aco-cearense-realiza-encontro-anual-de-vendas-on-line\/\" \/>\n<meta property=\"og:locale\" content=\"pt_BR\" \/>\n<meta property=\"og:type\" content=\"article\" \/>\n<meta property=\"og:title\" content=\"Grupo A\u00e7o Cearense realiza Encontro Anual de Vendas on-line - Grupo A\u00e7o Cearense\" \/>\n<meta property=\"og:description\" content=\"Todos os anos, o Grupo A\u00e7o Cearense promove o Encontro de Vendas para a sua(...)\" \/>\n<meta property=\"og:url\" content=\"https:\/\/previews.elleven.digital\/acocearense\/noticia\/grupo-aco-cearense-realiza-encontro-anual-de-vendas-on-line\/\" \/>\n<meta property=\"og:site_name\" content=\"Grupo A\u00e7o Cearense\" \/>\n<meta property=\"article:modified_time\" content=\"2025-05-07T19:57:51+00:00\" \/>\n<meta property=\"og:image\" content=\"https:\/\/previews.elleven.digital\/acocearense\/wp-content\/uploads\/2025\/05\/encontro-anual-de-vendas-1.png\" \/>\n\t<meta property=\"og:image:width\" content=\"571\" \/>\n\t<meta property=\"og:image:height\" content=\"323\" \/>\n\t<meta property=\"og:image:type\" content=\"image\/png\" \/>\n<meta name=\"twitter:card\" content=\"summary_large_image\" \/>\n<meta name=\"twitter:label1\" content=\"Est. tempo de leitura\" \/>\n\t<meta name=\"twitter:data1\" content=\"2 minutos\" \/>\n<script type=\"application\/ld+json\" class=\"yoast-schema-graph\">{\"@context\":\"https:\/\/schema.org\",\"@graph\":[{\"@type\":\"WebPage\",\"@id\":\"https:\/\/previews.elleven.digital\/acocearense\/noticia\/grupo-aco-cearense-realiza-encontro-anual-de-vendas-on-line\/\",\"url\":\"https:\/\/previews.elleven.digital\/acocearense\/noticia\/grupo-aco-cearense-realiza-encontro-anual-de-vendas-on-line\/\",\"name\":\"Grupo A\u00e7o Cearense realiza Encontro Anual de Vendas on-line - Grupo A\u00e7o Cearense\",\"isPartOf\":{\"@id\":\"https:\/\/previews.elleven.digital\/acocearense\/#website\"},\"primaryImageOfPage\":{\"@id\":\"https:\/\/previews.elleven.digital\/acocearense\/noticia\/grupo-aco-cearense-realiza-encontro-anual-de-vendas-on-line\/#primaryimage\"},\"image\":{\"@id\":\"https:\/\/previews.elleven.digital\/acocearense\/noticia\/grupo-aco-cearense-realiza-encontro-anual-de-vendas-on-line\/#primaryimage\"},\"thumbnailUrl\":\"https:\/\/previews.elleven.digital\/acocearense\/wp-content\/uploads\/2025\/05\/encontro-anual-de-vendas-1.png\",\"datePublished\":\"2020-09-14T19:57:13+00:00\",\"dateModified\":\"2025-05-07T19:57:51+00:00\",\"breadcrumb\":{\"@id\":\"https:\/\/previews.elleven.digital\/acocearense\/noticia\/grupo-aco-cearense-realiza-encontro-anual-de-vendas-on-line\/#breadcrumb\"},\"inLanguage\":\"pt-BR\",\"potentialAction\":[{\"@type\":\"ReadAction\",\"target\":[\"https:\/\/previews.elleven.digital\/acocearense\/noticia\/grupo-aco-cearense-realiza-encontro-anual-de-vendas-on-line\/\"]}]},{\"@type\":\"ImageObject\",\"inLanguage\":\"pt-BR\",\"@id\":\"https:\/\/previews.elleven.digital\/acocearense\/noticia\/grupo-aco-cearense-realiza-encontro-anual-de-vendas-on-line\/#primaryimage\",\"url\":\"https:\/\/previews.elleven.digital\/acocearense\/wp-content\/uploads\/2025\/05\/encontro-anual-de-vendas-1.png\",\"contentUrl\":\"https:\/\/previews.elleven.digital\/acocearense\/wp-content\/uploads\/2025\/05\/encontro-anual-de-vendas-1.png\",\"width\":571,\"height\":323},{\"@type\":\"BreadcrumbList\",\"@id\":\"https:\/\/previews.elleven.digital\/acocearense\/noticia\/grupo-aco-cearense-realiza-encontro-anual-de-vendas-on-line\/#breadcrumb\",\"itemListElement\":[{\"@type\":\"ListItem\",\"position\":1,\"name\":\"In\u00edcio\",\"item\":\"https:\/\/previews.elleven.digital\/acocearense\/\"},{\"@type\":\"ListItem\",\"position\":2,\"name\":\"Not\u00edcias\",\"item\":\"https:\/\/previews.elleven.digital\/acocearense\/noticias\/\"},{\"@type\":\"ListItem\",\"position\":3,\"name\":\"Grupo A\u00e7o Cearense realiza Encontro Anual de Vendas on-line\"}]},{\"@type\":\"WebSite\",\"@id\":\"https:\/\/previews.elleven.digital\/acocearense\/#website\",\"url\":\"https:\/\/previews.elleven.digital\/acocearense\/\",\"name\":\"A\u00e7o Cearense\",\"description\":\"H\u00e1 mais de 45 anos no mercado brasileiro do a\u00e7o.\",\"alternateName\":\"A\u00e7o Cearense\",\"potentialAction\":[{\"@type\":\"SearchAction\",\"target\":{\"@type\":\"EntryPoint\",\"urlTemplate\":\"https:\/\/previews.elleven.digital\/acocearense\/?s={search_term_string}\"},\"query-input\":{\"@type\":\"PropertyValueSpecification\",\"valueRequired\":true,\"valueName\":\"search_term_string\"}}],\"inLanguage\":\"pt-BR\"}]}<\/script>\n<!-- \/ Yoast SEO plugin. -->","yoast_head_json":{"title":"Grupo A\u00e7o Cearense realiza Encontro Anual de Vendas on-line - Grupo A\u00e7o Cearense","robots":{"index":"index","follow":"follow","max-snippet":"max-snippet:-1","max-image-preview":"max-image-preview:large","max-video-preview":"max-video-preview:-1"},"canonical":"https:\/\/previews.elleven.digital\/acocearense\/noticia\/grupo-aco-cearense-realiza-encontro-anual-de-vendas-on-line\/","og_locale":"pt_BR","og_type":"article","og_title":"Grupo A\u00e7o Cearense realiza Encontro Anual de Vendas on-line - Grupo A\u00e7o Cearense","og_description":"Todos os anos, o Grupo A\u00e7o Cearense promove o Encontro de Vendas para a sua(...)","og_url":"https:\/\/previews.elleven.digital\/acocearense\/noticia\/grupo-aco-cearense-realiza-encontro-anual-de-vendas-on-line\/","og_site_name":"Grupo A\u00e7o Cearense","article_modified_time":"2025-05-07T19:57:51+00:00","og_image":[{"width":571,"height":323,"url":"https:\/\/previews.elleven.digital\/acocearense\/wp-content\/uploads\/2025\/05\/encontro-anual-de-vendas-1.png","type":"image\/png"}],"twitter_card":"summary_large_image","twitter_misc":{"Est. tempo de leitura":"2 minutos"},"schema":{"@context":"https:\/\/schema.org","@graph":[{"@type":"WebPage","@id":"https:\/\/previews.elleven.digital\/acocearense\/noticia\/grupo-aco-cearense-realiza-encontro-anual-de-vendas-on-line\/","url":"https:\/\/previews.elleven.digital\/acocearense\/noticia\/grupo-aco-cearense-realiza-encontro-anual-de-vendas-on-line\/","name":"Grupo A\u00e7o Cearense realiza Encontro Anual de Vendas on-line - Grupo A\u00e7o Cearense","isPartOf":{"@id":"https:\/\/previews.elleven.digital\/acocearense\/#website"},"primaryImageOfPage":{"@id":"https:\/\/previews.elleven.digital\/acocearense\/noticia\/grupo-aco-cearense-realiza-encontro-anual-de-vendas-on-line\/#primaryimage"},"image":{"@id":"https:\/\/previews.elleven.digital\/acocearense\/noticia\/grupo-aco-cearense-realiza-encontro-anual-de-vendas-on-line\/#primaryimage"},"thumbnailUrl":"https:\/\/previews.elleven.digital\/acocearense\/wp-content\/uploads\/2025\/05\/encontro-anual-de-vendas-1.png","datePublished":"2020-09-14T19:57:13+00:00","dateModified":"2025-05-07T19:57:51+00:00","breadcrumb":{"@id":"https:\/\/previews.elleven.digital\/acocearense\/noticia\/grupo-aco-cearense-realiza-encontro-anual-de-vendas-on-line\/#breadcrumb"},"inLanguage":"pt-BR","potentialAction":[{"@type":"ReadAction","target":["https:\/\/previews.elleven.digital\/acocearense\/noticia\/grupo-aco-cearense-realiza-encontro-anual-de-vendas-on-line\/"]}]},{"@type":"ImageObject","inLanguage":"pt-BR","@id":"https:\/\/previews.elleven.digital\/acocearense\/noticia\/grupo-aco-cearense-realiza-encontro-anual-de-vendas-on-line\/#primaryimage","url":"https:\/\/previews.elleven.digital\/acocearense\/wp-content\/uploads\/2025\/05\/encontro-anual-de-vendas-1.png","contentUrl":"https:\/\/previews.elleven.digital\/acocearense\/wp-content\/uploads\/2025\/05\/encontro-anual-de-vendas-1.png","width":571,"height":323},{"@type":"BreadcrumbList","@id":"https:\/\/previews.elleven.digital\/acocearense\/noticia\/grupo-aco-cearense-realiza-encontro-anual-de-vendas-on-line\/#breadcrumb","itemListElement":[{"@type":"ListItem","position":1,"name":"In\u00edcio","item":"https:\/\/previews.elleven.digital\/acocearense\/"},{"@type":"ListItem","position":2,"name":"Not\u00edcias","item":"https:\/\/previews.elleven.digital\/acocearense\/noticias\/"},{"@type":"ListItem","position":3,"name":"Grupo A\u00e7o Cearense realiza Encontro Anual de Vendas on-line"}]},{"@type":"WebSite","@id":"https:\/\/previews.elleven.digital\/acocearense\/#website","url":"https:\/\/previews.elleven.digital\/acocearense\/","name":"A\u00e7o Cearense","description":"H\u00e1 mais de 45 anos no mercado brasileiro do a\u00e7o.","alternateName":"A\u00e7o Cearense","potentialAction":[{"@type":"SearchAction","target":{"@type":"EntryPoint","urlTemplate":"https:\/\/previews.elleven.digital\/acocearense\/?s={search_term_string}"},"query-input":{"@type":"PropertyValueSpecification","valueRequired":true,"valueName":"search_term_string"}}],"inLanguage":"pt-BR"}]}},"_links":{"self":[{"href":"https:\/\/previews.elleven.digital\/acocearense\/wp-json\/wp\/v2\/noticia\/2056","targetHints":{"allow":["GET"]}}],"collection":[{"href":"https:\/\/previews.elleven.digital\/acocearense\/wp-json\/wp\/v2\/noticia"}],"about":[{"href":"https:\/\/previews.elleven.digital\/acocearense\/wp-json\/wp\/v2\/types\/noticia"}],"wp:featuredmedia":[{"embeddable":true,"href":"https:\/\/previews.elleven.digital\/acocearense\/wp-json\/wp\/v2\/media\/2050"}],"wp:attachment":[{"href":"https:\/\/previews.elleven.digital\/acocearense\/wp-json\/wp\/v2\/media?parent=2056"}],"wp:term":[{"taxonomy":"categoria-noticia","embeddable":true,"href":"https:\/\/previews.elleven.digital\/acocearense\/wp-json\/wp\/v2\/categoria-noticia?post=2056"}],"curies":[{"name":"wp","href":"https:\/\/api.w.org\/{rel}","templated":true}]}}