{"id":2055,"date":"2020-09-10T16:56:37","date_gmt":"2020-09-10T19:56:37","guid":{"rendered":"https:\/\/previews.elleven.digital\/acocearense\/?post_type=noticia&#038;p=2055"},"modified":"2025-05-07T16:57:06","modified_gmt":"2025-05-07T19:57:06","slug":"grupo-aco-cearense-adota-acoes-on-line-para-contribuir-com-a-saude-dos-colaboradores","status":"publish","type":"noticia","link":"https:\/\/previews.elleven.digital\/acocearense\/noticia\/grupo-aco-cearense-adota-acoes-on-line-para-contribuir-com-a-saude-dos-colaboradores\/","title":{"rendered":"Grupo A\u00e7o Cearense adota a\u00e7\u00f5es on-line para contribuir com a sa\u00fade dos colaboradores"},"content":{"rendered":"<p>Alguns h\u00e1bitos vieram para ficar e o Grupo A\u00e7o Cearense refor\u00e7a o uso de plataformas digitais para se comunicar com os colaboradores tamb\u00e9m quando o assunto \u00e9 bem-estar.<\/p>\n<p>Com o objetivo de contribuir com a sa\u00fade f\u00edsica e mental nas cinco empresas que fazem parte do Grupo no Cear\u00e1, Par\u00e1 e Tocantins, foram iniciadas algumas a\u00e7\u00f5es como medita\u00e7\u00e3o, gin\u00e1stica laboral e dicas nutricionais. Todos os encontros s\u00e3o on-line, aproximando, em uma mesma atividade, colaboradores de sedes e at\u00e9 estados diferentes.<\/p>\n<p><img loading=\"lazy\" decoding=\"async\" class=\"alignright size-medium wp-image-8440\" src=\"https:\/\/previews.elleven.digital\/acocearense\/wp-content\/uploads\/2020\/08\/momento-zen-300x248.jpg\" sizes=\"auto, (max-width: 300px) 100vw, 300px\" srcset=\"https:\/\/previews.elleven.digital\/acocearense\/wp-content\/uploads\/2020\/08\/momento-zen-300x248.jpg 300w, https:\/\/previews.elleven.digital\/acocearense\/wp-content\/uploads\/2020\/08\/momento-zen-768x634.jpg 768w, https:\/\/previews.elleven.digital\/acocearense\/wp-content\/uploads\/2020\/08\/momento-zen-1024x846.jpg 1024w\" alt=\"\" width=\"300\" height=\"248\" \/>Entre as iniciativas est\u00e3oos projetos \u201cMomento Zen\u201d, \u201cGin\u00e1stica Laboral\u201d e o \u201cDicas da Nutri\u201d. O Momento Zen proporciona 20\u00a0minutos de relaxamento no hor\u00e1rio de almo\u00e7o com aulas on-line de medita\u00e7\u00e3o, que acontecem\u00a0semanalmente. O link \u00e9 disponibilizado por e-mail e aplicativos de mensagens, e os interessados podem participar da atividade por meio da plataforma\u00a0Microsoft Teams.<\/p>\n<p>\u201cEstamos apostando tamb\u00e9m em gin\u00e1stica laboral para contribuir com a melhoria da qualidade de vida dos nossos colaboradores. Eles ter\u00e3o a possibilidade de participar ao vivo ou escolher o momento mais adequado, uma vez que as aulas ficar\u00e3o salvas em nossa plataforma.<\/p>\n<p>Esse movimento teve participa\u00e7\u00e3o dos gestores, que puderam contribuir com sugest\u00f5es\u201d, acrescentou Eliana Freitas, Coordenadora de Qualidade de Vida e Benef\u00edcios.<\/p>\n<p><img loading=\"lazy\" decoding=\"async\" class=\"alignright size-medium wp-image-8645\" src=\"https:\/\/previews.elleven.digital\/acocearense\/wp-content\/uploads\/2020\/09\/dicas-da0nutri-300x169.png\" alt=\"\" width=\"300\" height=\"169\" \/>J\u00e1 as dicas nutricionais \u201cDicas da Nutri\u201d s\u00e3o enviadas\u00a0nas\u00a0m\u00eddias da empresa, com orienta\u00e7\u00f5es das nutricionistas das unidades\u00a0do Grupo com dicas gerais sobre alimenta\u00e7\u00e3o saud\u00e1vel\u00a0em tempos de pandemia.<\/p>\n<p>Essa estrat\u00e9gia foi pensada como uma forma de contribuir com a sa\u00fade dos colaboradores, melhorando a imunidade e orientando sobre h\u00e1bitos que devem\u00a0ser\u00a0adotados e intensificados no momento atual.<\/p>\n<p>A gerente de Recursos Humanos, Valqu\u00edria Ferreira, explica que\u00a0as\u00a0a\u00e7\u00f5es foram pensadas como suporte para o momento da pandemia\u00a0de Covid-19. \u201cSempre estivemos atentos \u00e0s condi\u00e7\u00f5es f\u00edsicas e psicol\u00f3gicas dos nossos colaboradores e procuramos sempre contribuir de forma mais ativa.<\/p>\n<p>O bem-estar deles em rela\u00e7\u00e3o \u00e0 sa\u00fade emocional e o cuidado com a alimenta\u00e7\u00e3o reverbera tamb\u00e9m no ambiente de trabalho, na disposi\u00e7\u00e3o e nas rela\u00e7\u00f5es profissionais\u201d, explica a gestora.<\/p>\n","protected":false},"featured_media":2051,"template":"","meta":{"_acf_changed":false,"inline_featured_image":false},"categoria-noticia":[],"class_list":["post-2055","noticia","type-noticia","status-publish","has-post-thumbnail","hentry"],"acf":{"link":""},"yoast_head":"<!-- This site is optimized with the Yoast SEO plugin v25.9 - https:\/\/yoast.com\/wordpress\/plugins\/seo\/ -->\n<title>Grupo A\u00e7o Cearense adota a\u00e7\u00f5es on-line para contribuir com a sa\u00fade dos colaboradores - Grupo A\u00e7o Cearense<\/title>\n<meta name=\"robots\" content=\"index, follow, max-snippet:-1, max-image-preview:large, max-video-preview:-1\" \/>\n<link rel=\"canonical\" href=\"https:\/\/previews.elleven.digital\/acocearense\/noticia\/grupo-aco-cearense-adota-acoes-on-line-para-contribuir-com-a-saude-dos-colaboradores\/\" \/>\n<meta property=\"og:locale\" content=\"pt_BR\" \/>\n<meta property=\"og:type\" content=\"article\" \/>\n<meta property=\"og:title\" content=\"Grupo A\u00e7o Cearense adota a\u00e7\u00f5es on-line para contribuir com a sa\u00fade dos colaboradores - Grupo A\u00e7o Cearense\" \/>\n<meta property=\"og:description\" content=\"Alguns h\u00e1bitos vieram para ficar e o Grupo A\u00e7o Cearense refor\u00e7a o uso de plataformas(...)\" \/>\n<meta property=\"og:url\" content=\"https:\/\/previews.elleven.digital\/acocearense\/noticia\/grupo-aco-cearense-adota-acoes-on-line-para-contribuir-com-a-saude-dos-colaboradores\/\" \/>\n<meta property=\"og:site_name\" content=\"Grupo A\u00e7o Cearense\" \/>\n<meta property=\"article:modified_time\" content=\"2025-05-07T19:57:06+00:00\" \/>\n<meta property=\"og:image\" content=\"https:\/\/previews.elleven.digital\/acocearense\/wp-content\/uploads\/2025\/05\/saude-gac-1.png\" \/>\n\t<meta property=\"og:image:width\" content=\"432\" \/>\n\t<meta property=\"og:image:height\" content=\"325\" \/>\n\t<meta property=\"og:image:type\" content=\"image\/png\" \/>\n<meta name=\"twitter:card\" content=\"summary_large_image\" \/>\n<meta name=\"twitter:label1\" content=\"Est. tempo de leitura\" \/>\n\t<meta name=\"twitter:data1\" content=\"3 minutos\" \/>\n<script type=\"application\/ld+json\" class=\"yoast-schema-graph\">{\"@context\":\"https:\/\/schema.org\",\"@graph\":[{\"@type\":\"WebPage\",\"@id\":\"https:\/\/previews.elleven.digital\/acocearense\/noticia\/grupo-aco-cearense-adota-acoes-on-line-para-contribuir-com-a-saude-dos-colaboradores\/\",\"url\":\"https:\/\/previews.elleven.digital\/acocearense\/noticia\/grupo-aco-cearense-adota-acoes-on-line-para-contribuir-com-a-saude-dos-colaboradores\/\",\"name\":\"Grupo A\u00e7o Cearense adota a\u00e7\u00f5es on-line para contribuir com a sa\u00fade dos colaboradores - Grupo A\u00e7o Cearense\",\"isPartOf\":{\"@id\":\"https:\/\/previews.elleven.digital\/acocearense\/#website\"},\"primaryImageOfPage\":{\"@id\":\"https:\/\/previews.elleven.digital\/acocearense\/noticia\/grupo-aco-cearense-adota-acoes-on-line-para-contribuir-com-a-saude-dos-colaboradores\/#primaryimage\"},\"image\":{\"@id\":\"https:\/\/previews.elleven.digital\/acocearense\/noticia\/grupo-aco-cearense-adota-acoes-on-line-para-contribuir-com-a-saude-dos-colaboradores\/#primaryimage\"},\"thumbnailUrl\":\"https:\/\/previews.elleven.digital\/acocearense\/wp-content\/uploads\/2025\/05\/saude-gac-1.png\",\"datePublished\":\"2020-09-10T19:56:37+00:00\",\"dateModified\":\"2025-05-07T19:57:06+00:00\",\"breadcrumb\":{\"@id\":\"https:\/\/previews.elleven.digital\/acocearense\/noticia\/grupo-aco-cearense-adota-acoes-on-line-para-contribuir-com-a-saude-dos-colaboradores\/#breadcrumb\"},\"inLanguage\":\"pt-BR\",\"potentialAction\":[{\"@type\":\"ReadAction\",\"target\":[\"https:\/\/previews.elleven.digital\/acocearense\/noticia\/grupo-aco-cearense-adota-acoes-on-line-para-contribuir-com-a-saude-dos-colaboradores\/\"]}]},{\"@type\":\"ImageObject\",\"inLanguage\":\"pt-BR\",\"@id\":\"https:\/\/previews.elleven.digital\/acocearense\/noticia\/grupo-aco-cearense-adota-acoes-on-line-para-contribuir-com-a-saude-dos-colaboradores\/#primaryimage\",\"url\":\"https:\/\/previews.elleven.digital\/acocearense\/wp-content\/uploads\/2025\/05\/saude-gac-1.png\",\"contentUrl\":\"https:\/\/previews.elleven.digital\/acocearense\/wp-content\/uploads\/2025\/05\/saude-gac-1.png\",\"width\":432,\"height\":325},{\"@type\":\"BreadcrumbList\",\"@id\":\"https:\/\/previews.elleven.digital\/acocearense\/noticia\/grupo-aco-cearense-adota-acoes-on-line-para-contribuir-com-a-saude-dos-colaboradores\/#breadcrumb\",\"itemListElement\":[{\"@type\":\"ListItem\",\"position\":1,\"name\":\"In\u00edcio\",\"item\":\"https:\/\/previews.elleven.digital\/acocearense\/\"},{\"@type\":\"ListItem\",\"position\":2,\"name\":\"Not\u00edcias\",\"item\":\"https:\/\/previews.elleven.digital\/acocearense\/noticias\/\"},{\"@type\":\"ListItem\",\"position\":3,\"name\":\"Grupo A\u00e7o Cearense adota a\u00e7\u00f5es on-line para contribuir com a sa\u00fade dos colaboradores\"}]},{\"@type\":\"WebSite\",\"@id\":\"https:\/\/previews.elleven.digital\/acocearense\/#website\",\"url\":\"https:\/\/previews.elleven.digital\/acocearense\/\",\"name\":\"A\u00e7o Cearense\",\"description\":\"H\u00e1 mais de 45 anos no mercado brasileiro do a\u00e7o.\",\"alternateName\":\"A\u00e7o Cearense\",\"potentialAction\":[{\"@type\":\"SearchAction\",\"target\":{\"@type\":\"EntryPoint\",\"urlTemplate\":\"https:\/\/previews.elleven.digital\/acocearense\/?s={search_term_string}\"},\"query-input\":{\"@type\":\"PropertyValueSpecification\",\"valueRequired\":true,\"valueName\":\"search_term_string\"}}],\"inLanguage\":\"pt-BR\"}]}<\/script>\n<!-- \/ Yoast SEO plugin. -->","yoast_head_json":{"title":"Grupo A\u00e7o Cearense adota a\u00e7\u00f5es on-line para contribuir com a sa\u00fade dos colaboradores - Grupo A\u00e7o Cearense","robots":{"index":"index","follow":"follow","max-snippet":"max-snippet:-1","max-image-preview":"max-image-preview:large","max-video-preview":"max-video-preview:-1"},"canonical":"https:\/\/previews.elleven.digital\/acocearense\/noticia\/grupo-aco-cearense-adota-acoes-on-line-para-contribuir-com-a-saude-dos-colaboradores\/","og_locale":"pt_BR","og_type":"article","og_title":"Grupo A\u00e7o Cearense adota a\u00e7\u00f5es on-line para contribuir com a sa\u00fade dos colaboradores - Grupo A\u00e7o Cearense","og_description":"Alguns h\u00e1bitos vieram para ficar e o Grupo A\u00e7o Cearense refor\u00e7a o uso de plataformas(...)","og_url":"https:\/\/previews.elleven.digital\/acocearense\/noticia\/grupo-aco-cearense-adota-acoes-on-line-para-contribuir-com-a-saude-dos-colaboradores\/","og_site_name":"Grupo A\u00e7o Cearense","article_modified_time":"2025-05-07T19:57:06+00:00","og_image":[{"width":432,"height":325,"url":"https:\/\/previews.elleven.digital\/acocearense\/wp-content\/uploads\/2025\/05\/saude-gac-1.png","type":"image\/png"}],"twitter_card":"summary_large_image","twitter_misc":{"Est. tempo de leitura":"3 minutos"},"schema":{"@context":"https:\/\/schema.org","@graph":[{"@type":"WebPage","@id":"https:\/\/previews.elleven.digital\/acocearense\/noticia\/grupo-aco-cearense-adota-acoes-on-line-para-contribuir-com-a-saude-dos-colaboradores\/","url":"https:\/\/previews.elleven.digital\/acocearense\/noticia\/grupo-aco-cearense-adota-acoes-on-line-para-contribuir-com-a-saude-dos-colaboradores\/","name":"Grupo A\u00e7o Cearense adota a\u00e7\u00f5es on-line para contribuir com a sa\u00fade dos colaboradores - Grupo A\u00e7o Cearense","isPartOf":{"@id":"https:\/\/previews.elleven.digital\/acocearense\/#website"},"primaryImageOfPage":{"@id":"https:\/\/previews.elleven.digital\/acocearense\/noticia\/grupo-aco-cearense-adota-acoes-on-line-para-contribuir-com-a-saude-dos-colaboradores\/#primaryimage"},"image":{"@id":"https:\/\/previews.elleven.digital\/acocearense\/noticia\/grupo-aco-cearense-adota-acoes-on-line-para-contribuir-com-a-saude-dos-colaboradores\/#primaryimage"},"thumbnailUrl":"https:\/\/previews.elleven.digital\/acocearense\/wp-content\/uploads\/2025\/05\/saude-gac-1.png","datePublished":"2020-09-10T19:56:37+00:00","dateModified":"2025-05-07T19:57:06+00:00","breadcrumb":{"@id":"https:\/\/previews.elleven.digital\/acocearense\/noticia\/grupo-aco-cearense-adota-acoes-on-line-para-contribuir-com-a-saude-dos-colaboradores\/#breadcrumb"},"inLanguage":"pt-BR","potentialAction":[{"@type":"ReadAction","target":["https:\/\/previews.elleven.digital\/acocearense\/noticia\/grupo-aco-cearense-adota-acoes-on-line-para-contribuir-com-a-saude-dos-colaboradores\/"]}]},{"@type":"ImageObject","inLanguage":"pt-BR","@id":"https:\/\/previews.elleven.digital\/acocearense\/noticia\/grupo-aco-cearense-adota-acoes-on-line-para-contribuir-com-a-saude-dos-colaboradores\/#primaryimage","url":"https:\/\/previews.elleven.digital\/acocearense\/wp-content\/uploads\/2025\/05\/saude-gac-1.png","contentUrl":"https:\/\/previews.elleven.digital\/acocearense\/wp-content\/uploads\/2025\/05\/saude-gac-1.png","width":432,"height":325},{"@type":"BreadcrumbList","@id":"https:\/\/previews.elleven.digital\/acocearense\/noticia\/grupo-aco-cearense-adota-acoes-on-line-para-contribuir-com-a-saude-dos-colaboradores\/#breadcrumb","itemListElement":[{"@type":"ListItem","position":1,"name":"In\u00edcio","item":"https:\/\/previews.elleven.digital\/acocearense\/"},{"@type":"ListItem","position":2,"name":"Not\u00edcias","item":"https:\/\/previews.elleven.digital\/acocearense\/noticias\/"},{"@type":"ListItem","position":3,"name":"Grupo A\u00e7o Cearense adota a\u00e7\u00f5es on-line para contribuir com a sa\u00fade dos colaboradores"}]},{"@type":"WebSite","@id":"https:\/\/previews.elleven.digital\/acocearense\/#website","url":"https:\/\/previews.elleven.digital\/acocearense\/","name":"A\u00e7o Cearense","description":"H\u00e1 mais de 45 anos no mercado brasileiro do a\u00e7o.","alternateName":"A\u00e7o Cearense","potentialAction":[{"@type":"SearchAction","target":{"@type":"EntryPoint","urlTemplate":"https:\/\/previews.elleven.digital\/acocearense\/?s={search_term_string}"},"query-input":{"@type":"PropertyValueSpecification","valueRequired":true,"valueName":"search_term_string"}}],"inLanguage":"pt-BR"}]}},"_links":{"self":[{"href":"https:\/\/previews.elleven.digital\/acocearense\/wp-json\/wp\/v2\/noticia\/2055","targetHints":{"allow":["GET"]}}],"collection":[{"href":"https:\/\/previews.elleven.digital\/acocearense\/wp-json\/wp\/v2\/noticia"}],"about":[{"href":"https:\/\/previews.elleven.digital\/acocearense\/wp-json\/wp\/v2\/types\/noticia"}],"wp:featuredmedia":[{"embeddable":true,"href":"https:\/\/previews.elleven.digital\/acocearense\/wp-json\/wp\/v2\/media\/2051"}],"wp:attachment":[{"href":"https:\/\/previews.elleven.digital\/acocearense\/wp-json\/wp\/v2\/media?parent=2055"}],"wp:term":[{"taxonomy":"categoria-noticia","embeddable":true,"href":"https:\/\/previews.elleven.digital\/acocearense\/wp-json\/wp\/v2\/categoria-noticia?post=2055"}],"curies":[{"name":"wp","href":"https:\/\/api.w.org\/{rel}","templated":true}]}}