{"id":2054,"date":"2020-09-10T16:55:53","date_gmt":"2020-09-10T19:55:53","guid":{"rendered":"https:\/\/previews.elleven.digital\/acocearense\/?post_type=noticia&#038;p=2054"},"modified":"2025-05-07T16:56:35","modified_gmt":"2025-05-07T19:56:35","slug":"gilberto-silva-conquista-1o-lugar-no-campeonato-cearense-de-ciclismo","status":"publish","type":"noticia","link":"https:\/\/previews.elleven.digital\/acocearense\/noticia\/gilberto-silva-conquista-1o-lugar-no-campeonato-cearense-de-ciclismo\/","title":{"rendered":"Gilberto Silva conquista 1\u00ba lugar no Campeonato Cearense de Ciclismo"},"content":{"rendered":"<p>O atleta patrocinado pelo Instituto A\u00e7o Cearense e tamb\u00e9m motorista do SETRAN na A\u00e7o Cearense Comercial est\u00e1 de volta \u00e0s competi\u00e7\u00f5es de ciclismo. Depois de alguns meses sem participar em raz\u00e3o da pandemia, as provas foram retomadas no Cear\u00e1 e Gilberto Silva j\u00e1 tem o que comemorar. Primeiro colocado no Desafio do Horto de Ciclismo, que aconteceu dia 23 de agosto, o atleta j\u00e1 est\u00e1 entre os primeiros no ranking do Campeonato Cearense.<\/p>\n<p><img loading=\"lazy\" decoding=\"async\" class=\"alignright size-medium wp-image-8650\" src=\"https:\/\/previews.elleven.digital\/acocearense\/wp-content\/uploads\/2020\/09\/atleta-300x225.jpg\" alt=\"\" width=\"300\" height=\"225\" \/><br \/>\nO Desafio do Horto, prova realizada na cidade de Maranguape, tornou-se etapa para o Campeonato Cearense XC (Cross-country- modalidade de ciclismo dentro do Mountain Bike), e, com a vit\u00f3ria, Gilberto passou a ocupar 3\u00ba lugar do ranking cearense. Segundo o ciclista, mesmo com a pandemia, ele n\u00e3o parou de treinar. \u201cComo o ciclismo \u00e9 uma modalidade individual, continuei treinando muito e me preparando para o retorno das provas. Fico feliz que as competi\u00e7\u00f5es estejam voltando com seguran\u00e7a e que meu esfor\u00e7o esteja sendo recompensado\u201d, destaca Gilberto que aguarda o calend\u00e1rio das pr\u00f3ximas provas do Campeonato Cearense para definir suas futuras participa\u00e7\u00f5es.<\/p>\n","protected":false},"featured_media":2052,"template":"","meta":{"_acf_changed":false,"inline_featured_image":false},"categoria-noticia":[],"class_list":["post-2054","noticia","type-noticia","status-publish","has-post-thumbnail","hentry"],"acf":{"link":""},"yoast_head":"<!-- This site is optimized with the Yoast SEO plugin v25.9 - https:\/\/yoast.com\/wordpress\/plugins\/seo\/ -->\n<title>Gilberto Silva conquista 1\u00ba lugar no Campeonato Cearense de Ciclismo - Grupo A\u00e7o Cearense<\/title>\n<meta name=\"robots\" content=\"index, follow, max-snippet:-1, max-image-preview:large, max-video-preview:-1\" \/>\n<link rel=\"canonical\" href=\"https:\/\/previews.elleven.digital\/acocearense\/noticia\/gilberto-silva-conquista-1o-lugar-no-campeonato-cearense-de-ciclismo\/\" \/>\n<meta property=\"og:locale\" content=\"pt_BR\" \/>\n<meta property=\"og:type\" content=\"article\" \/>\n<meta property=\"og:title\" content=\"Gilberto Silva conquista 1\u00ba lugar no Campeonato Cearense de Ciclismo - Grupo A\u00e7o Cearense\" \/>\n<meta property=\"og:description\" content=\"O atleta patrocinado pelo Instituto A\u00e7o Cearense e tamb\u00e9m motorista do SETRAN na A\u00e7o Cearense(...)\" \/>\n<meta property=\"og:url\" content=\"https:\/\/previews.elleven.digital\/acocearense\/noticia\/gilberto-silva-conquista-1o-lugar-no-campeonato-cearense-de-ciclismo\/\" \/>\n<meta property=\"og:site_name\" content=\"Grupo A\u00e7o Cearense\" \/>\n<meta property=\"article:modified_time\" content=\"2025-05-07T19:56:35+00:00\" \/>\n<meta property=\"og:image\" content=\"https:\/\/previews.elleven.digital\/acocearense\/wp-content\/uploads\/2025\/05\/gac-atleta-1.png\" \/>\n\t<meta property=\"og:image:width\" content=\"459\" \/>\n\t<meta property=\"og:image:height\" content=\"459\" \/>\n\t<meta property=\"og:image:type\" content=\"image\/png\" \/>\n<meta name=\"twitter:card\" content=\"summary_large_image\" \/>\n<meta name=\"twitter:label1\" content=\"Est. tempo de leitura\" \/>\n\t<meta name=\"twitter:data1\" content=\"2 minutos\" \/>\n<script type=\"application\/ld+json\" class=\"yoast-schema-graph\">{\"@context\":\"https:\/\/schema.org\",\"@graph\":[{\"@type\":\"WebPage\",\"@id\":\"https:\/\/previews.elleven.digital\/acocearense\/noticia\/gilberto-silva-conquista-1o-lugar-no-campeonato-cearense-de-ciclismo\/\",\"url\":\"https:\/\/previews.elleven.digital\/acocearense\/noticia\/gilberto-silva-conquista-1o-lugar-no-campeonato-cearense-de-ciclismo\/\",\"name\":\"Gilberto Silva conquista 1\u00ba lugar no Campeonato Cearense de Ciclismo - Grupo A\u00e7o Cearense\",\"isPartOf\":{\"@id\":\"https:\/\/previews.elleven.digital\/acocearense\/#website\"},\"primaryImageOfPage\":{\"@id\":\"https:\/\/previews.elleven.digital\/acocearense\/noticia\/gilberto-silva-conquista-1o-lugar-no-campeonato-cearense-de-ciclismo\/#primaryimage\"},\"image\":{\"@id\":\"https:\/\/previews.elleven.digital\/acocearense\/noticia\/gilberto-silva-conquista-1o-lugar-no-campeonato-cearense-de-ciclismo\/#primaryimage\"},\"thumbnailUrl\":\"https:\/\/previews.elleven.digital\/acocearense\/wp-content\/uploads\/2025\/05\/gac-atleta-1.png\",\"datePublished\":\"2020-09-10T19:55:53+00:00\",\"dateModified\":\"2025-05-07T19:56:35+00:00\",\"breadcrumb\":{\"@id\":\"https:\/\/previews.elleven.digital\/acocearense\/noticia\/gilberto-silva-conquista-1o-lugar-no-campeonato-cearense-de-ciclismo\/#breadcrumb\"},\"inLanguage\":\"pt-BR\",\"potentialAction\":[{\"@type\":\"ReadAction\",\"target\":[\"https:\/\/previews.elleven.digital\/acocearense\/noticia\/gilberto-silva-conquista-1o-lugar-no-campeonato-cearense-de-ciclismo\/\"]}]},{\"@type\":\"ImageObject\",\"inLanguage\":\"pt-BR\",\"@id\":\"https:\/\/previews.elleven.digital\/acocearense\/noticia\/gilberto-silva-conquista-1o-lugar-no-campeonato-cearense-de-ciclismo\/#primaryimage\",\"url\":\"https:\/\/previews.elleven.digital\/acocearense\/wp-content\/uploads\/2025\/05\/gac-atleta-1.png\",\"contentUrl\":\"https:\/\/previews.elleven.digital\/acocearense\/wp-content\/uploads\/2025\/05\/gac-atleta-1.png\",\"width\":459,\"height\":459},{\"@type\":\"BreadcrumbList\",\"@id\":\"https:\/\/previews.elleven.digital\/acocearense\/noticia\/gilberto-silva-conquista-1o-lugar-no-campeonato-cearense-de-ciclismo\/#breadcrumb\",\"itemListElement\":[{\"@type\":\"ListItem\",\"position\":1,\"name\":\"In\u00edcio\",\"item\":\"https:\/\/previews.elleven.digital\/acocearense\/\"},{\"@type\":\"ListItem\",\"position\":2,\"name\":\"Not\u00edcias\",\"item\":\"https:\/\/previews.elleven.digital\/acocearense\/noticias\/\"},{\"@type\":\"ListItem\",\"position\":3,\"name\":\"Gilberto Silva conquista 1\u00ba lugar no Campeonato Cearense de Ciclismo\"}]},{\"@type\":\"WebSite\",\"@id\":\"https:\/\/previews.elleven.digital\/acocearense\/#website\",\"url\":\"https:\/\/previews.elleven.digital\/acocearense\/\",\"name\":\"A\u00e7o Cearense\",\"description\":\"H\u00e1 mais de 45 anos no mercado brasileiro do a\u00e7o.\",\"alternateName\":\"A\u00e7o Cearense\",\"potentialAction\":[{\"@type\":\"SearchAction\",\"target\":{\"@type\":\"EntryPoint\",\"urlTemplate\":\"https:\/\/previews.elleven.digital\/acocearense\/?s={search_term_string}\"},\"query-input\":{\"@type\":\"PropertyValueSpecification\",\"valueRequired\":true,\"valueName\":\"search_term_string\"}}],\"inLanguage\":\"pt-BR\"}]}<\/script>\n<!-- \/ Yoast SEO plugin. -->","yoast_head_json":{"title":"Gilberto Silva conquista 1\u00ba lugar no Campeonato Cearense de Ciclismo - Grupo A\u00e7o Cearense","robots":{"index":"index","follow":"follow","max-snippet":"max-snippet:-1","max-image-preview":"max-image-preview:large","max-video-preview":"max-video-preview:-1"},"canonical":"https:\/\/previews.elleven.digital\/acocearense\/noticia\/gilberto-silva-conquista-1o-lugar-no-campeonato-cearense-de-ciclismo\/","og_locale":"pt_BR","og_type":"article","og_title":"Gilberto Silva conquista 1\u00ba lugar no Campeonato Cearense de Ciclismo - Grupo A\u00e7o Cearense","og_description":"O atleta patrocinado pelo Instituto A\u00e7o Cearense e tamb\u00e9m motorista do SETRAN na A\u00e7o Cearense(...)","og_url":"https:\/\/previews.elleven.digital\/acocearense\/noticia\/gilberto-silva-conquista-1o-lugar-no-campeonato-cearense-de-ciclismo\/","og_site_name":"Grupo A\u00e7o Cearense","article_modified_time":"2025-05-07T19:56:35+00:00","og_image":[{"width":459,"height":459,"url":"https:\/\/previews.elleven.digital\/acocearense\/wp-content\/uploads\/2025\/05\/gac-atleta-1.png","type":"image\/png"}],"twitter_card":"summary_large_image","twitter_misc":{"Est. tempo de leitura":"2 minutos"},"schema":{"@context":"https:\/\/schema.org","@graph":[{"@type":"WebPage","@id":"https:\/\/previews.elleven.digital\/acocearense\/noticia\/gilberto-silva-conquista-1o-lugar-no-campeonato-cearense-de-ciclismo\/","url":"https:\/\/previews.elleven.digital\/acocearense\/noticia\/gilberto-silva-conquista-1o-lugar-no-campeonato-cearense-de-ciclismo\/","name":"Gilberto Silva conquista 1\u00ba lugar no Campeonato Cearense de Ciclismo - Grupo A\u00e7o Cearense","isPartOf":{"@id":"https:\/\/previews.elleven.digital\/acocearense\/#website"},"primaryImageOfPage":{"@id":"https:\/\/previews.elleven.digital\/acocearense\/noticia\/gilberto-silva-conquista-1o-lugar-no-campeonato-cearense-de-ciclismo\/#primaryimage"},"image":{"@id":"https:\/\/previews.elleven.digital\/acocearense\/noticia\/gilberto-silva-conquista-1o-lugar-no-campeonato-cearense-de-ciclismo\/#primaryimage"},"thumbnailUrl":"https:\/\/previews.elleven.digital\/acocearense\/wp-content\/uploads\/2025\/05\/gac-atleta-1.png","datePublished":"2020-09-10T19:55:53+00:00","dateModified":"2025-05-07T19:56:35+00:00","breadcrumb":{"@id":"https:\/\/previews.elleven.digital\/acocearense\/noticia\/gilberto-silva-conquista-1o-lugar-no-campeonato-cearense-de-ciclismo\/#breadcrumb"},"inLanguage":"pt-BR","potentialAction":[{"@type":"ReadAction","target":["https:\/\/previews.elleven.digital\/acocearense\/noticia\/gilberto-silva-conquista-1o-lugar-no-campeonato-cearense-de-ciclismo\/"]}]},{"@type":"ImageObject","inLanguage":"pt-BR","@id":"https:\/\/previews.elleven.digital\/acocearense\/noticia\/gilberto-silva-conquista-1o-lugar-no-campeonato-cearense-de-ciclismo\/#primaryimage","url":"https:\/\/previews.elleven.digital\/acocearense\/wp-content\/uploads\/2025\/05\/gac-atleta-1.png","contentUrl":"https:\/\/previews.elleven.digital\/acocearense\/wp-content\/uploads\/2025\/05\/gac-atleta-1.png","width":459,"height":459},{"@type":"BreadcrumbList","@id":"https:\/\/previews.elleven.digital\/acocearense\/noticia\/gilberto-silva-conquista-1o-lugar-no-campeonato-cearense-de-ciclismo\/#breadcrumb","itemListElement":[{"@type":"ListItem","position":1,"name":"In\u00edcio","item":"https:\/\/previews.elleven.digital\/acocearense\/"},{"@type":"ListItem","position":2,"name":"Not\u00edcias","item":"https:\/\/previews.elleven.digital\/acocearense\/noticias\/"},{"@type":"ListItem","position":3,"name":"Gilberto Silva conquista 1\u00ba lugar no Campeonato Cearense de Ciclismo"}]},{"@type":"WebSite","@id":"https:\/\/previews.elleven.digital\/acocearense\/#website","url":"https:\/\/previews.elleven.digital\/acocearense\/","name":"A\u00e7o Cearense","description":"H\u00e1 mais de 45 anos no mercado brasileiro do a\u00e7o.","alternateName":"A\u00e7o Cearense","potentialAction":[{"@type":"SearchAction","target":{"@type":"EntryPoint","urlTemplate":"https:\/\/previews.elleven.digital\/acocearense\/?s={search_term_string}"},"query-input":{"@type":"PropertyValueSpecification","valueRequired":true,"valueName":"search_term_string"}}],"inLanguage":"pt-BR"}]}},"_links":{"self":[{"href":"https:\/\/previews.elleven.digital\/acocearense\/wp-json\/wp\/v2\/noticia\/2054","targetHints":{"allow":["GET"]}}],"collection":[{"href":"https:\/\/previews.elleven.digital\/acocearense\/wp-json\/wp\/v2\/noticia"}],"about":[{"href":"https:\/\/previews.elleven.digital\/acocearense\/wp-json\/wp\/v2\/types\/noticia"}],"wp:featuredmedia":[{"embeddable":true,"href":"https:\/\/previews.elleven.digital\/acocearense\/wp-json\/wp\/v2\/media\/2052"}],"wp:attachment":[{"href":"https:\/\/previews.elleven.digital\/acocearense\/wp-json\/wp\/v2\/media?parent=2054"}],"wp:term":[{"taxonomy":"categoria-noticia","embeddable":true,"href":"https:\/\/previews.elleven.digital\/acocearense\/wp-json\/wp\/v2\/categoria-noticia?post=2054"}],"curies":[{"name":"wp","href":"https:\/\/api.w.org\/{rel}","templated":true}]}}