{"id":2043,"date":"2020-09-03T16:52:48","date_gmt":"2020-09-03T19:52:48","guid":{"rendered":"https:\/\/previews.elleven.digital\/acocearense\/?post_type=noticia&#038;p=2043"},"modified":"2025-05-07T16:55:51","modified_gmt":"2025-05-07T19:55:51","slug":"grupo-aco-cearense-apresenta-case-de-sucesso-em-webinar-da-sap","status":"publish","type":"noticia","link":"https:\/\/previews.elleven.digital\/acocearense\/noticia\/grupo-aco-cearense-apresenta-case-de-sucesso-em-webinar-da-sap\/","title":{"rendered":"Grupo A\u00e7o Cearense apresenta case de sucesso em webinar da SAP"},"content":{"rendered":"<p>Investir em ferramentas e sistemas que tragam solu\u00e7\u00f5es inteligentes e \u00e1geis \u00e9 um grande diferencial buscado pelo Grupo A\u00e7o Cearense. Assim, com o prop\u00f3sito de compartilhar experi\u00eancias de sucesso sobre inova\u00e7\u00e3o e tecnologia, colaboradores da nossa equipe de TI participaram do webinar Caf\u00e9 e Inova\u00e7\u00e3o, da SAP, na \u00faltima sexta-feira (28).<\/p>\n<p><img loading=\"lazy\" decoding=\"async\" class=\"alignright size-medium wp-image-8576\" src=\"https:\/\/previews.elleven.digital\/acocearense\/wp-content\/uploads\/2020\/09\/webinar-participantes-300x227.jpg\" alt=\"\" width=\"300\" height=\"227\" \/><br \/>\nNa ocasi\u00e3o, Manuel Robalinho, Especialista em TI, e Alexandre Faraco, Coordenador SAP, falaram do projeto SAP\u00a0AnalyticsCloud (SAC)\u00a0que utilizaram para otimizar o processo de planejamento or\u00e7ament\u00e1rio e que venceu o pr\u00eamio mundial de inova\u00e7\u00e3o\u00a0SAP\u00a0InnovationAwards 2020.<\/p>\n<p>Segundo Alexandre Faraco, apresentar o case no webinar foi uma \u00f3tima oportunidade para compartilhar o que vem sendo realizado.<\/p>\n<p>\u201cAp\u00f3s vencermos a premia\u00e7\u00e3o, o Grupo A\u00e7o Cearense tornou-se refer\u00eancia mundial na tecnologia SAC, consolidando uma parceria de sucesso com a SAP. Com o aperfei\u00e7oamento dos nossos processos, utilizando as melhores pr\u00e1ticas de neg\u00f3cios\u00a0e com o amadurecimento do nosso time interno, realizamos o planejamento or\u00e7ament\u00e1rio de forma\u00a0din\u00e2mica e flex\u00edvel, em um ambiente Cloud. Com isso, tivemos ganhos significativos na nossa gest\u00e3o or\u00e7ament\u00e1ria\u201d, explica.<\/p>\n<p><img loading=\"lazy\" decoding=\"async\" class=\"alignright wp-image-8577\" src=\"https:\/\/previews.elleven.digital\/acocearense\/wp-content\/uploads\/2020\/09\/Alexandre-faraco-300x300.png\" alt=\"\" width=\"266\" height=\"266\" \/><br \/>\nO mercado est\u00e1 atento a este novo modelo de gest\u00e3o e momentos como este, de compartilhamento de experi\u00eancias, fortalecem a rede de networking.<\/p>\n<p>\u201c\u00c9 gratificante para o Grupo A\u00e7o Cearense o reconhecimento de empresa modelo na gest\u00e3o or\u00e7ament\u00e1ria, temos em nosso DNA\u00a0a inova\u00e7\u00e3o com foco na melhoria cont\u00ednua e pretendemos caminhar ainda mais nessa dire\u00e7\u00e3o\u201d, destaca Alexandre Faraco.<\/p>\n","protected":false},"featured_media":2053,"template":"","meta":{"_acf_changed":false,"inline_featured_image":false},"categoria-noticia":[],"class_list":["post-2043","noticia","type-noticia","status-publish","has-post-thumbnail","hentry"],"acf":{"link":""},"yoast_head":"<!-- This site is optimized with the Yoast SEO plugin v25.9 - https:\/\/yoast.com\/wordpress\/plugins\/seo\/ -->\n<title>Grupo A\u00e7o Cearense apresenta case de sucesso em webinar da SAP - Grupo A\u00e7o Cearense<\/title>\n<meta name=\"robots\" content=\"index, follow, max-snippet:-1, max-image-preview:large, max-video-preview:-1\" \/>\n<link rel=\"canonical\" href=\"https:\/\/previews.elleven.digital\/acocearense\/noticia\/grupo-aco-cearense-apresenta-case-de-sucesso-em-webinar-da-sap\/\" \/>\n<meta property=\"og:locale\" content=\"pt_BR\" \/>\n<meta property=\"og:type\" content=\"article\" \/>\n<meta property=\"og:title\" content=\"Grupo A\u00e7o Cearense apresenta case de sucesso em webinar da SAP - Grupo A\u00e7o Cearense\" \/>\n<meta property=\"og:description\" content=\"Investir em ferramentas e sistemas que tragam solu\u00e7\u00f5es inteligentes e \u00e1geis \u00e9 um grande diferencial(...)\" \/>\n<meta property=\"og:url\" content=\"https:\/\/previews.elleven.digital\/acocearense\/noticia\/grupo-aco-cearense-apresenta-case-de-sucesso-em-webinar-da-sap\/\" \/>\n<meta property=\"og:site_name\" content=\"Grupo A\u00e7o Cearense\" \/>\n<meta property=\"article:modified_time\" content=\"2025-05-07T19:55:51+00:00\" \/>\n<meta property=\"og:image\" content=\"https:\/\/previews.elleven.digital\/acocearense\/wp-content\/uploads\/2025\/05\/webinar-gac-1.jpg\" \/>\n\t<meta property=\"og:image:width\" content=\"1351\" \/>\n\t<meta property=\"og:image:height\" content=\"551\" \/>\n\t<meta property=\"og:image:type\" content=\"image\/jpeg\" \/>\n<meta name=\"twitter:card\" content=\"summary_large_image\" \/>\n<meta name=\"twitter:label1\" content=\"Est. tempo de leitura\" \/>\n\t<meta name=\"twitter:data1\" content=\"2 minutos\" \/>\n<script type=\"application\/ld+json\" class=\"yoast-schema-graph\">{\"@context\":\"https:\/\/schema.org\",\"@graph\":[{\"@type\":\"WebPage\",\"@id\":\"https:\/\/previews.elleven.digital\/acocearense\/noticia\/grupo-aco-cearense-apresenta-case-de-sucesso-em-webinar-da-sap\/\",\"url\":\"https:\/\/previews.elleven.digital\/acocearense\/noticia\/grupo-aco-cearense-apresenta-case-de-sucesso-em-webinar-da-sap\/\",\"name\":\"Grupo A\u00e7o Cearense apresenta case de sucesso em webinar da SAP - Grupo A\u00e7o Cearense\",\"isPartOf\":{\"@id\":\"https:\/\/previews.elleven.digital\/acocearense\/#website\"},\"primaryImageOfPage\":{\"@id\":\"https:\/\/previews.elleven.digital\/acocearense\/noticia\/grupo-aco-cearense-apresenta-case-de-sucesso-em-webinar-da-sap\/#primaryimage\"},\"image\":{\"@id\":\"https:\/\/previews.elleven.digital\/acocearense\/noticia\/grupo-aco-cearense-apresenta-case-de-sucesso-em-webinar-da-sap\/#primaryimage\"},\"thumbnailUrl\":\"https:\/\/previews.elleven.digital\/acocearense\/wp-content\/uploads\/2025\/05\/webinar-gac-1.jpg\",\"datePublished\":\"2020-09-03T19:52:48+00:00\",\"dateModified\":\"2025-05-07T19:55:51+00:00\",\"breadcrumb\":{\"@id\":\"https:\/\/previews.elleven.digital\/acocearense\/noticia\/grupo-aco-cearense-apresenta-case-de-sucesso-em-webinar-da-sap\/#breadcrumb\"},\"inLanguage\":\"pt-BR\",\"potentialAction\":[{\"@type\":\"ReadAction\",\"target\":[\"https:\/\/previews.elleven.digital\/acocearense\/noticia\/grupo-aco-cearense-apresenta-case-de-sucesso-em-webinar-da-sap\/\"]}]},{\"@type\":\"ImageObject\",\"inLanguage\":\"pt-BR\",\"@id\":\"https:\/\/previews.elleven.digital\/acocearense\/noticia\/grupo-aco-cearense-apresenta-case-de-sucesso-em-webinar-da-sap\/#primaryimage\",\"url\":\"https:\/\/previews.elleven.digital\/acocearense\/wp-content\/uploads\/2025\/05\/webinar-gac-1.jpg\",\"contentUrl\":\"https:\/\/previews.elleven.digital\/acocearense\/wp-content\/uploads\/2025\/05\/webinar-gac-1.jpg\",\"width\":1351,\"height\":551},{\"@type\":\"BreadcrumbList\",\"@id\":\"https:\/\/previews.elleven.digital\/acocearense\/noticia\/grupo-aco-cearense-apresenta-case-de-sucesso-em-webinar-da-sap\/#breadcrumb\",\"itemListElement\":[{\"@type\":\"ListItem\",\"position\":1,\"name\":\"In\u00edcio\",\"item\":\"https:\/\/previews.elleven.digital\/acocearense\/\"},{\"@type\":\"ListItem\",\"position\":2,\"name\":\"Not\u00edcias\",\"item\":\"https:\/\/previews.elleven.digital\/acocearense\/noticias\/\"},{\"@type\":\"ListItem\",\"position\":3,\"name\":\"Grupo A\u00e7o Cearense apresenta case de sucesso em webinar da SAP\"}]},{\"@type\":\"WebSite\",\"@id\":\"https:\/\/previews.elleven.digital\/acocearense\/#website\",\"url\":\"https:\/\/previews.elleven.digital\/acocearense\/\",\"name\":\"A\u00e7o Cearense\",\"description\":\"H\u00e1 mais de 45 anos no mercado brasileiro do a\u00e7o.\",\"alternateName\":\"A\u00e7o Cearense\",\"potentialAction\":[{\"@type\":\"SearchAction\",\"target\":{\"@type\":\"EntryPoint\",\"urlTemplate\":\"https:\/\/previews.elleven.digital\/acocearense\/?s={search_term_string}\"},\"query-input\":{\"@type\":\"PropertyValueSpecification\",\"valueRequired\":true,\"valueName\":\"search_term_string\"}}],\"inLanguage\":\"pt-BR\"}]}<\/script>\n<!-- \/ Yoast SEO plugin. -->","yoast_head_json":{"title":"Grupo A\u00e7o Cearense apresenta case de sucesso em webinar da SAP - Grupo A\u00e7o Cearense","robots":{"index":"index","follow":"follow","max-snippet":"max-snippet:-1","max-image-preview":"max-image-preview:large","max-video-preview":"max-video-preview:-1"},"canonical":"https:\/\/previews.elleven.digital\/acocearense\/noticia\/grupo-aco-cearense-apresenta-case-de-sucesso-em-webinar-da-sap\/","og_locale":"pt_BR","og_type":"article","og_title":"Grupo A\u00e7o Cearense apresenta case de sucesso em webinar da SAP - Grupo A\u00e7o Cearense","og_description":"Investir em ferramentas e sistemas que tragam solu\u00e7\u00f5es inteligentes e \u00e1geis \u00e9 um grande diferencial(...)","og_url":"https:\/\/previews.elleven.digital\/acocearense\/noticia\/grupo-aco-cearense-apresenta-case-de-sucesso-em-webinar-da-sap\/","og_site_name":"Grupo A\u00e7o Cearense","article_modified_time":"2025-05-07T19:55:51+00:00","og_image":[{"width":1351,"height":551,"url":"https:\/\/previews.elleven.digital\/acocearense\/wp-content\/uploads\/2025\/05\/webinar-gac-1.jpg","type":"image\/jpeg"}],"twitter_card":"summary_large_image","twitter_misc":{"Est. tempo de leitura":"2 minutos"},"schema":{"@context":"https:\/\/schema.org","@graph":[{"@type":"WebPage","@id":"https:\/\/previews.elleven.digital\/acocearense\/noticia\/grupo-aco-cearense-apresenta-case-de-sucesso-em-webinar-da-sap\/","url":"https:\/\/previews.elleven.digital\/acocearense\/noticia\/grupo-aco-cearense-apresenta-case-de-sucesso-em-webinar-da-sap\/","name":"Grupo A\u00e7o Cearense apresenta case de sucesso em webinar da SAP - Grupo A\u00e7o Cearense","isPartOf":{"@id":"https:\/\/previews.elleven.digital\/acocearense\/#website"},"primaryImageOfPage":{"@id":"https:\/\/previews.elleven.digital\/acocearense\/noticia\/grupo-aco-cearense-apresenta-case-de-sucesso-em-webinar-da-sap\/#primaryimage"},"image":{"@id":"https:\/\/previews.elleven.digital\/acocearense\/noticia\/grupo-aco-cearense-apresenta-case-de-sucesso-em-webinar-da-sap\/#primaryimage"},"thumbnailUrl":"https:\/\/previews.elleven.digital\/acocearense\/wp-content\/uploads\/2025\/05\/webinar-gac-1.jpg","datePublished":"2020-09-03T19:52:48+00:00","dateModified":"2025-05-07T19:55:51+00:00","breadcrumb":{"@id":"https:\/\/previews.elleven.digital\/acocearense\/noticia\/grupo-aco-cearense-apresenta-case-de-sucesso-em-webinar-da-sap\/#breadcrumb"},"inLanguage":"pt-BR","potentialAction":[{"@type":"ReadAction","target":["https:\/\/previews.elleven.digital\/acocearense\/noticia\/grupo-aco-cearense-apresenta-case-de-sucesso-em-webinar-da-sap\/"]}]},{"@type":"ImageObject","inLanguage":"pt-BR","@id":"https:\/\/previews.elleven.digital\/acocearense\/noticia\/grupo-aco-cearense-apresenta-case-de-sucesso-em-webinar-da-sap\/#primaryimage","url":"https:\/\/previews.elleven.digital\/acocearense\/wp-content\/uploads\/2025\/05\/webinar-gac-1.jpg","contentUrl":"https:\/\/previews.elleven.digital\/acocearense\/wp-content\/uploads\/2025\/05\/webinar-gac-1.jpg","width":1351,"height":551},{"@type":"BreadcrumbList","@id":"https:\/\/previews.elleven.digital\/acocearense\/noticia\/grupo-aco-cearense-apresenta-case-de-sucesso-em-webinar-da-sap\/#breadcrumb","itemListElement":[{"@type":"ListItem","position":1,"name":"In\u00edcio","item":"https:\/\/previews.elleven.digital\/acocearense\/"},{"@type":"ListItem","position":2,"name":"Not\u00edcias","item":"https:\/\/previews.elleven.digital\/acocearense\/noticias\/"},{"@type":"ListItem","position":3,"name":"Grupo A\u00e7o Cearense apresenta case de sucesso em webinar da SAP"}]},{"@type":"WebSite","@id":"https:\/\/previews.elleven.digital\/acocearense\/#website","url":"https:\/\/previews.elleven.digital\/acocearense\/","name":"A\u00e7o Cearense","description":"H\u00e1 mais de 45 anos no mercado brasileiro do a\u00e7o.","alternateName":"A\u00e7o Cearense","potentialAction":[{"@type":"SearchAction","target":{"@type":"EntryPoint","urlTemplate":"https:\/\/previews.elleven.digital\/acocearense\/?s={search_term_string}"},"query-input":{"@type":"PropertyValueSpecification","valueRequired":true,"valueName":"search_term_string"}}],"inLanguage":"pt-BR"}]}},"_links":{"self":[{"href":"https:\/\/previews.elleven.digital\/acocearense\/wp-json\/wp\/v2\/noticia\/2043","targetHints":{"allow":["GET"]}}],"collection":[{"href":"https:\/\/previews.elleven.digital\/acocearense\/wp-json\/wp\/v2\/noticia"}],"about":[{"href":"https:\/\/previews.elleven.digital\/acocearense\/wp-json\/wp\/v2\/types\/noticia"}],"wp:featuredmedia":[{"embeddable":true,"href":"https:\/\/previews.elleven.digital\/acocearense\/wp-json\/wp\/v2\/media\/2053"}],"wp:attachment":[{"href":"https:\/\/previews.elleven.digital\/acocearense\/wp-json\/wp\/v2\/media?parent=2043"}],"wp:term":[{"taxonomy":"categoria-noticia","embeddable":true,"href":"https:\/\/previews.elleven.digital\/acocearense\/wp-json\/wp\/v2\/categoria-noticia?post=2043"}],"curies":[{"name":"wp","href":"https:\/\/api.w.org\/{rel}","templated":true}]}}