{"id":2040,"date":"2020-08-27T16:51:48","date_gmt":"2020-08-27T19:51:48","guid":{"rendered":"https:\/\/previews.elleven.digital\/acocearense\/?post_type=noticia&#038;p=2040"},"modified":"2025-05-07T16:52:16","modified_gmt":"2025-05-07T19:52:16","slug":"sinobras-retoma-o-programa-qualificaco","status":"publish","type":"noticia","link":"https:\/\/previews.elleven.digital\/acocearense\/noticia\/sinobras-retoma-o-programa-qualificaco\/","title":{"rendered":"SINOBRAS retoma o Programa QualificA\u00e7o"},"content":{"rendered":"<p>Aconteceu ontem (26), no Audit\u00f3rio da SINOBRAS, obedecendo todos os protocolos de seguran\u00e7a, o WarmUp \u201caquecimento\u201d do QualificA\u00e7o \u2013 Programa de Desenvolvimento de Planejadores e Analistas de M\u00e9todos e Processos.<\/p>\n<p>O evento contou com a participa\u00e7\u00e3o de Milton Lima, Diretor Industrial, e Cinthia Cavalcanti, Diretora de Desenvolvimento Organizacional e TI, que refor\u00e7aram o compromisso do Grupo A\u00e7o Cearense com o desenvolvimento de seus colaboradores.<\/p>\n<p>Lan\u00e7ado em janeiro deste ano, o programa precisou ser suspenso por conta da pandemia da COVID-19 e agora est\u00e1 sendo retomado em formato digital, mantendo e refor\u00e7ando o prop\u00f3sito de educa\u00e7\u00e3o e qualifica\u00e7\u00e3o continuada.<\/p>\n<p><img loading=\"lazy\" decoding=\"async\" class=\"wp-image-8508 aligncenter\" src=\"https:\/\/previews.elleven.digital\/acocearense\/wp-content\/uploads\/2020\/08\/admilson-rocha-284x300.jpg\" sizes=\"auto, (max-width: 177px) 100vw, 177px\" srcset=\"https:\/\/previews.elleven.digital\/acocearense\/wp-content\/uploads\/2020\/08\/admilson-rocha-284x300.jpg 284w, https:\/\/previews.elleven.digital\/acocearense\/wp-content\/uploads\/2020\/08\/admilson-rocha-768x810.jpg 768w, https:\/\/previews.elleven.digital\/acocearense\/wp-content\/uploads\/2020\/08\/admilson-rocha-971x1024.jpg 971w, https:\/\/previews.elleven.digital\/acocearense\/wp-content\/uploads\/2020\/08\/admilson-rocha.jpg 1903w\" alt=\"\" width=\"177\" height=\"187\" \/><\/p>\n<p>\u201cO QualificA\u00e7o est\u00e1 baseado na proposta de aprendizado cont\u00ednuo. Aliando a teoria e a pratica, nossos colaboradores ter\u00e3o a oportunidade de conhecer e aprender sobre todas as fases de nossa produ\u00e7\u00e3o, tendo assim, uma vis\u00e3o mais ampla sobre nosso neg\u00f3cio\u201d, explica o Consultor Interno de Recursos Humanos da SINOBRAS, Admilson Rocha.<\/p>\n<p>Vin\u00edcius Pereira, Planejador da Trefila, est\u00e1 empolgado com o programa. \u201cSer\u00e1 uma oportunidade incr\u00edvel para crescimento pessoal e profissional, onde teremos a oportunidade de conhecer a empresa de forma geral. As expectativas s\u00e3o as maiores, a passibilidade de verificar todos os processos da usina traz uma anima\u00e7\u00e3o sem igual\u201d.<\/p>\n<p><img loading=\"lazy\" decoding=\"async\" class=\"wp-image-8509 aligncenter\" src=\"https:\/\/previews.elleven.digital\/acocearense\/wp-content\/uploads\/2020\/08\/vinivius-pereira-300x300.jpg\" sizes=\"auto, (max-width: 220px) 100vw, 220px\" srcset=\"https:\/\/previews.elleven.digital\/acocearense\/wp-content\/uploads\/2020\/08\/vinivius-pereira-300x300.jpg 300w, https:\/\/previews.elleven.digital\/acocearense\/wp-content\/uploads\/2020\/08\/vinivius-pereira-150x150.jpg 150w, https:\/\/previews.elleven.digital\/acocearense\/wp-content\/uploads\/2020\/08\/vinivius-pereira.jpg 640w\" alt=\"\" width=\"220\" height=\"220\" \/><\/p>\n","protected":false},"featured_media":2021,"template":"","meta":{"_acf_changed":false,"inline_featured_image":false},"categoria-noticia":[],"class_list":["post-2040","noticia","type-noticia","status-publish","has-post-thumbnail","hentry"],"acf":{"link":""},"yoast_head":"<!-- This site is optimized with the Yoast SEO plugin v25.9 - https:\/\/yoast.com\/wordpress\/plugins\/seo\/ -->\n<title>SINOBRAS retoma o Programa QualificA\u00e7o - Grupo A\u00e7o Cearense<\/title>\n<meta name=\"robots\" content=\"index, follow, max-snippet:-1, max-image-preview:large, max-video-preview:-1\" \/>\n<link rel=\"canonical\" href=\"https:\/\/previews.elleven.digital\/acocearense\/noticia\/sinobras-retoma-o-programa-qualificaco\/\" \/>\n<meta property=\"og:locale\" content=\"pt_BR\" \/>\n<meta property=\"og:type\" content=\"article\" \/>\n<meta property=\"og:title\" content=\"SINOBRAS retoma o Programa QualificA\u00e7o - Grupo A\u00e7o Cearense\" \/>\n<meta property=\"og:description\" content=\"Aconteceu ontem (26), no Audit\u00f3rio da SINOBRAS, obedecendo todos os protocolos de seguran\u00e7a, o WarmUp(...)\" \/>\n<meta property=\"og:url\" content=\"https:\/\/previews.elleven.digital\/acocearense\/noticia\/sinobras-retoma-o-programa-qualificaco\/\" \/>\n<meta property=\"og:site_name\" content=\"Grupo A\u00e7o Cearense\" \/>\n<meta property=\"article:modified_time\" content=\"2025-05-07T19:52:16+00:00\" \/>\n<meta property=\"og:image\" content=\"https:\/\/previews.elleven.digital\/acocearense\/wp-content\/uploads\/2025\/05\/programa-qualiaco.jpg\" \/>\n\t<meta property=\"og:image:width\" content=\"1024\" \/>\n\t<meta property=\"og:image:height\" content=\"768\" \/>\n\t<meta property=\"og:image:type\" content=\"image\/jpeg\" \/>\n<meta name=\"twitter:card\" content=\"summary_large_image\" \/>\n<meta name=\"twitter:label1\" content=\"Est. tempo de leitura\" \/>\n\t<meta name=\"twitter:data1\" content=\"1 minuto\" \/>\n<script type=\"application\/ld+json\" class=\"yoast-schema-graph\">{\"@context\":\"https:\/\/schema.org\",\"@graph\":[{\"@type\":\"WebPage\",\"@id\":\"https:\/\/previews.elleven.digital\/acocearense\/noticia\/sinobras-retoma-o-programa-qualificaco\/\",\"url\":\"https:\/\/previews.elleven.digital\/acocearense\/noticia\/sinobras-retoma-o-programa-qualificaco\/\",\"name\":\"SINOBRAS retoma o Programa QualificA\u00e7o - Grupo A\u00e7o Cearense\",\"isPartOf\":{\"@id\":\"https:\/\/previews.elleven.digital\/acocearense\/#website\"},\"primaryImageOfPage\":{\"@id\":\"https:\/\/previews.elleven.digital\/acocearense\/noticia\/sinobras-retoma-o-programa-qualificaco\/#primaryimage\"},\"image\":{\"@id\":\"https:\/\/previews.elleven.digital\/acocearense\/noticia\/sinobras-retoma-o-programa-qualificaco\/#primaryimage\"},\"thumbnailUrl\":\"https:\/\/previews.elleven.digital\/acocearense\/wp-content\/uploads\/2025\/05\/programa-qualiaco.jpg\",\"datePublished\":\"2020-08-27T19:51:48+00:00\",\"dateModified\":\"2025-05-07T19:52:16+00:00\",\"breadcrumb\":{\"@id\":\"https:\/\/previews.elleven.digital\/acocearense\/noticia\/sinobras-retoma-o-programa-qualificaco\/#breadcrumb\"},\"inLanguage\":\"pt-BR\",\"potentialAction\":[{\"@type\":\"ReadAction\",\"target\":[\"https:\/\/previews.elleven.digital\/acocearense\/noticia\/sinobras-retoma-o-programa-qualificaco\/\"]}]},{\"@type\":\"ImageObject\",\"inLanguage\":\"pt-BR\",\"@id\":\"https:\/\/previews.elleven.digital\/acocearense\/noticia\/sinobras-retoma-o-programa-qualificaco\/#primaryimage\",\"url\":\"https:\/\/previews.elleven.digital\/acocearense\/wp-content\/uploads\/2025\/05\/programa-qualiaco.jpg\",\"contentUrl\":\"https:\/\/previews.elleven.digital\/acocearense\/wp-content\/uploads\/2025\/05\/programa-qualiaco.jpg\",\"width\":1024,\"height\":768},{\"@type\":\"BreadcrumbList\",\"@id\":\"https:\/\/previews.elleven.digital\/acocearense\/noticia\/sinobras-retoma-o-programa-qualificaco\/#breadcrumb\",\"itemListElement\":[{\"@type\":\"ListItem\",\"position\":1,\"name\":\"In\u00edcio\",\"item\":\"https:\/\/previews.elleven.digital\/acocearense\/\"},{\"@type\":\"ListItem\",\"position\":2,\"name\":\"Not\u00edcias\",\"item\":\"https:\/\/previews.elleven.digital\/acocearense\/noticias\/\"},{\"@type\":\"ListItem\",\"position\":3,\"name\":\"SINOBRAS retoma o Programa QualificA\u00e7o\"}]},{\"@type\":\"WebSite\",\"@id\":\"https:\/\/previews.elleven.digital\/acocearense\/#website\",\"url\":\"https:\/\/previews.elleven.digital\/acocearense\/\",\"name\":\"A\u00e7o Cearense\",\"description\":\"H\u00e1 mais de 45 anos no mercado brasileiro do a\u00e7o.\",\"alternateName\":\"A\u00e7o Cearense\",\"potentialAction\":[{\"@type\":\"SearchAction\",\"target\":{\"@type\":\"EntryPoint\",\"urlTemplate\":\"https:\/\/previews.elleven.digital\/acocearense\/?s={search_term_string}\"},\"query-input\":{\"@type\":\"PropertyValueSpecification\",\"valueRequired\":true,\"valueName\":\"search_term_string\"}}],\"inLanguage\":\"pt-BR\"}]}<\/script>\n<!-- \/ Yoast SEO plugin. -->","yoast_head_json":{"title":"SINOBRAS retoma o Programa QualificA\u00e7o - Grupo A\u00e7o Cearense","robots":{"index":"index","follow":"follow","max-snippet":"max-snippet:-1","max-image-preview":"max-image-preview:large","max-video-preview":"max-video-preview:-1"},"canonical":"https:\/\/previews.elleven.digital\/acocearense\/noticia\/sinobras-retoma-o-programa-qualificaco\/","og_locale":"pt_BR","og_type":"article","og_title":"SINOBRAS retoma o Programa QualificA\u00e7o - Grupo A\u00e7o Cearense","og_description":"Aconteceu ontem (26), no Audit\u00f3rio da SINOBRAS, obedecendo todos os protocolos de seguran\u00e7a, o WarmUp(...)","og_url":"https:\/\/previews.elleven.digital\/acocearense\/noticia\/sinobras-retoma-o-programa-qualificaco\/","og_site_name":"Grupo A\u00e7o Cearense","article_modified_time":"2025-05-07T19:52:16+00:00","og_image":[{"width":1024,"height":768,"url":"https:\/\/previews.elleven.digital\/acocearense\/wp-content\/uploads\/2025\/05\/programa-qualiaco.jpg","type":"image\/jpeg"}],"twitter_card":"summary_large_image","twitter_misc":{"Est. tempo de leitura":"1 minuto"},"schema":{"@context":"https:\/\/schema.org","@graph":[{"@type":"WebPage","@id":"https:\/\/previews.elleven.digital\/acocearense\/noticia\/sinobras-retoma-o-programa-qualificaco\/","url":"https:\/\/previews.elleven.digital\/acocearense\/noticia\/sinobras-retoma-o-programa-qualificaco\/","name":"SINOBRAS retoma o Programa QualificA\u00e7o - Grupo A\u00e7o Cearense","isPartOf":{"@id":"https:\/\/previews.elleven.digital\/acocearense\/#website"},"primaryImageOfPage":{"@id":"https:\/\/previews.elleven.digital\/acocearense\/noticia\/sinobras-retoma-o-programa-qualificaco\/#primaryimage"},"image":{"@id":"https:\/\/previews.elleven.digital\/acocearense\/noticia\/sinobras-retoma-o-programa-qualificaco\/#primaryimage"},"thumbnailUrl":"https:\/\/previews.elleven.digital\/acocearense\/wp-content\/uploads\/2025\/05\/programa-qualiaco.jpg","datePublished":"2020-08-27T19:51:48+00:00","dateModified":"2025-05-07T19:52:16+00:00","breadcrumb":{"@id":"https:\/\/previews.elleven.digital\/acocearense\/noticia\/sinobras-retoma-o-programa-qualificaco\/#breadcrumb"},"inLanguage":"pt-BR","potentialAction":[{"@type":"ReadAction","target":["https:\/\/previews.elleven.digital\/acocearense\/noticia\/sinobras-retoma-o-programa-qualificaco\/"]}]},{"@type":"ImageObject","inLanguage":"pt-BR","@id":"https:\/\/previews.elleven.digital\/acocearense\/noticia\/sinobras-retoma-o-programa-qualificaco\/#primaryimage","url":"https:\/\/previews.elleven.digital\/acocearense\/wp-content\/uploads\/2025\/05\/programa-qualiaco.jpg","contentUrl":"https:\/\/previews.elleven.digital\/acocearense\/wp-content\/uploads\/2025\/05\/programa-qualiaco.jpg","width":1024,"height":768},{"@type":"BreadcrumbList","@id":"https:\/\/previews.elleven.digital\/acocearense\/noticia\/sinobras-retoma-o-programa-qualificaco\/#breadcrumb","itemListElement":[{"@type":"ListItem","position":1,"name":"In\u00edcio","item":"https:\/\/previews.elleven.digital\/acocearense\/"},{"@type":"ListItem","position":2,"name":"Not\u00edcias","item":"https:\/\/previews.elleven.digital\/acocearense\/noticias\/"},{"@type":"ListItem","position":3,"name":"SINOBRAS retoma o Programa QualificA\u00e7o"}]},{"@type":"WebSite","@id":"https:\/\/previews.elleven.digital\/acocearense\/#website","url":"https:\/\/previews.elleven.digital\/acocearense\/","name":"A\u00e7o Cearense","description":"H\u00e1 mais de 45 anos no mercado brasileiro do a\u00e7o.","alternateName":"A\u00e7o Cearense","potentialAction":[{"@type":"SearchAction","target":{"@type":"EntryPoint","urlTemplate":"https:\/\/previews.elleven.digital\/acocearense\/?s={search_term_string}"},"query-input":{"@type":"PropertyValueSpecification","valueRequired":true,"valueName":"search_term_string"}}],"inLanguage":"pt-BR"}]}},"_links":{"self":[{"href":"https:\/\/previews.elleven.digital\/acocearense\/wp-json\/wp\/v2\/noticia\/2040","targetHints":{"allow":["GET"]}}],"collection":[{"href":"https:\/\/previews.elleven.digital\/acocearense\/wp-json\/wp\/v2\/noticia"}],"about":[{"href":"https:\/\/previews.elleven.digital\/acocearense\/wp-json\/wp\/v2\/types\/noticia"}],"wp:featuredmedia":[{"embeddable":true,"href":"https:\/\/previews.elleven.digital\/acocearense\/wp-json\/wp\/v2\/media\/2021"}],"wp:attachment":[{"href":"https:\/\/previews.elleven.digital\/acocearense\/wp-json\/wp\/v2\/media?parent=2040"}],"wp:term":[{"taxonomy":"categoria-noticia","embeddable":true,"href":"https:\/\/previews.elleven.digital\/acocearense\/wp-json\/wp\/v2\/categoria-noticia?post=2040"}],"curies":[{"name":"wp","href":"https:\/\/api.w.org\/{rel}","templated":true}]}}