{"id":2038,"date":"2020-08-27T16:50:24","date_gmt":"2020-08-27T19:50:24","guid":{"rendered":"https:\/\/previews.elleven.digital\/acocearense\/?post_type=noticia&#038;p=2038"},"modified":"2025-05-07T16:50:58","modified_gmt":"2025-05-07T19:50:58","slug":"instituto-aco-cearense-doa-material-para-alunos-de-creche-publica","status":"publish","type":"noticia","link":"https:\/\/previews.elleven.digital\/acocearense\/noticia\/instituto-aco-cearense-doa-material-para-alunos-de-creche-publica\/","title":{"rendered":"Instituto A\u00e7o Cearense doa material para alunos de creche p\u00fablica"},"content":{"rendered":"<p>Desde o in\u00edcio da pandemia do novo coronav\u00edrus no Cear\u00e1, escolas e creche se encerraram as atividades presenciais e, para que o ano letivo n\u00e3o fosse t\u00e3o prejudicado, os alunos passaram a ter aulas on-line.<\/p>\n<p>No entanto, muitas institui\u00e7\u00f5es n\u00e3o conseguiram fornecer material pedag\u00f3gico para o acompanhamento das crian\u00e7as, como \u00e9 o caso da Creche Nedi Isaias Barbosa, no bairro Parque Leblon, no munic\u00edpio de Caucaia.<\/p>\n<p>Pensando em contribuir com o desenvolvimento dos alunos, na \u00faltima quinta-feira (20), o Instituto A\u00e7o Cearense fez a doa\u00e7\u00e3o de mais de 170 kits com material pedag\u00f3gico que ajudar\u00e3o a desenvolver atividades escolares em casa. Os kits escolares\u00a0cont\u00eam\u00a0caixa de l\u00e1pis de cor, massinha de modelar, tinta guache, caderno de desenho e cola.<\/p>\n<p><img loading=\"lazy\" decoding=\"async\" class=\"alignright size-medium wp-image-8499\" src=\"https:\/\/previews.elleven.digital\/acocearense\/wp-content\/uploads\/2020\/08\/doa%C3%A7%C3%A3o-para-alunos-de-creche-publica-300x225.jpg\" sizes=\"auto, (max-width: 300px) 100vw, 300px\" srcset=\"https:\/\/previews.elleven.digital\/acocearense\/wp-content\/uploads\/2020\/08\/doa\u00e7\u00e3o-para-alunos-de-creche-publica-300x225.jpg 300w, https:\/\/previews.elleven.digital\/acocearense\/wp-content\/uploads\/2020\/08\/doa\u00e7\u00e3o-para-alunos-de-creche-publica-768x576.jpg 768w, https:\/\/previews.elleven.digital\/acocearense\/wp-content\/uploads\/2020\/08\/doa\u00e7\u00e3o-para-alunos-de-creche-publica.jpg 1024w\" alt=\"\" width=\"300\" height=\"225\" \/><\/p>\n<p>A coordenadora da creche-escola, Jo\u00eania de Oliveira, explica que muitas crian\u00e7as n\u00e3o t\u00eam acesso sequer \u00e0 internet para ter aulas online.<\/p>\n<p>\u201cTemos o projeto para conectar alunos e professores, mas muitos estudantes n\u00e3o acompanham por falta de acesso. Ainda assim seria poss\u00edvel que eles fizessem atividades em casa, mas nos deparamos com um problema maior que \u00e9 a falta de material pedag\u00f3gico para todos.<\/p>\n<p>A partir dessa percep\u00e7\u00e3o, procuramos o Instituto A\u00e7o Cearense e tivemos nosso projeto aprovado. Ficamos muito felizes em poder minimizar as dificuldades dos nossos alunos\u201d.<\/p>\n<p>Para Rute Silva, m\u00e3e da aluna Maria Vit\u00f3ria Silva de cinco anos, esse material veio em \u00f3tima hora, pois era dif\u00edcil fazer as atividades com a filha. \u201cEstando em casa j\u00e1 \u00e9 complicado explicar para ela que tem que fazer as tarefas, imagina sem o material. Foi uma contribui\u00e7\u00e3o muito importante, pois agora poderemos acompanhar os exerc\u00edcios escolares\u201d, explica a m\u00e3e.<\/p>\n<p>Segundo a coordenadora do Instituto A\u00e7o Cearense, Luciana Rabelo, essa doa\u00e7\u00e3o faz parte de um apoio ao projeto Pintando o Sete em Casa, uma extens\u00e3o do trabalho aplicado na creche. \u201cEsse projeto \u00e9 desenvolvido atrav\u00e9s de atividades de eleva\u00e7\u00e3o da escolaridade, por meio de experi\u00eancias e viv\u00eancias l\u00fadicas e prazerosas, com o objetivo de ampliar e aprimorar o desenvolvimento integral das viv\u00eancias com pinturas e artes em fam\u00edlia\u201d, explica a coordenadora.<\/p>\n","protected":false},"featured_media":2023,"template":"","meta":{"_acf_changed":false,"inline_featured_image":false},"categoria-noticia":[],"class_list":["post-2038","noticia","type-noticia","status-publish","has-post-thumbnail","hentry"],"acf":{"link":""},"yoast_head":"<!-- This site is optimized with the Yoast SEO plugin v25.9 - https:\/\/yoast.com\/wordpress\/plugins\/seo\/ -->\n<title>Instituto A\u00e7o Cearense doa material para alunos de creche p\u00fablica - Grupo A\u00e7o Cearense<\/title>\n<meta name=\"robots\" content=\"index, follow, max-snippet:-1, max-image-preview:large, max-video-preview:-1\" \/>\n<link rel=\"canonical\" href=\"https:\/\/previews.elleven.digital\/acocearense\/noticia\/instituto-aco-cearense-doa-material-para-alunos-de-creche-publica\/\" \/>\n<meta property=\"og:locale\" content=\"pt_BR\" \/>\n<meta property=\"og:type\" content=\"article\" \/>\n<meta property=\"og:title\" content=\"Instituto A\u00e7o Cearense doa material para alunos de creche p\u00fablica - Grupo A\u00e7o Cearense\" \/>\n<meta property=\"og:description\" content=\"Desde o in\u00edcio da pandemia do novo coronav\u00edrus no Cear\u00e1, escolas e creche se encerraram(...)\" \/>\n<meta property=\"og:url\" content=\"https:\/\/previews.elleven.digital\/acocearense\/noticia\/instituto-aco-cearense-doa-material-para-alunos-de-creche-publica\/\" \/>\n<meta property=\"og:site_name\" content=\"Grupo A\u00e7o Cearense\" \/>\n<meta property=\"article:modified_time\" content=\"2025-05-07T19:50:58+00:00\" \/>\n<meta property=\"og:image\" content=\"https:\/\/previews.elleven.digital\/acocearense\/wp-content\/uploads\/2025\/05\/acao-iac.png\" \/>\n\t<meta property=\"og:image:width\" content=\"560\" \/>\n\t<meta property=\"og:image:height\" content=\"425\" \/>\n\t<meta property=\"og:image:type\" content=\"image\/png\" \/>\n<meta name=\"twitter:card\" content=\"summary_large_image\" \/>\n<meta name=\"twitter:label1\" content=\"Est. tempo de leitura\" \/>\n\t<meta name=\"twitter:data1\" content=\"3 minutos\" \/>\n<script type=\"application\/ld+json\" class=\"yoast-schema-graph\">{\"@context\":\"https:\/\/schema.org\",\"@graph\":[{\"@type\":\"WebPage\",\"@id\":\"https:\/\/previews.elleven.digital\/acocearense\/noticia\/instituto-aco-cearense-doa-material-para-alunos-de-creche-publica\/\",\"url\":\"https:\/\/previews.elleven.digital\/acocearense\/noticia\/instituto-aco-cearense-doa-material-para-alunos-de-creche-publica\/\",\"name\":\"Instituto A\u00e7o Cearense doa material para alunos de creche p\u00fablica - Grupo A\u00e7o Cearense\",\"isPartOf\":{\"@id\":\"https:\/\/previews.elleven.digital\/acocearense\/#website\"},\"primaryImageOfPage\":{\"@id\":\"https:\/\/previews.elleven.digital\/acocearense\/noticia\/instituto-aco-cearense-doa-material-para-alunos-de-creche-publica\/#primaryimage\"},\"image\":{\"@id\":\"https:\/\/previews.elleven.digital\/acocearense\/noticia\/instituto-aco-cearense-doa-material-para-alunos-de-creche-publica\/#primaryimage\"},\"thumbnailUrl\":\"https:\/\/previews.elleven.digital\/acocearense\/wp-content\/uploads\/2025\/05\/acao-iac.png\",\"datePublished\":\"2020-08-27T19:50:24+00:00\",\"dateModified\":\"2025-05-07T19:50:58+00:00\",\"breadcrumb\":{\"@id\":\"https:\/\/previews.elleven.digital\/acocearense\/noticia\/instituto-aco-cearense-doa-material-para-alunos-de-creche-publica\/#breadcrumb\"},\"inLanguage\":\"pt-BR\",\"potentialAction\":[{\"@type\":\"ReadAction\",\"target\":[\"https:\/\/previews.elleven.digital\/acocearense\/noticia\/instituto-aco-cearense-doa-material-para-alunos-de-creche-publica\/\"]}]},{\"@type\":\"ImageObject\",\"inLanguage\":\"pt-BR\",\"@id\":\"https:\/\/previews.elleven.digital\/acocearense\/noticia\/instituto-aco-cearense-doa-material-para-alunos-de-creche-publica\/#primaryimage\",\"url\":\"https:\/\/previews.elleven.digital\/acocearense\/wp-content\/uploads\/2025\/05\/acao-iac.png\",\"contentUrl\":\"https:\/\/previews.elleven.digital\/acocearense\/wp-content\/uploads\/2025\/05\/acao-iac.png\",\"width\":560,\"height\":425},{\"@type\":\"BreadcrumbList\",\"@id\":\"https:\/\/previews.elleven.digital\/acocearense\/noticia\/instituto-aco-cearense-doa-material-para-alunos-de-creche-publica\/#breadcrumb\",\"itemListElement\":[{\"@type\":\"ListItem\",\"position\":1,\"name\":\"In\u00edcio\",\"item\":\"https:\/\/previews.elleven.digital\/acocearense\/\"},{\"@type\":\"ListItem\",\"position\":2,\"name\":\"Not\u00edcias\",\"item\":\"https:\/\/previews.elleven.digital\/acocearense\/noticias\/\"},{\"@type\":\"ListItem\",\"position\":3,\"name\":\"Instituto A\u00e7o Cearense doa material para alunos de creche p\u00fablica\"}]},{\"@type\":\"WebSite\",\"@id\":\"https:\/\/previews.elleven.digital\/acocearense\/#website\",\"url\":\"https:\/\/previews.elleven.digital\/acocearense\/\",\"name\":\"A\u00e7o Cearense\",\"description\":\"H\u00e1 mais de 45 anos no mercado brasileiro do a\u00e7o.\",\"alternateName\":\"A\u00e7o Cearense\",\"potentialAction\":[{\"@type\":\"SearchAction\",\"target\":{\"@type\":\"EntryPoint\",\"urlTemplate\":\"https:\/\/previews.elleven.digital\/acocearense\/?s={search_term_string}\"},\"query-input\":{\"@type\":\"PropertyValueSpecification\",\"valueRequired\":true,\"valueName\":\"search_term_string\"}}],\"inLanguage\":\"pt-BR\"}]}<\/script>\n<!-- \/ Yoast SEO plugin. -->","yoast_head_json":{"title":"Instituto A\u00e7o Cearense doa material para alunos de creche p\u00fablica - Grupo A\u00e7o Cearense","robots":{"index":"index","follow":"follow","max-snippet":"max-snippet:-1","max-image-preview":"max-image-preview:large","max-video-preview":"max-video-preview:-1"},"canonical":"https:\/\/previews.elleven.digital\/acocearense\/noticia\/instituto-aco-cearense-doa-material-para-alunos-de-creche-publica\/","og_locale":"pt_BR","og_type":"article","og_title":"Instituto A\u00e7o Cearense doa material para alunos de creche p\u00fablica - Grupo A\u00e7o Cearense","og_description":"Desde o in\u00edcio da pandemia do novo coronav\u00edrus no Cear\u00e1, escolas e creche se encerraram(...)","og_url":"https:\/\/previews.elleven.digital\/acocearense\/noticia\/instituto-aco-cearense-doa-material-para-alunos-de-creche-publica\/","og_site_name":"Grupo A\u00e7o Cearense","article_modified_time":"2025-05-07T19:50:58+00:00","og_image":[{"width":560,"height":425,"url":"https:\/\/previews.elleven.digital\/acocearense\/wp-content\/uploads\/2025\/05\/acao-iac.png","type":"image\/png"}],"twitter_card":"summary_large_image","twitter_misc":{"Est. tempo de leitura":"3 minutos"},"schema":{"@context":"https:\/\/schema.org","@graph":[{"@type":"WebPage","@id":"https:\/\/previews.elleven.digital\/acocearense\/noticia\/instituto-aco-cearense-doa-material-para-alunos-de-creche-publica\/","url":"https:\/\/previews.elleven.digital\/acocearense\/noticia\/instituto-aco-cearense-doa-material-para-alunos-de-creche-publica\/","name":"Instituto A\u00e7o Cearense doa material para alunos de creche p\u00fablica - Grupo A\u00e7o Cearense","isPartOf":{"@id":"https:\/\/previews.elleven.digital\/acocearense\/#website"},"primaryImageOfPage":{"@id":"https:\/\/previews.elleven.digital\/acocearense\/noticia\/instituto-aco-cearense-doa-material-para-alunos-de-creche-publica\/#primaryimage"},"image":{"@id":"https:\/\/previews.elleven.digital\/acocearense\/noticia\/instituto-aco-cearense-doa-material-para-alunos-de-creche-publica\/#primaryimage"},"thumbnailUrl":"https:\/\/previews.elleven.digital\/acocearense\/wp-content\/uploads\/2025\/05\/acao-iac.png","datePublished":"2020-08-27T19:50:24+00:00","dateModified":"2025-05-07T19:50:58+00:00","breadcrumb":{"@id":"https:\/\/previews.elleven.digital\/acocearense\/noticia\/instituto-aco-cearense-doa-material-para-alunos-de-creche-publica\/#breadcrumb"},"inLanguage":"pt-BR","potentialAction":[{"@type":"ReadAction","target":["https:\/\/previews.elleven.digital\/acocearense\/noticia\/instituto-aco-cearense-doa-material-para-alunos-de-creche-publica\/"]}]},{"@type":"ImageObject","inLanguage":"pt-BR","@id":"https:\/\/previews.elleven.digital\/acocearense\/noticia\/instituto-aco-cearense-doa-material-para-alunos-de-creche-publica\/#primaryimage","url":"https:\/\/previews.elleven.digital\/acocearense\/wp-content\/uploads\/2025\/05\/acao-iac.png","contentUrl":"https:\/\/previews.elleven.digital\/acocearense\/wp-content\/uploads\/2025\/05\/acao-iac.png","width":560,"height":425},{"@type":"BreadcrumbList","@id":"https:\/\/previews.elleven.digital\/acocearense\/noticia\/instituto-aco-cearense-doa-material-para-alunos-de-creche-publica\/#breadcrumb","itemListElement":[{"@type":"ListItem","position":1,"name":"In\u00edcio","item":"https:\/\/previews.elleven.digital\/acocearense\/"},{"@type":"ListItem","position":2,"name":"Not\u00edcias","item":"https:\/\/previews.elleven.digital\/acocearense\/noticias\/"},{"@type":"ListItem","position":3,"name":"Instituto A\u00e7o Cearense doa material para alunos de creche p\u00fablica"}]},{"@type":"WebSite","@id":"https:\/\/previews.elleven.digital\/acocearense\/#website","url":"https:\/\/previews.elleven.digital\/acocearense\/","name":"A\u00e7o Cearense","description":"H\u00e1 mais de 45 anos no mercado brasileiro do a\u00e7o.","alternateName":"A\u00e7o Cearense","potentialAction":[{"@type":"SearchAction","target":{"@type":"EntryPoint","urlTemplate":"https:\/\/previews.elleven.digital\/acocearense\/?s={search_term_string}"},"query-input":{"@type":"PropertyValueSpecification","valueRequired":true,"valueName":"search_term_string"}}],"inLanguage":"pt-BR"}]}},"_links":{"self":[{"href":"https:\/\/previews.elleven.digital\/acocearense\/wp-json\/wp\/v2\/noticia\/2038","targetHints":{"allow":["GET"]}}],"collection":[{"href":"https:\/\/previews.elleven.digital\/acocearense\/wp-json\/wp\/v2\/noticia"}],"about":[{"href":"https:\/\/previews.elleven.digital\/acocearense\/wp-json\/wp\/v2\/types\/noticia"}],"wp:featuredmedia":[{"embeddable":true,"href":"https:\/\/previews.elleven.digital\/acocearense\/wp-json\/wp\/v2\/media\/2023"}],"wp:attachment":[{"href":"https:\/\/previews.elleven.digital\/acocearense\/wp-json\/wp\/v2\/media?parent=2038"}],"wp:term":[{"taxonomy":"categoria-noticia","embeddable":true,"href":"https:\/\/previews.elleven.digital\/acocearense\/wp-json\/wp\/v2\/categoria-noticia?post=2038"}],"curies":[{"name":"wp","href":"https:\/\/api.w.org\/{rel}","templated":true}]}}