{"id":2037,"date":"2020-08-13T16:49:59","date_gmt":"2020-08-13T19:49:59","guid":{"rendered":"https:\/\/previews.elleven.digital\/acocearense\/?post_type=noticia&#038;p=2037"},"modified":"2025-05-07T16:50:21","modified_gmt":"2025-05-07T19:50:21","slug":"momento-zen-contribui-para-a-saude-mental-e-emocional-dos-colaboradores","status":"publish","type":"noticia","link":"https:\/\/previews.elleven.digital\/acocearense\/noticia\/momento-zen-contribui-para-a-saude-mental-e-emocional-dos-colaboradores\/","title":{"rendered":"Momento Zen contribui para a sa\u00fade mental e emocional dos colaboradores"},"content":{"rendered":"<p>Apesar de estudos mostrarem que n\u00e3o usamos a capacidade total do nosso c\u00e9rebro, parece que estamos sempre com a nossa mente cheia e cansada com o estresse e a ansiedade causados pelas muitas atividades di\u00e1rias. E toda essa carga prejudica a nossa sa\u00fade mental e emocional. Foi nesse sentido, de cuidar da sa\u00fade de todos os seus colaboradores, que o Grupo A\u00e7o Cearense lan\u00e7ou o projeto Momento Zen.<\/p>\n<p>Em parceria com a Universidade Espiritual Mundial Brahma Kumaris, o projeto vai proporcionar aos colaboradores de todas as empresas 20\u00a0minutos de relaxamento no hor\u00e1rio de almo\u00e7o, \u00e0s 12h30, com aulas on-line de medita\u00e7\u00e3o todas \u00e0s sextas-feiras. A primeira aula acontecer\u00e1 amanh\u00e3 (14). Os interessados poder\u00e3o participar da atividade por meio do link que ser\u00e1 disponibilizado, no dia da aula, pelos nossos canais de comunica\u00e7\u00e3o. As aulas ser\u00e3o ministradas por meio da plataforma\u00a0Microsoft Teams.<\/p>\n<p>De acordo com a Gerente de Recursos Humanos, Valqu\u00edria Ferreira, a medita\u00e7\u00e3o transforma a vida com bem-estar, equil\u00edbrio emocional e sa\u00fade. \u201cAo contr\u00e1rio do que se pensa, meditar n\u00e3o \u00e9 algo para ser feito s\u00f3 por quem tem \u2018tempo sobrando\u2019. Os adeptos, em sua maioria, s\u00e3o profissionais que passam o dia com muitas tarefas, mas que sentem necessidade de uma pausa de toda a loucura da vida para cuidar um pouco do pr\u00f3prio corpo e da sa\u00fade, reduzindo o estresse e a ansiedade do dia a dia\u201d, explica a gestora.<\/p>\n<p><img loading=\"lazy\" decoding=\"async\" class=\"size-full wp-image-8441 aligncenter\" src=\"https:\/\/previews.elleven.digital\/acocearense\/wp-content\/uploads\/2020\/08\/gestora.png\" alt=\"\" width=\"231\" height=\"241\" \/><\/p>\n","protected":false},"featured_media":2024,"template":"","meta":{"_acf_changed":false,"inline_featured_image":false},"categoria-noticia":[],"class_list":["post-2037","noticia","type-noticia","status-publish","has-post-thumbnail","hentry"],"acf":{"link":""},"yoast_head":"<!-- This site is optimized with the Yoast SEO plugin v25.9 - https:\/\/yoast.com\/wordpress\/plugins\/seo\/ -->\n<title>Momento Zen contribui para a sa\u00fade mental e emocional dos colaboradores - Grupo A\u00e7o Cearense<\/title>\n<meta name=\"robots\" content=\"index, follow, max-snippet:-1, max-image-preview:large, max-video-preview:-1\" \/>\n<link rel=\"canonical\" href=\"https:\/\/previews.elleven.digital\/acocearense\/noticia\/momento-zen-contribui-para-a-saude-mental-e-emocional-dos-colaboradores\/\" \/>\n<meta property=\"og:locale\" content=\"pt_BR\" \/>\n<meta property=\"og:type\" content=\"article\" \/>\n<meta property=\"og:title\" content=\"Momento Zen contribui para a sa\u00fade mental e emocional dos colaboradores - Grupo A\u00e7o Cearense\" \/>\n<meta property=\"og:description\" content=\"Apesar de estudos mostrarem que n\u00e3o usamos a capacidade total do nosso c\u00e9rebro, parece que(...)\" \/>\n<meta property=\"og:url\" content=\"https:\/\/previews.elleven.digital\/acocearense\/noticia\/momento-zen-contribui-para-a-saude-mental-e-emocional-dos-colaboradores\/\" \/>\n<meta property=\"og:site_name\" content=\"Grupo A\u00e7o Cearense\" \/>\n<meta property=\"article:modified_time\" content=\"2025-05-07T19:50:21+00:00\" \/>\n<meta property=\"og:image\" content=\"https:\/\/previews.elleven.digital\/acocearense\/wp-content\/uploads\/2025\/05\/momento-zen.jpg\" \/>\n\t<meta property=\"og:image:width\" content=\"2480\" \/>\n\t<meta property=\"og:image:height\" content=\"2048\" \/>\n\t<meta property=\"og:image:type\" content=\"image\/jpeg\" \/>\n<meta name=\"twitter:card\" content=\"summary_large_image\" \/>\n<meta name=\"twitter:label1\" content=\"Est. tempo de leitura\" \/>\n\t<meta name=\"twitter:data1\" content=\"1 minuto\" \/>\n<script type=\"application\/ld+json\" class=\"yoast-schema-graph\">{\"@context\":\"https:\/\/schema.org\",\"@graph\":[{\"@type\":\"WebPage\",\"@id\":\"https:\/\/previews.elleven.digital\/acocearense\/noticia\/momento-zen-contribui-para-a-saude-mental-e-emocional-dos-colaboradores\/\",\"url\":\"https:\/\/previews.elleven.digital\/acocearense\/noticia\/momento-zen-contribui-para-a-saude-mental-e-emocional-dos-colaboradores\/\",\"name\":\"Momento Zen contribui para a sa\u00fade mental e emocional dos colaboradores - Grupo A\u00e7o Cearense\",\"isPartOf\":{\"@id\":\"https:\/\/previews.elleven.digital\/acocearense\/#website\"},\"primaryImageOfPage\":{\"@id\":\"https:\/\/previews.elleven.digital\/acocearense\/noticia\/momento-zen-contribui-para-a-saude-mental-e-emocional-dos-colaboradores\/#primaryimage\"},\"image\":{\"@id\":\"https:\/\/previews.elleven.digital\/acocearense\/noticia\/momento-zen-contribui-para-a-saude-mental-e-emocional-dos-colaboradores\/#primaryimage\"},\"thumbnailUrl\":\"https:\/\/previews.elleven.digital\/acocearense\/wp-content\/uploads\/2025\/05\/momento-zen.jpg\",\"datePublished\":\"2020-08-13T19:49:59+00:00\",\"dateModified\":\"2025-05-07T19:50:21+00:00\",\"breadcrumb\":{\"@id\":\"https:\/\/previews.elleven.digital\/acocearense\/noticia\/momento-zen-contribui-para-a-saude-mental-e-emocional-dos-colaboradores\/#breadcrumb\"},\"inLanguage\":\"pt-BR\",\"potentialAction\":[{\"@type\":\"ReadAction\",\"target\":[\"https:\/\/previews.elleven.digital\/acocearense\/noticia\/momento-zen-contribui-para-a-saude-mental-e-emocional-dos-colaboradores\/\"]}]},{\"@type\":\"ImageObject\",\"inLanguage\":\"pt-BR\",\"@id\":\"https:\/\/previews.elleven.digital\/acocearense\/noticia\/momento-zen-contribui-para-a-saude-mental-e-emocional-dos-colaboradores\/#primaryimage\",\"url\":\"https:\/\/previews.elleven.digital\/acocearense\/wp-content\/uploads\/2025\/05\/momento-zen.jpg\",\"contentUrl\":\"https:\/\/previews.elleven.digital\/acocearense\/wp-content\/uploads\/2025\/05\/momento-zen.jpg\",\"width\":2480,\"height\":2048},{\"@type\":\"BreadcrumbList\",\"@id\":\"https:\/\/previews.elleven.digital\/acocearense\/noticia\/momento-zen-contribui-para-a-saude-mental-e-emocional-dos-colaboradores\/#breadcrumb\",\"itemListElement\":[{\"@type\":\"ListItem\",\"position\":1,\"name\":\"In\u00edcio\",\"item\":\"https:\/\/previews.elleven.digital\/acocearense\/\"},{\"@type\":\"ListItem\",\"position\":2,\"name\":\"Not\u00edcias\",\"item\":\"https:\/\/previews.elleven.digital\/acocearense\/noticias\/\"},{\"@type\":\"ListItem\",\"position\":3,\"name\":\"Momento Zen contribui para a sa\u00fade mental e emocional dos colaboradores\"}]},{\"@type\":\"WebSite\",\"@id\":\"https:\/\/previews.elleven.digital\/acocearense\/#website\",\"url\":\"https:\/\/previews.elleven.digital\/acocearense\/\",\"name\":\"A\u00e7o Cearense\",\"description\":\"H\u00e1 mais de 45 anos no mercado brasileiro do a\u00e7o.\",\"alternateName\":\"A\u00e7o Cearense\",\"potentialAction\":[{\"@type\":\"SearchAction\",\"target\":{\"@type\":\"EntryPoint\",\"urlTemplate\":\"https:\/\/previews.elleven.digital\/acocearense\/?s={search_term_string}\"},\"query-input\":{\"@type\":\"PropertyValueSpecification\",\"valueRequired\":true,\"valueName\":\"search_term_string\"}}],\"inLanguage\":\"pt-BR\"}]}<\/script>\n<!-- \/ Yoast SEO plugin. -->","yoast_head_json":{"title":"Momento Zen contribui para a sa\u00fade mental e emocional dos colaboradores - Grupo A\u00e7o Cearense","robots":{"index":"index","follow":"follow","max-snippet":"max-snippet:-1","max-image-preview":"max-image-preview:large","max-video-preview":"max-video-preview:-1"},"canonical":"https:\/\/previews.elleven.digital\/acocearense\/noticia\/momento-zen-contribui-para-a-saude-mental-e-emocional-dos-colaboradores\/","og_locale":"pt_BR","og_type":"article","og_title":"Momento Zen contribui para a sa\u00fade mental e emocional dos colaboradores - Grupo A\u00e7o Cearense","og_description":"Apesar de estudos mostrarem que n\u00e3o usamos a capacidade total do nosso c\u00e9rebro, parece que(...)","og_url":"https:\/\/previews.elleven.digital\/acocearense\/noticia\/momento-zen-contribui-para-a-saude-mental-e-emocional-dos-colaboradores\/","og_site_name":"Grupo A\u00e7o Cearense","article_modified_time":"2025-05-07T19:50:21+00:00","og_image":[{"width":2480,"height":2048,"url":"https:\/\/previews.elleven.digital\/acocearense\/wp-content\/uploads\/2025\/05\/momento-zen.jpg","type":"image\/jpeg"}],"twitter_card":"summary_large_image","twitter_misc":{"Est. tempo de leitura":"1 minuto"},"schema":{"@context":"https:\/\/schema.org","@graph":[{"@type":"WebPage","@id":"https:\/\/previews.elleven.digital\/acocearense\/noticia\/momento-zen-contribui-para-a-saude-mental-e-emocional-dos-colaboradores\/","url":"https:\/\/previews.elleven.digital\/acocearense\/noticia\/momento-zen-contribui-para-a-saude-mental-e-emocional-dos-colaboradores\/","name":"Momento Zen contribui para a sa\u00fade mental e emocional dos colaboradores - Grupo A\u00e7o Cearense","isPartOf":{"@id":"https:\/\/previews.elleven.digital\/acocearense\/#website"},"primaryImageOfPage":{"@id":"https:\/\/previews.elleven.digital\/acocearense\/noticia\/momento-zen-contribui-para-a-saude-mental-e-emocional-dos-colaboradores\/#primaryimage"},"image":{"@id":"https:\/\/previews.elleven.digital\/acocearense\/noticia\/momento-zen-contribui-para-a-saude-mental-e-emocional-dos-colaboradores\/#primaryimage"},"thumbnailUrl":"https:\/\/previews.elleven.digital\/acocearense\/wp-content\/uploads\/2025\/05\/momento-zen.jpg","datePublished":"2020-08-13T19:49:59+00:00","dateModified":"2025-05-07T19:50:21+00:00","breadcrumb":{"@id":"https:\/\/previews.elleven.digital\/acocearense\/noticia\/momento-zen-contribui-para-a-saude-mental-e-emocional-dos-colaboradores\/#breadcrumb"},"inLanguage":"pt-BR","potentialAction":[{"@type":"ReadAction","target":["https:\/\/previews.elleven.digital\/acocearense\/noticia\/momento-zen-contribui-para-a-saude-mental-e-emocional-dos-colaboradores\/"]}]},{"@type":"ImageObject","inLanguage":"pt-BR","@id":"https:\/\/previews.elleven.digital\/acocearense\/noticia\/momento-zen-contribui-para-a-saude-mental-e-emocional-dos-colaboradores\/#primaryimage","url":"https:\/\/previews.elleven.digital\/acocearense\/wp-content\/uploads\/2025\/05\/momento-zen.jpg","contentUrl":"https:\/\/previews.elleven.digital\/acocearense\/wp-content\/uploads\/2025\/05\/momento-zen.jpg","width":2480,"height":2048},{"@type":"BreadcrumbList","@id":"https:\/\/previews.elleven.digital\/acocearense\/noticia\/momento-zen-contribui-para-a-saude-mental-e-emocional-dos-colaboradores\/#breadcrumb","itemListElement":[{"@type":"ListItem","position":1,"name":"In\u00edcio","item":"https:\/\/previews.elleven.digital\/acocearense\/"},{"@type":"ListItem","position":2,"name":"Not\u00edcias","item":"https:\/\/previews.elleven.digital\/acocearense\/noticias\/"},{"@type":"ListItem","position":3,"name":"Momento Zen contribui para a sa\u00fade mental e emocional dos colaboradores"}]},{"@type":"WebSite","@id":"https:\/\/previews.elleven.digital\/acocearense\/#website","url":"https:\/\/previews.elleven.digital\/acocearense\/","name":"A\u00e7o Cearense","description":"H\u00e1 mais de 45 anos no mercado brasileiro do a\u00e7o.","alternateName":"A\u00e7o Cearense","potentialAction":[{"@type":"SearchAction","target":{"@type":"EntryPoint","urlTemplate":"https:\/\/previews.elleven.digital\/acocearense\/?s={search_term_string}"},"query-input":{"@type":"PropertyValueSpecification","valueRequired":true,"valueName":"search_term_string"}}],"inLanguage":"pt-BR"}]}},"_links":{"self":[{"href":"https:\/\/previews.elleven.digital\/acocearense\/wp-json\/wp\/v2\/noticia\/2037","targetHints":{"allow":["GET"]}}],"collection":[{"href":"https:\/\/previews.elleven.digital\/acocearense\/wp-json\/wp\/v2\/noticia"}],"about":[{"href":"https:\/\/previews.elleven.digital\/acocearense\/wp-json\/wp\/v2\/types\/noticia"}],"wp:featuredmedia":[{"embeddable":true,"href":"https:\/\/previews.elleven.digital\/acocearense\/wp-json\/wp\/v2\/media\/2024"}],"wp:attachment":[{"href":"https:\/\/previews.elleven.digital\/acocearense\/wp-json\/wp\/v2\/media?parent=2037"}],"wp:term":[{"taxonomy":"categoria-noticia","embeddable":true,"href":"https:\/\/previews.elleven.digital\/acocearense\/wp-json\/wp\/v2\/categoria-noticia?post=2037"}],"curies":[{"name":"wp","href":"https:\/\/api.w.org\/{rel}","templated":true}]}}