{"id":2036,"date":"2020-08-07T16:49:22","date_gmt":"2020-08-07T19:49:22","guid":{"rendered":"https:\/\/previews.elleven.digital\/acocearense\/?post_type=noticia&#038;p=2036"},"modified":"2025-05-07T16:49:55","modified_gmt":"2025-05-07T19:49:55","slug":"pais-e-filhos-contam-historias-de-orgulho-e-aproximacao-ao-trabalharem-juntos-no-grupo-aco-cearense","status":"publish","type":"noticia","link":"https:\/\/previews.elleven.digital\/acocearense\/noticia\/pais-e-filhos-contam-historias-de-orgulho-e-aproximacao-ao-trabalharem-juntos-no-grupo-aco-cearense\/","title":{"rendered":"Pais e filhos contam hist\u00f3rias de orgulho e aproxima\u00e7\u00e3o ao trabalharem juntos no Grupo A\u00e7o Cearense"},"content":{"rendered":"<p>Que pai n\u00e3o gosta de passar o m\u00e1ximo de tempo com seus filhos? Que filho n\u00e3o tem orgulho de ver o pai trabalhando e cuidando da fam\u00edlia? Assim, o tempo com os pais \u00e9 sempre um momento precioso. Para quem pode passar o m\u00e1ximo de tempo poss\u00edvel junto, trabalhar na mesma empresa pode ser um diferencial na rela\u00e7\u00e3o de pai e filho. \u00c9 esse diferencial que algumas fam\u00edlias conseguem ter no Grupo A\u00e7o Cearense.<\/p>\n<p><img loading=\"lazy\" decoding=\"async\" class=\"alignright size-full wp-image-8446\" src=\"https:\/\/previews.elleven.digital\/acocearense\/wp-content\/uploads\/2020\/08\/capa-gac.png\" alt=\"\" width=\"246\" height=\"237\" \/><\/p>\n<p>Wangras Santos \u00e9 um dos colaboradores da SINOBRAS, empresa do Grupo A\u00e7o Cearense, que tem uma hist\u00f3ria que envolve a sua rela\u00e7\u00e3o com o pai e com o trabalho. H\u00e1 quase dez anos, o planejador j\u00fanior da \u00e1rea de engenharia, foi trabalhar na empresa com o apoio do pai, Milton Santos, que j\u00e1 trabalhava na manuten\u00e7\u00e3o mec\u00e2nica da empresa. De l\u00e1 para c\u00e1, uma hist\u00f3ria de muita parceria foi erguida entre eles.<\/p>\n<p>\u201cQuando meu pai veio trabalhar aqui na SINOBRAS, cerca de um ano depois abriu uma vaga e ele pensou em mim. Quando passei na sele\u00e7\u00e3o, ficamos muito felizes pois era uma oportunidade de ficarmos cada vez mais pr\u00f3ximos. Eu vejo meu pai como um exemplo e para mim \u00e9 muito importante poder estar presente e perceber que ele se orgulha de me ter por perto e me ver crescendo.<\/p>\n<p>Quando casei e sa\u00ed de casa, senti por n\u00e3o ver a fam\u00edlia todos os dias como antes, mas o trabalho me proporciona essa aproxima\u00e7\u00e3o di\u00e1ria com meu pai\u201d, afirma Wangras.<\/p>\n<p><img loading=\"lazy\" decoding=\"async\" class=\"alignright size-medium wp-image-8447\" src=\"https:\/\/previews.elleven.digital\/acocearense\/wp-content\/uploads\/2020\/08\/pai-e-trabalhadora-188x300.png\" sizes=\"auto, (max-width: 188px) 100vw, 188px\" srcset=\"https:\/\/previews.elleven.digital\/acocearense\/wp-content\/uploads\/2020\/08\/pai-e-trabalhadora-188x300.png 188w, https:\/\/previews.elleven.digital\/acocearense\/wp-content\/uploads\/2020\/08\/pai-e-trabalhadora.png 250w\" alt=\"\" width=\"188\" height=\"300\" \/><\/p>\n<p>Muitas empresas t\u00eam restri\u00e7\u00f5es em ter pessoas da mesma fam\u00edlia trabalhando no mesmo local. No entanto, para o Grupo A\u00e7o Cearense, uma base familiar fortalecida \u00e9 um dos grandes valores priorizados pela empresa.<\/p>\n<p>Para Yasmin Coelho, assistente administrativo da A\u00e7o Cearense Industrial, foi preciso vencer o medo de que as pessoas achassem que ela s\u00f3 estaria ali por conta do pai que j\u00e1 trabalhava l\u00e1 h\u00e1 muitos anos. \u201cMeu pai, Francisco Coelho, trabalha na manuten\u00e7\u00e3o automotiva h\u00e1 cerca de dez anos e eu entrei na empresa quatro anos depois.<\/p>\n<p>Ele j\u00e1 era bem conhecido e fiquei com medo de que achassem que eu consegui o emprego por causa dele, mas fui muito bem recebida e consegui crescer com meu pr\u00f3prio m\u00e9rito, passando de aprendiz para assistente.<\/p>\n<p>Percebo como meu pai se orgulha de mim, em estar trilhando um caminho parecido com o dele na empresa, com muito trabalho e responsabilidade, ganhando o respeito e a admira\u00e7\u00e3o das pessoas e por isso me sinto muito feliz de trabalhar t\u00e3o pr\u00f3xima dele, pois ele me acompanha de perto\u201d, explica Yasmim.<\/p>\n<p>Segundo a coordenadora de Recursos Humanos, Eliana Freitas, com a aproxima\u00e7\u00e3o do dia dos pais, o Grupo A\u00e7o Cearense refor\u00e7a em seus valores a import\u00e2ncia da fam\u00edlia. \u201cPara n\u00f3s, \u00e9 muito positivo ter essas e tantas outras hist\u00f3rias de pais e filhos que se unem mais atrav\u00e9s da profiss\u00e3o e da conviv\u00eancia nas nossas empresas.<\/p>\n<p>Ter familiares no ambiente de trabalho traz um sentimento de orgulho para eles, fazendo com que se sintam mais acolhidos. Para os pais que n\u00e3o trabalham com seus filhos, temos um projeto de visita\u00e7\u00e3o de familiares nas unidades do Grupo, como uma forma de aproxim\u00e1-los cada vez mais\u201d, explica a gerente de RH.<\/p>\n","protected":false},"featured_media":2025,"template":"","meta":{"_acf_changed":false,"inline_featured_image":false},"categoria-noticia":[],"class_list":["post-2036","noticia","type-noticia","status-publish","has-post-thumbnail","hentry"],"acf":{"link":""},"yoast_head":"<!-- This site is optimized with the Yoast SEO plugin v25.9 - https:\/\/yoast.com\/wordpress\/plugins\/seo\/ -->\n<title>Pais e filhos contam hist\u00f3rias de orgulho e aproxima\u00e7\u00e3o ao trabalharem juntos no Grupo A\u00e7o Cearense - Grupo A\u00e7o Cearense<\/title>\n<meta name=\"robots\" content=\"index, follow, max-snippet:-1, max-image-preview:large, max-video-preview:-1\" \/>\n<link rel=\"canonical\" href=\"https:\/\/previews.elleven.digital\/acocearense\/noticia\/pais-e-filhos-contam-historias-de-orgulho-e-aproximacao-ao-trabalharem-juntos-no-grupo-aco-cearense\/\" \/>\n<meta property=\"og:locale\" content=\"pt_BR\" \/>\n<meta property=\"og:type\" content=\"article\" \/>\n<meta property=\"og:title\" content=\"Pais e filhos contam hist\u00f3rias de orgulho e aproxima\u00e7\u00e3o ao trabalharem juntos no Grupo A\u00e7o Cearense - Grupo A\u00e7o Cearense\" \/>\n<meta property=\"og:description\" content=\"Que pai n\u00e3o gosta de passar o m\u00e1ximo de tempo com seus filhos? Que filho(...)\" \/>\n<meta property=\"og:url\" content=\"https:\/\/previews.elleven.digital\/acocearense\/noticia\/pais-e-filhos-contam-historias-de-orgulho-e-aproximacao-ao-trabalharem-juntos-no-grupo-aco-cearense\/\" \/>\n<meta property=\"og:site_name\" content=\"Grupo A\u00e7o Cearense\" \/>\n<meta property=\"article:modified_time\" content=\"2025-05-07T19:49:55+00:00\" \/>\n<meta property=\"og:image\" content=\"https:\/\/previews.elleven.digital\/acocearense\/wp-content\/uploads\/2025\/05\/capa-gac.png\" \/>\n\t<meta property=\"og:image:width\" content=\"246\" \/>\n\t<meta property=\"og:image:height\" content=\"237\" \/>\n\t<meta property=\"og:image:type\" content=\"image\/png\" \/>\n<meta name=\"twitter:card\" content=\"summary_large_image\" \/>\n<meta name=\"twitter:label1\" content=\"Est. tempo de leitura\" \/>\n\t<meta name=\"twitter:data1\" content=\"4 minutos\" \/>\n<script type=\"application\/ld+json\" class=\"yoast-schema-graph\">{\"@context\":\"https:\/\/schema.org\",\"@graph\":[{\"@type\":\"WebPage\",\"@id\":\"https:\/\/previews.elleven.digital\/acocearense\/noticia\/pais-e-filhos-contam-historias-de-orgulho-e-aproximacao-ao-trabalharem-juntos-no-grupo-aco-cearense\/\",\"url\":\"https:\/\/previews.elleven.digital\/acocearense\/noticia\/pais-e-filhos-contam-historias-de-orgulho-e-aproximacao-ao-trabalharem-juntos-no-grupo-aco-cearense\/\",\"name\":\"Pais e filhos contam hist\u00f3rias de orgulho e aproxima\u00e7\u00e3o ao trabalharem juntos no Grupo A\u00e7o Cearense - Grupo A\u00e7o Cearense\",\"isPartOf\":{\"@id\":\"https:\/\/previews.elleven.digital\/acocearense\/#website\"},\"primaryImageOfPage\":{\"@id\":\"https:\/\/previews.elleven.digital\/acocearense\/noticia\/pais-e-filhos-contam-historias-de-orgulho-e-aproximacao-ao-trabalharem-juntos-no-grupo-aco-cearense\/#primaryimage\"},\"image\":{\"@id\":\"https:\/\/previews.elleven.digital\/acocearense\/noticia\/pais-e-filhos-contam-historias-de-orgulho-e-aproximacao-ao-trabalharem-juntos-no-grupo-aco-cearense\/#primaryimage\"},\"thumbnailUrl\":\"https:\/\/previews.elleven.digital\/acocearense\/wp-content\/uploads\/2025\/05\/capa-gac.png\",\"datePublished\":\"2020-08-07T19:49:22+00:00\",\"dateModified\":\"2025-05-07T19:49:55+00:00\",\"breadcrumb\":{\"@id\":\"https:\/\/previews.elleven.digital\/acocearense\/noticia\/pais-e-filhos-contam-historias-de-orgulho-e-aproximacao-ao-trabalharem-juntos-no-grupo-aco-cearense\/#breadcrumb\"},\"inLanguage\":\"pt-BR\",\"potentialAction\":[{\"@type\":\"ReadAction\",\"target\":[\"https:\/\/previews.elleven.digital\/acocearense\/noticia\/pais-e-filhos-contam-historias-de-orgulho-e-aproximacao-ao-trabalharem-juntos-no-grupo-aco-cearense\/\"]}]},{\"@type\":\"ImageObject\",\"inLanguage\":\"pt-BR\",\"@id\":\"https:\/\/previews.elleven.digital\/acocearense\/noticia\/pais-e-filhos-contam-historias-de-orgulho-e-aproximacao-ao-trabalharem-juntos-no-grupo-aco-cearense\/#primaryimage\",\"url\":\"https:\/\/previews.elleven.digital\/acocearense\/wp-content\/uploads\/2025\/05\/capa-gac.png\",\"contentUrl\":\"https:\/\/previews.elleven.digital\/acocearense\/wp-content\/uploads\/2025\/05\/capa-gac.png\",\"width\":246,\"height\":237},{\"@type\":\"BreadcrumbList\",\"@id\":\"https:\/\/previews.elleven.digital\/acocearense\/noticia\/pais-e-filhos-contam-historias-de-orgulho-e-aproximacao-ao-trabalharem-juntos-no-grupo-aco-cearense\/#breadcrumb\",\"itemListElement\":[{\"@type\":\"ListItem\",\"position\":1,\"name\":\"In\u00edcio\",\"item\":\"https:\/\/previews.elleven.digital\/acocearense\/\"},{\"@type\":\"ListItem\",\"position\":2,\"name\":\"Not\u00edcias\",\"item\":\"https:\/\/previews.elleven.digital\/acocearense\/noticias\/\"},{\"@type\":\"ListItem\",\"position\":3,\"name\":\"Pais e filhos contam hist\u00f3rias de orgulho e aproxima\u00e7\u00e3o ao trabalharem juntos no Grupo A\u00e7o Cearense\"}]},{\"@type\":\"WebSite\",\"@id\":\"https:\/\/previews.elleven.digital\/acocearense\/#website\",\"url\":\"https:\/\/previews.elleven.digital\/acocearense\/\",\"name\":\"A\u00e7o Cearense\",\"description\":\"H\u00e1 mais de 45 anos no mercado brasileiro do a\u00e7o.\",\"alternateName\":\"A\u00e7o Cearense\",\"potentialAction\":[{\"@type\":\"SearchAction\",\"target\":{\"@type\":\"EntryPoint\",\"urlTemplate\":\"https:\/\/previews.elleven.digital\/acocearense\/?s={search_term_string}\"},\"query-input\":{\"@type\":\"PropertyValueSpecification\",\"valueRequired\":true,\"valueName\":\"search_term_string\"}}],\"inLanguage\":\"pt-BR\"}]}<\/script>\n<!-- \/ Yoast SEO plugin. -->","yoast_head_json":{"title":"Pais e filhos contam hist\u00f3rias de orgulho e aproxima\u00e7\u00e3o ao trabalharem juntos no Grupo A\u00e7o Cearense - Grupo A\u00e7o Cearense","robots":{"index":"index","follow":"follow","max-snippet":"max-snippet:-1","max-image-preview":"max-image-preview:large","max-video-preview":"max-video-preview:-1"},"canonical":"https:\/\/previews.elleven.digital\/acocearense\/noticia\/pais-e-filhos-contam-historias-de-orgulho-e-aproximacao-ao-trabalharem-juntos-no-grupo-aco-cearense\/","og_locale":"pt_BR","og_type":"article","og_title":"Pais e filhos contam hist\u00f3rias de orgulho e aproxima\u00e7\u00e3o ao trabalharem juntos no Grupo A\u00e7o Cearense - Grupo A\u00e7o Cearense","og_description":"Que pai n\u00e3o gosta de passar o m\u00e1ximo de tempo com seus filhos? Que filho(...)","og_url":"https:\/\/previews.elleven.digital\/acocearense\/noticia\/pais-e-filhos-contam-historias-de-orgulho-e-aproximacao-ao-trabalharem-juntos-no-grupo-aco-cearense\/","og_site_name":"Grupo A\u00e7o Cearense","article_modified_time":"2025-05-07T19:49:55+00:00","og_image":[{"width":246,"height":237,"url":"https:\/\/previews.elleven.digital\/acocearense\/wp-content\/uploads\/2025\/05\/capa-gac.png","type":"image\/png"}],"twitter_card":"summary_large_image","twitter_misc":{"Est. tempo de leitura":"4 minutos"},"schema":{"@context":"https:\/\/schema.org","@graph":[{"@type":"WebPage","@id":"https:\/\/previews.elleven.digital\/acocearense\/noticia\/pais-e-filhos-contam-historias-de-orgulho-e-aproximacao-ao-trabalharem-juntos-no-grupo-aco-cearense\/","url":"https:\/\/previews.elleven.digital\/acocearense\/noticia\/pais-e-filhos-contam-historias-de-orgulho-e-aproximacao-ao-trabalharem-juntos-no-grupo-aco-cearense\/","name":"Pais e filhos contam hist\u00f3rias de orgulho e aproxima\u00e7\u00e3o ao trabalharem juntos no Grupo A\u00e7o Cearense - Grupo A\u00e7o Cearense","isPartOf":{"@id":"https:\/\/previews.elleven.digital\/acocearense\/#website"},"primaryImageOfPage":{"@id":"https:\/\/previews.elleven.digital\/acocearense\/noticia\/pais-e-filhos-contam-historias-de-orgulho-e-aproximacao-ao-trabalharem-juntos-no-grupo-aco-cearense\/#primaryimage"},"image":{"@id":"https:\/\/previews.elleven.digital\/acocearense\/noticia\/pais-e-filhos-contam-historias-de-orgulho-e-aproximacao-ao-trabalharem-juntos-no-grupo-aco-cearense\/#primaryimage"},"thumbnailUrl":"https:\/\/previews.elleven.digital\/acocearense\/wp-content\/uploads\/2025\/05\/capa-gac.png","datePublished":"2020-08-07T19:49:22+00:00","dateModified":"2025-05-07T19:49:55+00:00","breadcrumb":{"@id":"https:\/\/previews.elleven.digital\/acocearense\/noticia\/pais-e-filhos-contam-historias-de-orgulho-e-aproximacao-ao-trabalharem-juntos-no-grupo-aco-cearense\/#breadcrumb"},"inLanguage":"pt-BR","potentialAction":[{"@type":"ReadAction","target":["https:\/\/previews.elleven.digital\/acocearense\/noticia\/pais-e-filhos-contam-historias-de-orgulho-e-aproximacao-ao-trabalharem-juntos-no-grupo-aco-cearense\/"]}]},{"@type":"ImageObject","inLanguage":"pt-BR","@id":"https:\/\/previews.elleven.digital\/acocearense\/noticia\/pais-e-filhos-contam-historias-de-orgulho-e-aproximacao-ao-trabalharem-juntos-no-grupo-aco-cearense\/#primaryimage","url":"https:\/\/previews.elleven.digital\/acocearense\/wp-content\/uploads\/2025\/05\/capa-gac.png","contentUrl":"https:\/\/previews.elleven.digital\/acocearense\/wp-content\/uploads\/2025\/05\/capa-gac.png","width":246,"height":237},{"@type":"BreadcrumbList","@id":"https:\/\/previews.elleven.digital\/acocearense\/noticia\/pais-e-filhos-contam-historias-de-orgulho-e-aproximacao-ao-trabalharem-juntos-no-grupo-aco-cearense\/#breadcrumb","itemListElement":[{"@type":"ListItem","position":1,"name":"In\u00edcio","item":"https:\/\/previews.elleven.digital\/acocearense\/"},{"@type":"ListItem","position":2,"name":"Not\u00edcias","item":"https:\/\/previews.elleven.digital\/acocearense\/noticias\/"},{"@type":"ListItem","position":3,"name":"Pais e filhos contam hist\u00f3rias de orgulho e aproxima\u00e7\u00e3o ao trabalharem juntos no Grupo A\u00e7o Cearense"}]},{"@type":"WebSite","@id":"https:\/\/previews.elleven.digital\/acocearense\/#website","url":"https:\/\/previews.elleven.digital\/acocearense\/","name":"A\u00e7o Cearense","description":"H\u00e1 mais de 45 anos no mercado brasileiro do a\u00e7o.","alternateName":"A\u00e7o Cearense","potentialAction":[{"@type":"SearchAction","target":{"@type":"EntryPoint","urlTemplate":"https:\/\/previews.elleven.digital\/acocearense\/?s={search_term_string}"},"query-input":{"@type":"PropertyValueSpecification","valueRequired":true,"valueName":"search_term_string"}}],"inLanguage":"pt-BR"}]}},"_links":{"self":[{"href":"https:\/\/previews.elleven.digital\/acocearense\/wp-json\/wp\/v2\/noticia\/2036","targetHints":{"allow":["GET"]}}],"collection":[{"href":"https:\/\/previews.elleven.digital\/acocearense\/wp-json\/wp\/v2\/noticia"}],"about":[{"href":"https:\/\/previews.elleven.digital\/acocearense\/wp-json\/wp\/v2\/types\/noticia"}],"wp:featuredmedia":[{"embeddable":true,"href":"https:\/\/previews.elleven.digital\/acocearense\/wp-json\/wp\/v2\/media\/2025"}],"wp:attachment":[{"href":"https:\/\/previews.elleven.digital\/acocearense\/wp-json\/wp\/v2\/media?parent=2036"}],"wp:term":[{"taxonomy":"categoria-noticia","embeddable":true,"href":"https:\/\/previews.elleven.digital\/acocearense\/wp-json\/wp\/v2\/categoria-noticia?post=2036"}],"curies":[{"name":"wp","href":"https:\/\/api.w.org\/{rel}","templated":true}]}}