{"id":2035,"date":"2020-08-06T16:48:01","date_gmt":"2020-08-06T19:48:01","guid":{"rendered":"https:\/\/previews.elleven.digital\/acocearense\/?post_type=noticia&#038;p=2035"},"modified":"2025-05-07T16:49:16","modified_gmt":"2025-05-07T19:49:16","slug":"grupo-aco-cearense-celebra-dia-nacional-dos-profissionais-da-educacao-apoiando-projetos-e-instituicoes-educacionais","status":"publish","type":"noticia","link":"https:\/\/previews.elleven.digital\/acocearense\/noticia\/grupo-aco-cearense-celebra-dia-nacional-dos-profissionais-da-educacao-apoiando-projetos-e-instituicoes-educacionais\/","title":{"rendered":"Grupo A\u00e7o Cearense celebra Dia Nacional dos Profissionais da Educa\u00e7\u00e3o apoiando projetos e institui\u00e7\u00f5es educacionais"},"content":{"rendered":"<div class=\"box__img\">\n<div class=\"thumbs\">Hoje (6 de agosto) \u00e9 celebrado o Dia Nacional dos Profissionais de Educa\u00e7\u00e3o, marcando um momento de valoriza\u00e7\u00e3o e de reconhecimento para os funcion\u00e1rios da \u00e1rea. Acreditando que a educa\u00e7\u00e3o \u00e9 o melhor meio poss\u00edvel para mudar o mundo, o Grupo A\u00e7o Cearense reconhece e parabeniza todos os profissionais que se dedicam ao ensino no pa\u00eds. Assim, o Grupo apoia e financia in\u00fameras a\u00e7\u00f5es com foco na promo\u00e7\u00e3o da educa\u00e7\u00e3o.<\/div>\n<\/div>\n<p><img loading=\"lazy\" decoding=\"async\" class=\"size-medium wp-image-8321 aligncenter\" src=\"https:\/\/previews.elleven.digital\/acocearense\/wp-content\/uploads\/2020\/08\/gac-cola%C3%A7%C3%A3o-300x225.jpg\" sizes=\"auto, (max-width: 300px) 100vw, 300px\" srcset=\"https:\/\/previews.elleven.digital\/acocearense\/wp-content\/uploads\/2020\/08\/gac-cola\u00e7\u00e3o-300x225.jpg 300w, https:\/\/previews.elleven.digital\/acocearense\/wp-content\/uploads\/2020\/08\/gac-cola\u00e7\u00e3o-768x576.jpg 768w, https:\/\/previews.elleven.digital\/acocearense\/wp-content\/uploads\/2020\/08\/gac-cola\u00e7\u00e3o.jpg 1024w\" alt=\"\" width=\"300\" height=\"225\" \/><\/p>\n<p>Entre os projetos que o GAC promove est\u00e1 o\u00a0EducaA\u00e7o, que possibilita a conclus\u00e3o do ensino fundamental e m\u00e9dio, de forma gratuita, para seus colaboradores. Em parceria com o SESI, a\u00a0A\u00e7o\u00a0Cearense Industrial recebe, uma vez por semana, professores na empresa, em salas equipadas com multim\u00eddia e material did\u00e1tico incluso. Al\u00e9m disso, os colaboradores da\u00a0A\u00e7o\u00a0Cearense Comercial tamb\u00e9m podem ir at\u00e9 \u00e0 Associa\u00e7\u00e3o de Cegos do Estado do Cear\u00e1, parceira do Grupo, para ter aulas todos os dias. Todos os alunos recebem da empresa o material did\u00e1tico, bem como aux\u00edlio transporte e fardamento. O projeto\u00a0EducaA\u00e7o\u00a0funciona nas empresas desde 2013 e j\u00e1 beneficiou\u00a0414\u00a0colaboradores.<\/p>\n<p><img loading=\"lazy\" decoding=\"async\" class=\"size-medium wp-image-8322 aligncenter\" src=\"https:\/\/previews.elleven.digital\/acocearense\/wp-content\/uploads\/2020\/08\/estudantes-grupo-a%C3%A7o-300x240.jpg\" sizes=\"auto, (max-width: 300px) 100vw, 300px\" srcset=\"https:\/\/previews.elleven.digital\/acocearense\/wp-content\/uploads\/2020\/08\/estudantes-grupo-a\u00e7o-300x240.jpg 300w, https:\/\/previews.elleven.digital\/acocearense\/wp-content\/uploads\/2020\/08\/estudantes-grupo-a\u00e7o-768x614.jpg 768w, https:\/\/previews.elleven.digital\/acocearense\/wp-content\/uploads\/2020\/08\/estudantes-grupo-a\u00e7o.jpg 960w\" alt=\"\" width=\"300\" height=\"240\" \/><\/p>\n<p>O Grupo tamb\u00e9m promove, anualmente, em todas as suas empresas\u00a0o\u00a0Projeto Educacional.\u00a0Realizado desde 2010, o projeto tem o objetivo de sensibilizar os filhos dos colaboradores sobre a import\u00e2ncia e a valoriza\u00e7\u00e3o da educa\u00e7\u00e3o no per\u00edodo escolar. Podem participar do projeto os estudantes de escolas p\u00fablicas e privadas que obtiverem m\u00e9dia final geral a partir de 8,0 no ano letivo. Os alunos\u00a0inscritos, que\u00a0alcan\u00e7am essa m\u00e9dia, ganham\u00a0certificado, material escolar de apoio aos estudos\u00a0e participam de uma experi\u00eancia de inova\u00e7\u00e3o para potencializar seus conhecimentos.<\/p>\n<p><img loading=\"lazy\" decoding=\"async\" class=\"size-medium wp-image-8323 aligncenter\" src=\"https:\/\/previews.elleven.digital\/acocearense\/wp-content\/uploads\/2020\/08\/cola%C3%A7%C3%A3o-gac-300x161.jpg\" sizes=\"auto, (max-width: 300px) 100vw, 300px\" srcset=\"https:\/\/previews.elleven.digital\/acocearense\/wp-content\/uploads\/2020\/08\/cola\u00e7\u00e3o-gac-300x161.jpg 300w, https:\/\/previews.elleven.digital\/acocearense\/wp-content\/uploads\/2020\/08\/cola\u00e7\u00e3o-gac-768x411.jpg 768w, https:\/\/previews.elleven.digital\/acocearense\/wp-content\/uploads\/2020\/08\/cola\u00e7\u00e3o-gac-1024x549.jpg 1024w, https:\/\/previews.elleven.digital\/acocearense\/wp-content\/uploads\/2020\/08\/cola\u00e7\u00e3o-gac.jpg 1232w\" alt=\"\" width=\"300\" height=\"161\" \/><\/p>\n<p><img loading=\"lazy\" decoding=\"async\" class=\"alignright size-medium wp-image-8324\" src=\"https:\/\/previews.elleven.digital\/acocearense\/wp-content\/uploads\/2020\/08\/iac-225x300.jpg\" sizes=\"auto, (max-width: 225px) 100vw, 225px\" srcset=\"https:\/\/previews.elleven.digital\/acocearense\/wp-content\/uploads\/2020\/08\/iac-225x300.jpg 225w, https:\/\/previews.elleven.digital\/acocearense\/wp-content\/uploads\/2020\/08\/iac-768x1024.jpg 768w, https:\/\/previews.elleven.digital\/acocearense\/wp-content\/uploads\/2020\/08\/iac.jpg 960w\" alt=\"\" width=\"225\" height=\"300\" \/><\/p>\n<p>O Instituto A\u00e7o Cearense, que atua nas quest\u00f5es sociais do Grupo, tamb\u00e9m apoia v\u00e1rias institui\u00e7\u00f5es no Par\u00e1 e no Cear\u00e1, com foco na educa\u00e7\u00e3o. Segundo Rosemeire Matos, presidente do Instituto A\u00e7o Cearense, entre as iniciativas destaca-se a Junior Achievement, uma associa\u00e7\u00e3o internacional, sem fins lucrativos, fundada\u00a0em 1919 nos Estados Unidos e presente em 124 pa\u00edses. \u201cA associa\u00e7\u00e3o tem por objetivo a constru\u00e7\u00e3o de uma nova cultura na educa\u00e7\u00e3o escolar e acad\u00eamica e oferece recursos para que o jovem se torne um empreendedor.<\/p>\n<p>Foi fundada no Cear\u00e1, em mar\u00e7o de 2005, com sede em Fortaleza, e oferece uma grade de 25 programas educativos voltados para o empreendedorismo, beneficiando crian\u00e7as, adolescentes e adultos em todo o Cear\u00e1. Mais de 132 mil jovens e 3.300 volunt\u00e1rios j\u00e1 passaram pela institui\u00e7\u00e3o e a sua tecnologia social j\u00e1 beneficiou 71 munic\u00edpios do Cear\u00e1\u201d, explica a presidente.<\/p>\n","protected":false},"featured_media":2026,"template":"","meta":{"_acf_changed":false,"inline_featured_image":false},"categoria-noticia":[],"class_list":["post-2035","noticia","type-noticia","status-publish","has-post-thumbnail","hentry"],"acf":{"link":""},"yoast_head":"<!-- This site is optimized with the Yoast SEO plugin v25.9 - https:\/\/yoast.com\/wordpress\/plugins\/seo\/ -->\n<title>Grupo A\u00e7o Cearense celebra Dia Nacional dos Profissionais da Educa\u00e7\u00e3o apoiando projetos e institui\u00e7\u00f5es educacionais - Grupo A\u00e7o Cearense<\/title>\n<meta name=\"robots\" content=\"index, follow, max-snippet:-1, max-image-preview:large, max-video-preview:-1\" \/>\n<link rel=\"canonical\" href=\"https:\/\/previews.elleven.digital\/acocearense\/noticia\/grupo-aco-cearense-celebra-dia-nacional-dos-profissionais-da-educacao-apoiando-projetos-e-instituicoes-educacionais\/\" \/>\n<meta property=\"og:locale\" content=\"pt_BR\" \/>\n<meta property=\"og:type\" content=\"article\" \/>\n<meta property=\"og:title\" content=\"Grupo A\u00e7o Cearense celebra Dia Nacional dos Profissionais da Educa\u00e7\u00e3o apoiando projetos e institui\u00e7\u00f5es educacionais - Grupo A\u00e7o Cearense\" \/>\n<meta property=\"og:description\" content=\"Hoje (6 de agosto) \u00e9 celebrado o Dia Nacional dos Profissionais de Educa\u00e7\u00e3o, marcando um(...)\" \/>\n<meta property=\"og:url\" content=\"https:\/\/previews.elleven.digital\/acocearense\/noticia\/grupo-aco-cearense-celebra-dia-nacional-dos-profissionais-da-educacao-apoiando-projetos-e-instituicoes-educacionais\/\" \/>\n<meta property=\"og:site_name\" content=\"Grupo A\u00e7o Cearense\" \/>\n<meta property=\"article:modified_time\" content=\"2025-05-07T19:49:16+00:00\" \/>\n<meta property=\"og:image\" content=\"https:\/\/previews.elleven.digital\/acocearense\/wp-content\/uploads\/2025\/05\/grupo-aco.png\" \/>\n\t<meta property=\"og:image:width\" content=\"960\" \/>\n\t<meta property=\"og:image:height\" content=\"756\" \/>\n\t<meta property=\"og:image:type\" content=\"image\/png\" \/>\n<meta name=\"twitter:card\" content=\"summary_large_image\" \/>\n<meta name=\"twitter:label1\" content=\"Est. tempo de leitura\" \/>\n\t<meta name=\"twitter:data1\" content=\"4 minutos\" \/>\n<script type=\"application\/ld+json\" class=\"yoast-schema-graph\">{\"@context\":\"https:\/\/schema.org\",\"@graph\":[{\"@type\":\"WebPage\",\"@id\":\"https:\/\/previews.elleven.digital\/acocearense\/noticia\/grupo-aco-cearense-celebra-dia-nacional-dos-profissionais-da-educacao-apoiando-projetos-e-instituicoes-educacionais\/\",\"url\":\"https:\/\/previews.elleven.digital\/acocearense\/noticia\/grupo-aco-cearense-celebra-dia-nacional-dos-profissionais-da-educacao-apoiando-projetos-e-instituicoes-educacionais\/\",\"name\":\"Grupo A\u00e7o Cearense celebra Dia Nacional dos Profissionais da Educa\u00e7\u00e3o apoiando projetos e institui\u00e7\u00f5es educacionais - Grupo A\u00e7o Cearense\",\"isPartOf\":{\"@id\":\"https:\/\/previews.elleven.digital\/acocearense\/#website\"},\"primaryImageOfPage\":{\"@id\":\"https:\/\/previews.elleven.digital\/acocearense\/noticia\/grupo-aco-cearense-celebra-dia-nacional-dos-profissionais-da-educacao-apoiando-projetos-e-instituicoes-educacionais\/#primaryimage\"},\"image\":{\"@id\":\"https:\/\/previews.elleven.digital\/acocearense\/noticia\/grupo-aco-cearense-celebra-dia-nacional-dos-profissionais-da-educacao-apoiando-projetos-e-instituicoes-educacionais\/#primaryimage\"},\"thumbnailUrl\":\"https:\/\/previews.elleven.digital\/acocearense\/wp-content\/uploads\/2025\/05\/grupo-aco.png\",\"datePublished\":\"2020-08-06T19:48:01+00:00\",\"dateModified\":\"2025-05-07T19:49:16+00:00\",\"breadcrumb\":{\"@id\":\"https:\/\/previews.elleven.digital\/acocearense\/noticia\/grupo-aco-cearense-celebra-dia-nacional-dos-profissionais-da-educacao-apoiando-projetos-e-instituicoes-educacionais\/#breadcrumb\"},\"inLanguage\":\"pt-BR\",\"potentialAction\":[{\"@type\":\"ReadAction\",\"target\":[\"https:\/\/previews.elleven.digital\/acocearense\/noticia\/grupo-aco-cearense-celebra-dia-nacional-dos-profissionais-da-educacao-apoiando-projetos-e-instituicoes-educacionais\/\"]}]},{\"@type\":\"ImageObject\",\"inLanguage\":\"pt-BR\",\"@id\":\"https:\/\/previews.elleven.digital\/acocearense\/noticia\/grupo-aco-cearense-celebra-dia-nacional-dos-profissionais-da-educacao-apoiando-projetos-e-instituicoes-educacionais\/#primaryimage\",\"url\":\"https:\/\/previews.elleven.digital\/acocearense\/wp-content\/uploads\/2025\/05\/grupo-aco.png\",\"contentUrl\":\"https:\/\/previews.elleven.digital\/acocearense\/wp-content\/uploads\/2025\/05\/grupo-aco.png\",\"width\":960,\"height\":756},{\"@type\":\"BreadcrumbList\",\"@id\":\"https:\/\/previews.elleven.digital\/acocearense\/noticia\/grupo-aco-cearense-celebra-dia-nacional-dos-profissionais-da-educacao-apoiando-projetos-e-instituicoes-educacionais\/#breadcrumb\",\"itemListElement\":[{\"@type\":\"ListItem\",\"position\":1,\"name\":\"In\u00edcio\",\"item\":\"https:\/\/previews.elleven.digital\/acocearense\/\"},{\"@type\":\"ListItem\",\"position\":2,\"name\":\"Not\u00edcias\",\"item\":\"https:\/\/previews.elleven.digital\/acocearense\/noticias\/\"},{\"@type\":\"ListItem\",\"position\":3,\"name\":\"Grupo A\u00e7o Cearense celebra Dia Nacional dos Profissionais da Educa\u00e7\u00e3o apoiando projetos e institui\u00e7\u00f5es educacionais\"}]},{\"@type\":\"WebSite\",\"@id\":\"https:\/\/previews.elleven.digital\/acocearense\/#website\",\"url\":\"https:\/\/previews.elleven.digital\/acocearense\/\",\"name\":\"A\u00e7o Cearense\",\"description\":\"H\u00e1 mais de 45 anos no mercado brasileiro do a\u00e7o.\",\"alternateName\":\"A\u00e7o Cearense\",\"potentialAction\":[{\"@type\":\"SearchAction\",\"target\":{\"@type\":\"EntryPoint\",\"urlTemplate\":\"https:\/\/previews.elleven.digital\/acocearense\/?s={search_term_string}\"},\"query-input\":{\"@type\":\"PropertyValueSpecification\",\"valueRequired\":true,\"valueName\":\"search_term_string\"}}],\"inLanguage\":\"pt-BR\"}]}<\/script>\n<!-- \/ Yoast SEO plugin. -->","yoast_head_json":{"title":"Grupo A\u00e7o Cearense celebra Dia Nacional dos Profissionais da Educa\u00e7\u00e3o apoiando projetos e institui\u00e7\u00f5es educacionais - Grupo A\u00e7o Cearense","robots":{"index":"index","follow":"follow","max-snippet":"max-snippet:-1","max-image-preview":"max-image-preview:large","max-video-preview":"max-video-preview:-1"},"canonical":"https:\/\/previews.elleven.digital\/acocearense\/noticia\/grupo-aco-cearense-celebra-dia-nacional-dos-profissionais-da-educacao-apoiando-projetos-e-instituicoes-educacionais\/","og_locale":"pt_BR","og_type":"article","og_title":"Grupo A\u00e7o Cearense celebra Dia Nacional dos Profissionais da Educa\u00e7\u00e3o apoiando projetos e institui\u00e7\u00f5es educacionais - Grupo A\u00e7o Cearense","og_description":"Hoje (6 de agosto) \u00e9 celebrado o Dia Nacional dos Profissionais de Educa\u00e7\u00e3o, marcando um(...)","og_url":"https:\/\/previews.elleven.digital\/acocearense\/noticia\/grupo-aco-cearense-celebra-dia-nacional-dos-profissionais-da-educacao-apoiando-projetos-e-instituicoes-educacionais\/","og_site_name":"Grupo A\u00e7o Cearense","article_modified_time":"2025-05-07T19:49:16+00:00","og_image":[{"width":960,"height":756,"url":"https:\/\/previews.elleven.digital\/acocearense\/wp-content\/uploads\/2025\/05\/grupo-aco.png","type":"image\/png"}],"twitter_card":"summary_large_image","twitter_misc":{"Est. tempo de leitura":"4 minutos"},"schema":{"@context":"https:\/\/schema.org","@graph":[{"@type":"WebPage","@id":"https:\/\/previews.elleven.digital\/acocearense\/noticia\/grupo-aco-cearense-celebra-dia-nacional-dos-profissionais-da-educacao-apoiando-projetos-e-instituicoes-educacionais\/","url":"https:\/\/previews.elleven.digital\/acocearense\/noticia\/grupo-aco-cearense-celebra-dia-nacional-dos-profissionais-da-educacao-apoiando-projetos-e-instituicoes-educacionais\/","name":"Grupo A\u00e7o Cearense celebra Dia Nacional dos Profissionais da Educa\u00e7\u00e3o apoiando projetos e institui\u00e7\u00f5es educacionais - Grupo A\u00e7o Cearense","isPartOf":{"@id":"https:\/\/previews.elleven.digital\/acocearense\/#website"},"primaryImageOfPage":{"@id":"https:\/\/previews.elleven.digital\/acocearense\/noticia\/grupo-aco-cearense-celebra-dia-nacional-dos-profissionais-da-educacao-apoiando-projetos-e-instituicoes-educacionais\/#primaryimage"},"image":{"@id":"https:\/\/previews.elleven.digital\/acocearense\/noticia\/grupo-aco-cearense-celebra-dia-nacional-dos-profissionais-da-educacao-apoiando-projetos-e-instituicoes-educacionais\/#primaryimage"},"thumbnailUrl":"https:\/\/previews.elleven.digital\/acocearense\/wp-content\/uploads\/2025\/05\/grupo-aco.png","datePublished":"2020-08-06T19:48:01+00:00","dateModified":"2025-05-07T19:49:16+00:00","breadcrumb":{"@id":"https:\/\/previews.elleven.digital\/acocearense\/noticia\/grupo-aco-cearense-celebra-dia-nacional-dos-profissionais-da-educacao-apoiando-projetos-e-instituicoes-educacionais\/#breadcrumb"},"inLanguage":"pt-BR","potentialAction":[{"@type":"ReadAction","target":["https:\/\/previews.elleven.digital\/acocearense\/noticia\/grupo-aco-cearense-celebra-dia-nacional-dos-profissionais-da-educacao-apoiando-projetos-e-instituicoes-educacionais\/"]}]},{"@type":"ImageObject","inLanguage":"pt-BR","@id":"https:\/\/previews.elleven.digital\/acocearense\/noticia\/grupo-aco-cearense-celebra-dia-nacional-dos-profissionais-da-educacao-apoiando-projetos-e-instituicoes-educacionais\/#primaryimage","url":"https:\/\/previews.elleven.digital\/acocearense\/wp-content\/uploads\/2025\/05\/grupo-aco.png","contentUrl":"https:\/\/previews.elleven.digital\/acocearense\/wp-content\/uploads\/2025\/05\/grupo-aco.png","width":960,"height":756},{"@type":"BreadcrumbList","@id":"https:\/\/previews.elleven.digital\/acocearense\/noticia\/grupo-aco-cearense-celebra-dia-nacional-dos-profissionais-da-educacao-apoiando-projetos-e-instituicoes-educacionais\/#breadcrumb","itemListElement":[{"@type":"ListItem","position":1,"name":"In\u00edcio","item":"https:\/\/previews.elleven.digital\/acocearense\/"},{"@type":"ListItem","position":2,"name":"Not\u00edcias","item":"https:\/\/previews.elleven.digital\/acocearense\/noticias\/"},{"@type":"ListItem","position":3,"name":"Grupo A\u00e7o Cearense celebra Dia Nacional dos Profissionais da Educa\u00e7\u00e3o apoiando projetos e institui\u00e7\u00f5es educacionais"}]},{"@type":"WebSite","@id":"https:\/\/previews.elleven.digital\/acocearense\/#website","url":"https:\/\/previews.elleven.digital\/acocearense\/","name":"A\u00e7o Cearense","description":"H\u00e1 mais de 45 anos no mercado brasileiro do a\u00e7o.","alternateName":"A\u00e7o Cearense","potentialAction":[{"@type":"SearchAction","target":{"@type":"EntryPoint","urlTemplate":"https:\/\/previews.elleven.digital\/acocearense\/?s={search_term_string}"},"query-input":{"@type":"PropertyValueSpecification","valueRequired":true,"valueName":"search_term_string"}}],"inLanguage":"pt-BR"}]}},"_links":{"self":[{"href":"https:\/\/previews.elleven.digital\/acocearense\/wp-json\/wp\/v2\/noticia\/2035","targetHints":{"allow":["GET"]}}],"collection":[{"href":"https:\/\/previews.elleven.digital\/acocearense\/wp-json\/wp\/v2\/noticia"}],"about":[{"href":"https:\/\/previews.elleven.digital\/acocearense\/wp-json\/wp\/v2\/types\/noticia"}],"wp:featuredmedia":[{"embeddable":true,"href":"https:\/\/previews.elleven.digital\/acocearense\/wp-json\/wp\/v2\/media\/2026"}],"wp:attachment":[{"href":"https:\/\/previews.elleven.digital\/acocearense\/wp-json\/wp\/v2\/media?parent=2035"}],"wp:term":[{"taxonomy":"categoria-noticia","embeddable":true,"href":"https:\/\/previews.elleven.digital\/acocearense\/wp-json\/wp\/v2\/categoria-noticia?post=2035"}],"curies":[{"name":"wp","href":"https:\/\/api.w.org\/{rel}","templated":true}]}}