{"id":2034,"date":"2020-08-06T16:47:34","date_gmt":"2020-08-06T19:47:34","guid":{"rendered":"https:\/\/previews.elleven.digital\/acocearense\/?post_type=noticia&#038;p=2034"},"modified":"2025-05-07T16:47:57","modified_gmt":"2025-05-07T19:47:57","slug":"projeto-vamos-juntos-e-lancado-no-grupo-aco-cearense","status":"publish","type":"noticia","link":"https:\/\/previews.elleven.digital\/acocearense\/noticia\/projeto-vamos-juntos-e-lancado-no-grupo-aco-cearense\/","title":{"rendered":"Projeto Vamos Juntos \u00e9 lan\u00e7ado no Grupo A\u00e7o Cearense"},"content":{"rendered":"<p>O projeto Vamos juntos \u00e9 uma iniciativa do Grupo A\u00e7o Cearense para estimular a\u00a0<strong>carona solid\u00e1ria<\/strong>\u00a0entre os colaboradores. A ideia \u00e9 promover o uso compartilhado ou em altern\u00e2ncia de um autom\u00f3vel particular por duas ou mais pessoas, para viajarem juntos durante o trajeto para o trabalho.<\/p>\n<h2>Quais os benef\u00edcios de participar do projeto?<\/h2>\n<ul>\n<li>Menos estresse para quem precisa enfrentar o transporte p\u00fablico;<\/li>\n<li>Mais networking e integra\u00e7\u00e3o com pessoas de diversas \u00e1reas da empresa;<\/li>\n<li>Otimiza\u00e7\u00e3o do uso de vagas para estacionamento;<\/li>\n<li>Economia nos gastos com transporte;<\/li>\n<li>Melhorar a qualidade de vida das pessoas;<\/li>\n<li>Sustentabilidade na pr\u00e1tica: menos carros no tr\u00e2nsito = menos emiss\u00e3o de poluentes!<\/li>\n<\/ul>\n<p><em>\u201cA proposta do Vamos Juntos \u00e9 ajudar na integra\u00e7\u00e3o de colaboradores que, muitas vezes, moram muito pr\u00f3ximos ou usam um trajeto semelhante e \u00e0s vezes nem sabiam. N\u00f3s iremos fazer essa ponte entre as pessoas, facilitando as conex\u00f5es. Acreditamos que a iniciativa vai ajudar n\u00e3o s\u00f3 quem utiliza transporte p\u00fablico, mas tamb\u00e9m quem usa ve\u00edculo pr\u00f3prio e acaba tendo a chance de fazer novos amigos. Nesse momento de pandemia, o projeto \u00e9 ainda mais importante pois assim alguns colaboradores podem evitar as aglomera\u00e7\u00f5es dos transportes p\u00fablicos\u201d<\/em>, comenta Eliana Freitas, Coordenadora de Recursos Humanos e gestora do projeto.<\/p>\n<p>Lembramos que por conta da pandemia, \u00e9 fundamental que todos os colaboradores permane\u00e7am utilizando a m\u00e1scara dentro do autom\u00f3vel e mantenham distanciamento. \u00a0Outra sugest\u00e3o \u00e9 n\u00e3o utilizar ar condicionado, dando prefer\u00eancia a andar com os vidros baixados.<\/p>\n","protected":false},"featured_media":2027,"template":"","meta":{"_acf_changed":false,"inline_featured_image":false},"categoria-noticia":[],"class_list":["post-2034","noticia","type-noticia","status-publish","has-post-thumbnail","hentry"],"acf":{"link":""},"yoast_head":"<!-- This site is optimized with the Yoast SEO plugin v25.9 - https:\/\/yoast.com\/wordpress\/plugins\/seo\/ -->\n<title>Projeto Vamos Juntos \u00e9 lan\u00e7ado no Grupo A\u00e7o Cearense - Grupo A\u00e7o Cearense<\/title>\n<meta name=\"robots\" content=\"index, follow, max-snippet:-1, max-image-preview:large, max-video-preview:-1\" \/>\n<link rel=\"canonical\" href=\"https:\/\/previews.elleven.digital\/acocearense\/noticia\/projeto-vamos-juntos-e-lancado-no-grupo-aco-cearense\/\" \/>\n<meta property=\"og:locale\" content=\"pt_BR\" \/>\n<meta property=\"og:type\" content=\"article\" \/>\n<meta property=\"og:title\" content=\"Projeto Vamos Juntos \u00e9 lan\u00e7ado no Grupo A\u00e7o Cearense - Grupo A\u00e7o Cearense\" \/>\n<meta property=\"og:description\" content=\"O projeto Vamos juntos \u00e9 uma iniciativa do Grupo A\u00e7o Cearense para estimular a\u00a0carona solid\u00e1ria\u00a0entre(...)\" \/>\n<meta property=\"og:url\" content=\"https:\/\/previews.elleven.digital\/acocearense\/noticia\/projeto-vamos-juntos-e-lancado-no-grupo-aco-cearense\/\" \/>\n<meta property=\"og:site_name\" content=\"Grupo A\u00e7o Cearense\" \/>\n<meta property=\"article:modified_time\" content=\"2025-05-07T19:47:57+00:00\" \/>\n<meta property=\"og:image\" content=\"https:\/\/previews.elleven.digital\/acocearense\/wp-content\/uploads\/2025\/05\/vamos-juntos-gac.jpg\" \/>\n\t<meta property=\"og:image:width\" content=\"2482\" \/>\n\t<meta property=\"og:image:height\" content=\"1689\" \/>\n\t<meta property=\"og:image:type\" content=\"image\/jpeg\" \/>\n<meta name=\"twitter:card\" content=\"summary_large_image\" \/>\n<meta name=\"twitter:label1\" content=\"Est. tempo de leitura\" \/>\n\t<meta name=\"twitter:data1\" content=\"1 minuto\" \/>\n<script type=\"application\/ld+json\" class=\"yoast-schema-graph\">{\"@context\":\"https:\/\/schema.org\",\"@graph\":[{\"@type\":\"WebPage\",\"@id\":\"https:\/\/previews.elleven.digital\/acocearense\/noticia\/projeto-vamos-juntos-e-lancado-no-grupo-aco-cearense\/\",\"url\":\"https:\/\/previews.elleven.digital\/acocearense\/noticia\/projeto-vamos-juntos-e-lancado-no-grupo-aco-cearense\/\",\"name\":\"Projeto Vamos Juntos \u00e9 lan\u00e7ado no Grupo A\u00e7o Cearense - Grupo A\u00e7o Cearense\",\"isPartOf\":{\"@id\":\"https:\/\/previews.elleven.digital\/acocearense\/#website\"},\"primaryImageOfPage\":{\"@id\":\"https:\/\/previews.elleven.digital\/acocearense\/noticia\/projeto-vamos-juntos-e-lancado-no-grupo-aco-cearense\/#primaryimage\"},\"image\":{\"@id\":\"https:\/\/previews.elleven.digital\/acocearense\/noticia\/projeto-vamos-juntos-e-lancado-no-grupo-aco-cearense\/#primaryimage\"},\"thumbnailUrl\":\"https:\/\/previews.elleven.digital\/acocearense\/wp-content\/uploads\/2025\/05\/vamos-juntos-gac.jpg\",\"datePublished\":\"2020-08-06T19:47:34+00:00\",\"dateModified\":\"2025-05-07T19:47:57+00:00\",\"breadcrumb\":{\"@id\":\"https:\/\/previews.elleven.digital\/acocearense\/noticia\/projeto-vamos-juntos-e-lancado-no-grupo-aco-cearense\/#breadcrumb\"},\"inLanguage\":\"pt-BR\",\"potentialAction\":[{\"@type\":\"ReadAction\",\"target\":[\"https:\/\/previews.elleven.digital\/acocearense\/noticia\/projeto-vamos-juntos-e-lancado-no-grupo-aco-cearense\/\"]}]},{\"@type\":\"ImageObject\",\"inLanguage\":\"pt-BR\",\"@id\":\"https:\/\/previews.elleven.digital\/acocearense\/noticia\/projeto-vamos-juntos-e-lancado-no-grupo-aco-cearense\/#primaryimage\",\"url\":\"https:\/\/previews.elleven.digital\/acocearense\/wp-content\/uploads\/2025\/05\/vamos-juntos-gac.jpg\",\"contentUrl\":\"https:\/\/previews.elleven.digital\/acocearense\/wp-content\/uploads\/2025\/05\/vamos-juntos-gac.jpg\",\"width\":2482,\"height\":1689},{\"@type\":\"BreadcrumbList\",\"@id\":\"https:\/\/previews.elleven.digital\/acocearense\/noticia\/projeto-vamos-juntos-e-lancado-no-grupo-aco-cearense\/#breadcrumb\",\"itemListElement\":[{\"@type\":\"ListItem\",\"position\":1,\"name\":\"In\u00edcio\",\"item\":\"https:\/\/previews.elleven.digital\/acocearense\/\"},{\"@type\":\"ListItem\",\"position\":2,\"name\":\"Not\u00edcias\",\"item\":\"https:\/\/previews.elleven.digital\/acocearense\/noticias\/\"},{\"@type\":\"ListItem\",\"position\":3,\"name\":\"Projeto Vamos Juntos \u00e9 lan\u00e7ado no Grupo A\u00e7o Cearense\"}]},{\"@type\":\"WebSite\",\"@id\":\"https:\/\/previews.elleven.digital\/acocearense\/#website\",\"url\":\"https:\/\/previews.elleven.digital\/acocearense\/\",\"name\":\"A\u00e7o Cearense\",\"description\":\"H\u00e1 mais de 45 anos no mercado brasileiro do a\u00e7o.\",\"alternateName\":\"A\u00e7o Cearense\",\"potentialAction\":[{\"@type\":\"SearchAction\",\"target\":{\"@type\":\"EntryPoint\",\"urlTemplate\":\"https:\/\/previews.elleven.digital\/acocearense\/?s={search_term_string}\"},\"query-input\":{\"@type\":\"PropertyValueSpecification\",\"valueRequired\":true,\"valueName\":\"search_term_string\"}}],\"inLanguage\":\"pt-BR\"}]}<\/script>\n<!-- \/ Yoast SEO plugin. -->","yoast_head_json":{"title":"Projeto Vamos Juntos \u00e9 lan\u00e7ado no Grupo A\u00e7o Cearense - Grupo A\u00e7o Cearense","robots":{"index":"index","follow":"follow","max-snippet":"max-snippet:-1","max-image-preview":"max-image-preview:large","max-video-preview":"max-video-preview:-1"},"canonical":"https:\/\/previews.elleven.digital\/acocearense\/noticia\/projeto-vamos-juntos-e-lancado-no-grupo-aco-cearense\/","og_locale":"pt_BR","og_type":"article","og_title":"Projeto Vamos Juntos \u00e9 lan\u00e7ado no Grupo A\u00e7o Cearense - Grupo A\u00e7o Cearense","og_description":"O projeto Vamos juntos \u00e9 uma iniciativa do Grupo A\u00e7o Cearense para estimular a\u00a0carona solid\u00e1ria\u00a0entre(...)","og_url":"https:\/\/previews.elleven.digital\/acocearense\/noticia\/projeto-vamos-juntos-e-lancado-no-grupo-aco-cearense\/","og_site_name":"Grupo A\u00e7o Cearense","article_modified_time":"2025-05-07T19:47:57+00:00","og_image":[{"width":2482,"height":1689,"url":"https:\/\/previews.elleven.digital\/acocearense\/wp-content\/uploads\/2025\/05\/vamos-juntos-gac.jpg","type":"image\/jpeg"}],"twitter_card":"summary_large_image","twitter_misc":{"Est. tempo de leitura":"1 minuto"},"schema":{"@context":"https:\/\/schema.org","@graph":[{"@type":"WebPage","@id":"https:\/\/previews.elleven.digital\/acocearense\/noticia\/projeto-vamos-juntos-e-lancado-no-grupo-aco-cearense\/","url":"https:\/\/previews.elleven.digital\/acocearense\/noticia\/projeto-vamos-juntos-e-lancado-no-grupo-aco-cearense\/","name":"Projeto Vamos Juntos \u00e9 lan\u00e7ado no Grupo A\u00e7o Cearense - Grupo A\u00e7o Cearense","isPartOf":{"@id":"https:\/\/previews.elleven.digital\/acocearense\/#website"},"primaryImageOfPage":{"@id":"https:\/\/previews.elleven.digital\/acocearense\/noticia\/projeto-vamos-juntos-e-lancado-no-grupo-aco-cearense\/#primaryimage"},"image":{"@id":"https:\/\/previews.elleven.digital\/acocearense\/noticia\/projeto-vamos-juntos-e-lancado-no-grupo-aco-cearense\/#primaryimage"},"thumbnailUrl":"https:\/\/previews.elleven.digital\/acocearense\/wp-content\/uploads\/2025\/05\/vamos-juntos-gac.jpg","datePublished":"2020-08-06T19:47:34+00:00","dateModified":"2025-05-07T19:47:57+00:00","breadcrumb":{"@id":"https:\/\/previews.elleven.digital\/acocearense\/noticia\/projeto-vamos-juntos-e-lancado-no-grupo-aco-cearense\/#breadcrumb"},"inLanguage":"pt-BR","potentialAction":[{"@type":"ReadAction","target":["https:\/\/previews.elleven.digital\/acocearense\/noticia\/projeto-vamos-juntos-e-lancado-no-grupo-aco-cearense\/"]}]},{"@type":"ImageObject","inLanguage":"pt-BR","@id":"https:\/\/previews.elleven.digital\/acocearense\/noticia\/projeto-vamos-juntos-e-lancado-no-grupo-aco-cearense\/#primaryimage","url":"https:\/\/previews.elleven.digital\/acocearense\/wp-content\/uploads\/2025\/05\/vamos-juntos-gac.jpg","contentUrl":"https:\/\/previews.elleven.digital\/acocearense\/wp-content\/uploads\/2025\/05\/vamos-juntos-gac.jpg","width":2482,"height":1689},{"@type":"BreadcrumbList","@id":"https:\/\/previews.elleven.digital\/acocearense\/noticia\/projeto-vamos-juntos-e-lancado-no-grupo-aco-cearense\/#breadcrumb","itemListElement":[{"@type":"ListItem","position":1,"name":"In\u00edcio","item":"https:\/\/previews.elleven.digital\/acocearense\/"},{"@type":"ListItem","position":2,"name":"Not\u00edcias","item":"https:\/\/previews.elleven.digital\/acocearense\/noticias\/"},{"@type":"ListItem","position":3,"name":"Projeto Vamos Juntos \u00e9 lan\u00e7ado no Grupo A\u00e7o Cearense"}]},{"@type":"WebSite","@id":"https:\/\/previews.elleven.digital\/acocearense\/#website","url":"https:\/\/previews.elleven.digital\/acocearense\/","name":"A\u00e7o Cearense","description":"H\u00e1 mais de 45 anos no mercado brasileiro do a\u00e7o.","alternateName":"A\u00e7o Cearense","potentialAction":[{"@type":"SearchAction","target":{"@type":"EntryPoint","urlTemplate":"https:\/\/previews.elleven.digital\/acocearense\/?s={search_term_string}"},"query-input":{"@type":"PropertyValueSpecification","valueRequired":true,"valueName":"search_term_string"}}],"inLanguage":"pt-BR"}]}},"_links":{"self":[{"href":"https:\/\/previews.elleven.digital\/acocearense\/wp-json\/wp\/v2\/noticia\/2034","targetHints":{"allow":["GET"]}}],"collection":[{"href":"https:\/\/previews.elleven.digital\/acocearense\/wp-json\/wp\/v2\/noticia"}],"about":[{"href":"https:\/\/previews.elleven.digital\/acocearense\/wp-json\/wp\/v2\/types\/noticia"}],"wp:featuredmedia":[{"embeddable":true,"href":"https:\/\/previews.elleven.digital\/acocearense\/wp-json\/wp\/v2\/media\/2027"}],"wp:attachment":[{"href":"https:\/\/previews.elleven.digital\/acocearense\/wp-json\/wp\/v2\/media?parent=2034"}],"wp:term":[{"taxonomy":"categoria-noticia","embeddable":true,"href":"https:\/\/previews.elleven.digital\/acocearense\/wp-json\/wp\/v2\/categoria-noticia?post=2034"}],"curies":[{"name":"wp","href":"https:\/\/api.w.org\/{rel}","templated":true}]}}