{"id":2018,"date":"2020-07-10T16:37:21","date_gmt":"2020-07-10T19:37:21","guid":{"rendered":"https:\/\/previews.elleven.digital\/acocearense\/?post_type=noticia&#038;p=2018"},"modified":"2025-05-07T16:46:35","modified_gmt":"2025-05-07T19:46:35","slug":"ian-correa-no-webinar-do-grupo-senior","status":"publish","type":"noticia","link":"https:\/\/previews.elleven.digital\/acocearense\/noticia\/ian-correa-no-webinar-do-grupo-senior\/","title":{"rendered":"Ian Corr\u00eaa no Webinar do Grupo S\u00eanior"},"content":{"rendered":"<p>No \u00faltimo dia 25, Ian Corr\u00eaa, Vice-Presidente de Opera\u00e7\u00f5es do Grupo A\u00e7o Cearense, esteve no Encontro Online do Grupo S\u00eanior, composto por Diretores de empresas do Nordeste. O webinar contou com as inscri\u00e7\u00f5es de quase 200 executivos, interessados em prestigiar o evento virtual por meio da plataforma Zoom.<\/p>\n<p>No momento, tamb\u00e9m estiveram presentes Annette de Castro, CEO da Mallory e Elias Leite, Presidente da Unimed Fortaleza, compartilhando e debatendo sobre as suas experi\u00eancias de gest\u00e3o, considerando todos os Desafios e as Estrat\u00e9gias no cen\u00e1rio de pandemia. A media\u00e7\u00e3o foi feita pelo diretor executivo da Camarmo Consultoria, Carlos Moror\u00f3.<br \/>\n<img loading=\"lazy\" decoding=\"async\" class=\"size-medium wp-image-7952 aligncenter\" src=\"https:\/\/previews.elleven.digital\/acocearense\/wp-content\/uploads\/2020\/07\/ian-correa-300x200.jpg\" sizes=\"auto, (max-width: 300px) 100vw, 300px\" srcset=\"https:\/\/previews.elleven.digital\/acocearense\/wp-content\/uploads\/2020\/07\/ian-correa-300x200.jpg 300w, https:\/\/previews.elleven.digital\/acocearense\/wp-content\/uploads\/2020\/07\/ian-correa-768x512.jpg 768w, https:\/\/previews.elleven.digital\/acocearense\/wp-content\/uploads\/2020\/07\/ian-correa-1024x682.jpg 1024w, https:\/\/previews.elleven.digital\/acocearense\/wp-content\/uploads\/2020\/07\/ian-correa-600x400.jpg 600w, https:\/\/previews.elleven.digital\/acocearense\/wp-content\/uploads\/2020\/07\/ian-correa.jpg 1280w\" alt=\"\" width=\"300\" height=\"200\" \/><br \/>\nIan Corr\u00eaa, falou durante o encontro sobre a import\u00e2ncia da adapta\u00e7\u00e3o: \u201cTrabalhamos desde o in\u00edcio da pandemia com 3 pilares: sobreviv\u00eancia, sustenta\u00e7\u00e3o e retomada. Nossas a\u00e7\u00f5es foram tomadas, baseadas em nosso foco priorit\u00e1rio: cuidar dos nossos colaboradores e seus familiares, buscando proteger a sa\u00fade de cada um e oferecer suporte, n\u00e3o parar nossas opera\u00e7\u00f5es, cuidar para que nossos clientes pudessem tamb\u00e9m passar por esse momento e que toda essa situa\u00e7\u00e3o iria passar e sair\u00edamos mais fortes. Criamos um Comit\u00ea de Crise para decidir e acompanhar diariamente todas as medidas necess\u00e1rias para o enfrentamento desse momento. Usamos uma comunica\u00e7\u00e3o ativa com os nossos colaboradores e clientes, informando com transpar\u00eancia as a\u00e7\u00f5es e decis\u00f5es tomadas. E neste momento de retomada, estamos reformulando nossa estrat\u00e9gia e processos para adequar nossas opera\u00e7\u00f5es a esse \u201c<em>novo normal\u201d<\/em>.<\/p>\n","protected":false},"featured_media":2030,"template":"","meta":{"_acf_changed":false,"inline_featured_image":false},"categoria-noticia":[],"class_list":["post-2018","noticia","type-noticia","status-publish","has-post-thumbnail","hentry"],"acf":{"link":""},"yoast_head":"<!-- This site is optimized with the Yoast SEO plugin v25.9 - https:\/\/yoast.com\/wordpress\/plugins\/seo\/ -->\n<title>Ian Corr\u00eaa no Webinar do Grupo S\u00eanior - Grupo A\u00e7o Cearense<\/title>\n<meta name=\"robots\" content=\"index, follow, max-snippet:-1, max-image-preview:large, max-video-preview:-1\" \/>\n<link rel=\"canonical\" href=\"https:\/\/previews.elleven.digital\/acocearense\/noticia\/ian-correa-no-webinar-do-grupo-senior\/\" \/>\n<meta property=\"og:locale\" content=\"pt_BR\" \/>\n<meta property=\"og:type\" content=\"article\" \/>\n<meta property=\"og:title\" content=\"Ian Corr\u00eaa no Webinar do Grupo S\u00eanior - Grupo A\u00e7o Cearense\" \/>\n<meta property=\"og:description\" content=\"No \u00faltimo dia 25, Ian Corr\u00eaa, Vice-Presidente de Opera\u00e7\u00f5es do Grupo A\u00e7o Cearense, esteve no(...)\" \/>\n<meta property=\"og:url\" content=\"https:\/\/previews.elleven.digital\/acocearense\/noticia\/ian-correa-no-webinar-do-grupo-senior\/\" \/>\n<meta property=\"og:site_name\" content=\"Grupo A\u00e7o Cearense\" \/>\n<meta property=\"article:modified_time\" content=\"2025-05-07T19:46:35+00:00\" \/>\n<meta property=\"og:image\" content=\"https:\/\/previews.elleven.digital\/acocearense\/wp-content\/uploads\/2025\/05\/webinar.jpg\" \/>\n\t<meta property=\"og:image:width\" content=\"932\" \/>\n\t<meta property=\"og:image:height\" content=\"542\" \/>\n\t<meta property=\"og:image:type\" content=\"image\/jpeg\" \/>\n<meta name=\"twitter:card\" content=\"summary_large_image\" \/>\n<meta name=\"twitter:label1\" content=\"Est. tempo de leitura\" \/>\n\t<meta name=\"twitter:data1\" content=\"2 minutos\" \/>\n<script type=\"application\/ld+json\" class=\"yoast-schema-graph\">{\"@context\":\"https:\/\/schema.org\",\"@graph\":[{\"@type\":\"WebPage\",\"@id\":\"https:\/\/previews.elleven.digital\/acocearense\/noticia\/ian-correa-no-webinar-do-grupo-senior\/\",\"url\":\"https:\/\/previews.elleven.digital\/acocearense\/noticia\/ian-correa-no-webinar-do-grupo-senior\/\",\"name\":\"Ian Corr\u00eaa no Webinar do Grupo S\u00eanior - Grupo A\u00e7o Cearense\",\"isPartOf\":{\"@id\":\"https:\/\/previews.elleven.digital\/acocearense\/#website\"},\"primaryImageOfPage\":{\"@id\":\"https:\/\/previews.elleven.digital\/acocearense\/noticia\/ian-correa-no-webinar-do-grupo-senior\/#primaryimage\"},\"image\":{\"@id\":\"https:\/\/previews.elleven.digital\/acocearense\/noticia\/ian-correa-no-webinar-do-grupo-senior\/#primaryimage\"},\"thumbnailUrl\":\"https:\/\/previews.elleven.digital\/acocearense\/wp-content\/uploads\/2025\/05\/webinar.jpg\",\"datePublished\":\"2020-07-10T19:37:21+00:00\",\"dateModified\":\"2025-05-07T19:46:35+00:00\",\"breadcrumb\":{\"@id\":\"https:\/\/previews.elleven.digital\/acocearense\/noticia\/ian-correa-no-webinar-do-grupo-senior\/#breadcrumb\"},\"inLanguage\":\"pt-BR\",\"potentialAction\":[{\"@type\":\"ReadAction\",\"target\":[\"https:\/\/previews.elleven.digital\/acocearense\/noticia\/ian-correa-no-webinar-do-grupo-senior\/\"]}]},{\"@type\":\"ImageObject\",\"inLanguage\":\"pt-BR\",\"@id\":\"https:\/\/previews.elleven.digital\/acocearense\/noticia\/ian-correa-no-webinar-do-grupo-senior\/#primaryimage\",\"url\":\"https:\/\/previews.elleven.digital\/acocearense\/wp-content\/uploads\/2025\/05\/webinar.jpg\",\"contentUrl\":\"https:\/\/previews.elleven.digital\/acocearense\/wp-content\/uploads\/2025\/05\/webinar.jpg\",\"width\":932,\"height\":542},{\"@type\":\"BreadcrumbList\",\"@id\":\"https:\/\/previews.elleven.digital\/acocearense\/noticia\/ian-correa-no-webinar-do-grupo-senior\/#breadcrumb\",\"itemListElement\":[{\"@type\":\"ListItem\",\"position\":1,\"name\":\"In\u00edcio\",\"item\":\"https:\/\/previews.elleven.digital\/acocearense\/\"},{\"@type\":\"ListItem\",\"position\":2,\"name\":\"Not\u00edcias\",\"item\":\"https:\/\/previews.elleven.digital\/acocearense\/noticias\/\"},{\"@type\":\"ListItem\",\"position\":3,\"name\":\"Ian Corr\u00eaa no Webinar do Grupo S\u00eanior\"}]},{\"@type\":\"WebSite\",\"@id\":\"https:\/\/previews.elleven.digital\/acocearense\/#website\",\"url\":\"https:\/\/previews.elleven.digital\/acocearense\/\",\"name\":\"A\u00e7o Cearense\",\"description\":\"H\u00e1 mais de 45 anos no mercado brasileiro do a\u00e7o.\",\"alternateName\":\"A\u00e7o Cearense\",\"potentialAction\":[{\"@type\":\"SearchAction\",\"target\":{\"@type\":\"EntryPoint\",\"urlTemplate\":\"https:\/\/previews.elleven.digital\/acocearense\/?s={search_term_string}\"},\"query-input\":{\"@type\":\"PropertyValueSpecification\",\"valueRequired\":true,\"valueName\":\"search_term_string\"}}],\"inLanguage\":\"pt-BR\"}]}<\/script>\n<!-- \/ Yoast SEO plugin. -->","yoast_head_json":{"title":"Ian Corr\u00eaa no Webinar do Grupo S\u00eanior - Grupo A\u00e7o Cearense","robots":{"index":"index","follow":"follow","max-snippet":"max-snippet:-1","max-image-preview":"max-image-preview:large","max-video-preview":"max-video-preview:-1"},"canonical":"https:\/\/previews.elleven.digital\/acocearense\/noticia\/ian-correa-no-webinar-do-grupo-senior\/","og_locale":"pt_BR","og_type":"article","og_title":"Ian Corr\u00eaa no Webinar do Grupo S\u00eanior - Grupo A\u00e7o Cearense","og_description":"No \u00faltimo dia 25, Ian Corr\u00eaa, Vice-Presidente de Opera\u00e7\u00f5es do Grupo A\u00e7o Cearense, esteve no(...)","og_url":"https:\/\/previews.elleven.digital\/acocearense\/noticia\/ian-correa-no-webinar-do-grupo-senior\/","og_site_name":"Grupo A\u00e7o Cearense","article_modified_time":"2025-05-07T19:46:35+00:00","og_image":[{"width":932,"height":542,"url":"https:\/\/previews.elleven.digital\/acocearense\/wp-content\/uploads\/2025\/05\/webinar.jpg","type":"image\/jpeg"}],"twitter_card":"summary_large_image","twitter_misc":{"Est. tempo de leitura":"2 minutos"},"schema":{"@context":"https:\/\/schema.org","@graph":[{"@type":"WebPage","@id":"https:\/\/previews.elleven.digital\/acocearense\/noticia\/ian-correa-no-webinar-do-grupo-senior\/","url":"https:\/\/previews.elleven.digital\/acocearense\/noticia\/ian-correa-no-webinar-do-grupo-senior\/","name":"Ian Corr\u00eaa no Webinar do Grupo S\u00eanior - Grupo A\u00e7o Cearense","isPartOf":{"@id":"https:\/\/previews.elleven.digital\/acocearense\/#website"},"primaryImageOfPage":{"@id":"https:\/\/previews.elleven.digital\/acocearense\/noticia\/ian-correa-no-webinar-do-grupo-senior\/#primaryimage"},"image":{"@id":"https:\/\/previews.elleven.digital\/acocearense\/noticia\/ian-correa-no-webinar-do-grupo-senior\/#primaryimage"},"thumbnailUrl":"https:\/\/previews.elleven.digital\/acocearense\/wp-content\/uploads\/2025\/05\/webinar.jpg","datePublished":"2020-07-10T19:37:21+00:00","dateModified":"2025-05-07T19:46:35+00:00","breadcrumb":{"@id":"https:\/\/previews.elleven.digital\/acocearense\/noticia\/ian-correa-no-webinar-do-grupo-senior\/#breadcrumb"},"inLanguage":"pt-BR","potentialAction":[{"@type":"ReadAction","target":["https:\/\/previews.elleven.digital\/acocearense\/noticia\/ian-correa-no-webinar-do-grupo-senior\/"]}]},{"@type":"ImageObject","inLanguage":"pt-BR","@id":"https:\/\/previews.elleven.digital\/acocearense\/noticia\/ian-correa-no-webinar-do-grupo-senior\/#primaryimage","url":"https:\/\/previews.elleven.digital\/acocearense\/wp-content\/uploads\/2025\/05\/webinar.jpg","contentUrl":"https:\/\/previews.elleven.digital\/acocearense\/wp-content\/uploads\/2025\/05\/webinar.jpg","width":932,"height":542},{"@type":"BreadcrumbList","@id":"https:\/\/previews.elleven.digital\/acocearense\/noticia\/ian-correa-no-webinar-do-grupo-senior\/#breadcrumb","itemListElement":[{"@type":"ListItem","position":1,"name":"In\u00edcio","item":"https:\/\/previews.elleven.digital\/acocearense\/"},{"@type":"ListItem","position":2,"name":"Not\u00edcias","item":"https:\/\/previews.elleven.digital\/acocearense\/noticias\/"},{"@type":"ListItem","position":3,"name":"Ian Corr\u00eaa no Webinar do Grupo S\u00eanior"}]},{"@type":"WebSite","@id":"https:\/\/previews.elleven.digital\/acocearense\/#website","url":"https:\/\/previews.elleven.digital\/acocearense\/","name":"A\u00e7o Cearense","description":"H\u00e1 mais de 45 anos no mercado brasileiro do a\u00e7o.","alternateName":"A\u00e7o Cearense","potentialAction":[{"@type":"SearchAction","target":{"@type":"EntryPoint","urlTemplate":"https:\/\/previews.elleven.digital\/acocearense\/?s={search_term_string}"},"query-input":{"@type":"PropertyValueSpecification","valueRequired":true,"valueName":"search_term_string"}}],"inLanguage":"pt-BR"}]}},"_links":{"self":[{"href":"https:\/\/previews.elleven.digital\/acocearense\/wp-json\/wp\/v2\/noticia\/2018","targetHints":{"allow":["GET"]}}],"collection":[{"href":"https:\/\/previews.elleven.digital\/acocearense\/wp-json\/wp\/v2\/noticia"}],"about":[{"href":"https:\/\/previews.elleven.digital\/acocearense\/wp-json\/wp\/v2\/types\/noticia"}],"wp:featuredmedia":[{"embeddable":true,"href":"https:\/\/previews.elleven.digital\/acocearense\/wp-json\/wp\/v2\/media\/2030"}],"wp:attachment":[{"href":"https:\/\/previews.elleven.digital\/acocearense\/wp-json\/wp\/v2\/media?parent=2018"}],"wp:term":[{"taxonomy":"categoria-noticia","embeddable":true,"href":"https:\/\/previews.elleven.digital\/acocearense\/wp-json\/wp\/v2\/categoria-noticia?post=2018"}],"curies":[{"name":"wp","href":"https:\/\/api.w.org\/{rel}","templated":true}]}}