{"id":2017,"date":"2020-06-09T16:36:31","date_gmt":"2020-06-09T19:36:31","guid":{"rendered":"https:\/\/previews.elleven.digital\/acocearense\/?post_type=noticia&#038;p=2017"},"modified":"2025-05-07T16:37:05","modified_gmt":"2025-05-07T19:37:05","slug":"grupo-aco-cearense-reforca-projetos-de-tecnologia-durante-a-pandemia","status":"publish","type":"noticia","link":"https:\/\/previews.elleven.digital\/acocearense\/noticia\/grupo-aco-cearense-reforca-projetos-de-tecnologia-durante-a-pandemia\/","title":{"rendered":"Grupo A\u00e7o Cearense refor\u00e7a projetos de tecnologia durante a pandemia"},"content":{"rendered":"<p data-identifyelement=\"302\"><span data-identifyelement=\"307\">A pandemia da Covid-19 tornou as pessoas mais receptivas ao uso das tecnologias e investir nas ferramentas digitais passou a ser um quesito fundamental para as empresas neste momento. A observa\u00e7\u00e3o \u00e9 do gerente de TI do Grupo A\u00e7o Cearense, Vinicius Amanaj\u00e1s, que participou da Live 50 CIOs, promovida pela Netglobe, nesta ter\u00e7a-feira (7), contando um pouco da experi\u00eancia da companhia nos \u00faltimos meses.<\/span><\/p>\n<p data-identifyelement=\"314\"><span data-identifyelement=\"315\">Vin\u00edcius apresentou o case do Grupo A\u00e7o Cearense, que possui empresas no\u00a0Cear\u00e1 e tamb\u00e9m no Par\u00e1 e\u00a0em\u00a0Tocantins, onde est\u00e3o localizadas a SINOBRAS e a SINOBRAS FLORESTAL. Com empresas geograficamente distantes, o Grupo investe em tecnologia para aproximar cada vez mais e atender com excel\u00eancia clientes, fornecedores e colaboradores. \u201cJ\u00e1 est\u00e1vamos trabalhando de forma muito positiva a nossa tecnologia, tanto que este ano ganhamos o pr\u00eamio\u00a0<em data-identifyelement=\"316\">SAP\u00a0Innovation Awards 2020<\/em><\/span><span data-identifyelement=\"317\">\u00a0com um projeto voltado para o desenvolvimento de solu\u00e7\u00f5es or\u00e7ament\u00e1rias, ap\u00f3s concorrer com projetos do mundo todo. Estamos focados em utilizar, da melhor forma, a tecnologia ao nosso favor e de nossos clientes, e isso ficou ainda mais evidente e necess\u00e1rio agora com a pandemia\u201d, destacou Vin\u00edcius.<\/span><\/p>\n<p data-identifyelement=\"324\"><span data-identifyelement=\"325\">Al\u00e9m do Grupo A\u00e7o Cearense, tamb\u00e9m foram apresentados os cases das empresas Avon, Electrolux, Lenovo e GRSA.<\/span><\/p>\n","protected":false},"featured_media":1995,"template":"","meta":{"_acf_changed":false,"inline_featured_image":false},"categoria-noticia":[],"class_list":["post-2017","noticia","type-noticia","status-publish","has-post-thumbnail","hentry"],"acf":{"link":""},"yoast_head":"<!-- This site is optimized with the Yoast SEO plugin v25.9 - https:\/\/yoast.com\/wordpress\/plugins\/seo\/ -->\n<title>Grupo A\u00e7o Cearense refor\u00e7a projetos de tecnologia durante a pandemia - Grupo A\u00e7o Cearense<\/title>\n<meta name=\"robots\" content=\"index, follow, max-snippet:-1, max-image-preview:large, max-video-preview:-1\" \/>\n<link rel=\"canonical\" href=\"https:\/\/previews.elleven.digital\/acocearense\/noticia\/grupo-aco-cearense-reforca-projetos-de-tecnologia-durante-a-pandemia\/\" \/>\n<meta property=\"og:locale\" content=\"pt_BR\" \/>\n<meta property=\"og:type\" content=\"article\" \/>\n<meta property=\"og:title\" content=\"Grupo A\u00e7o Cearense refor\u00e7a projetos de tecnologia durante a pandemia - Grupo A\u00e7o Cearense\" \/>\n<meta property=\"og:description\" content=\"A pandemia da Covid-19 tornou as pessoas mais receptivas ao uso das tecnologias e investir(...)\" \/>\n<meta property=\"og:url\" content=\"https:\/\/previews.elleven.digital\/acocearense\/noticia\/grupo-aco-cearense-reforca-projetos-de-tecnologia-durante-a-pandemia\/\" \/>\n<meta property=\"og:site_name\" content=\"Grupo A\u00e7o Cearense\" \/>\n<meta property=\"article:modified_time\" content=\"2025-05-07T19:37:05+00:00\" \/>\n<meta property=\"og:image\" content=\"https:\/\/previews.elleven.digital\/acocearense\/wp-content\/uploads\/2025\/05\/projetos-de-tecnologia-scaled.jpg\" \/>\n\t<meta property=\"og:image:width\" content=\"2560\" \/>\n\t<meta property=\"og:image:height\" content=\"946\" \/>\n\t<meta property=\"og:image:type\" content=\"image\/jpeg\" \/>\n<meta name=\"twitter:card\" content=\"summary_large_image\" \/>\n<meta name=\"twitter:label1\" content=\"Est. tempo de leitura\" \/>\n\t<meta name=\"twitter:data1\" content=\"2 minutos\" \/>\n<script type=\"application\/ld+json\" class=\"yoast-schema-graph\">{\"@context\":\"https:\/\/schema.org\",\"@graph\":[{\"@type\":\"WebPage\",\"@id\":\"https:\/\/previews.elleven.digital\/acocearense\/noticia\/grupo-aco-cearense-reforca-projetos-de-tecnologia-durante-a-pandemia\/\",\"url\":\"https:\/\/previews.elleven.digital\/acocearense\/noticia\/grupo-aco-cearense-reforca-projetos-de-tecnologia-durante-a-pandemia\/\",\"name\":\"Grupo A\u00e7o Cearense refor\u00e7a projetos de tecnologia durante a pandemia - Grupo A\u00e7o Cearense\",\"isPartOf\":{\"@id\":\"https:\/\/previews.elleven.digital\/acocearense\/#website\"},\"primaryImageOfPage\":{\"@id\":\"https:\/\/previews.elleven.digital\/acocearense\/noticia\/grupo-aco-cearense-reforca-projetos-de-tecnologia-durante-a-pandemia\/#primaryimage\"},\"image\":{\"@id\":\"https:\/\/previews.elleven.digital\/acocearense\/noticia\/grupo-aco-cearense-reforca-projetos-de-tecnologia-durante-a-pandemia\/#primaryimage\"},\"thumbnailUrl\":\"https:\/\/previews.elleven.digital\/acocearense\/wp-content\/uploads\/2025\/05\/projetos-de-tecnologia-scaled.jpg\",\"datePublished\":\"2020-06-09T19:36:31+00:00\",\"dateModified\":\"2025-05-07T19:37:05+00:00\",\"breadcrumb\":{\"@id\":\"https:\/\/previews.elleven.digital\/acocearense\/noticia\/grupo-aco-cearense-reforca-projetos-de-tecnologia-durante-a-pandemia\/#breadcrumb\"},\"inLanguage\":\"pt-BR\",\"potentialAction\":[{\"@type\":\"ReadAction\",\"target\":[\"https:\/\/previews.elleven.digital\/acocearense\/noticia\/grupo-aco-cearense-reforca-projetos-de-tecnologia-durante-a-pandemia\/\"]}]},{\"@type\":\"ImageObject\",\"inLanguage\":\"pt-BR\",\"@id\":\"https:\/\/previews.elleven.digital\/acocearense\/noticia\/grupo-aco-cearense-reforca-projetos-de-tecnologia-durante-a-pandemia\/#primaryimage\",\"url\":\"https:\/\/previews.elleven.digital\/acocearense\/wp-content\/uploads\/2025\/05\/projetos-de-tecnologia-scaled.jpg\",\"contentUrl\":\"https:\/\/previews.elleven.digital\/acocearense\/wp-content\/uploads\/2025\/05\/projetos-de-tecnologia-scaled.jpg\",\"width\":2560,\"height\":946},{\"@type\":\"BreadcrumbList\",\"@id\":\"https:\/\/previews.elleven.digital\/acocearense\/noticia\/grupo-aco-cearense-reforca-projetos-de-tecnologia-durante-a-pandemia\/#breadcrumb\",\"itemListElement\":[{\"@type\":\"ListItem\",\"position\":1,\"name\":\"In\u00edcio\",\"item\":\"https:\/\/previews.elleven.digital\/acocearense\/\"},{\"@type\":\"ListItem\",\"position\":2,\"name\":\"Not\u00edcias\",\"item\":\"https:\/\/previews.elleven.digital\/acocearense\/noticias\/\"},{\"@type\":\"ListItem\",\"position\":3,\"name\":\"Grupo A\u00e7o Cearense refor\u00e7a projetos de tecnologia durante a pandemia\"}]},{\"@type\":\"WebSite\",\"@id\":\"https:\/\/previews.elleven.digital\/acocearense\/#website\",\"url\":\"https:\/\/previews.elleven.digital\/acocearense\/\",\"name\":\"A\u00e7o Cearense\",\"description\":\"H\u00e1 mais de 45 anos no mercado brasileiro do a\u00e7o.\",\"alternateName\":\"A\u00e7o Cearense\",\"potentialAction\":[{\"@type\":\"SearchAction\",\"target\":{\"@type\":\"EntryPoint\",\"urlTemplate\":\"https:\/\/previews.elleven.digital\/acocearense\/?s={search_term_string}\"},\"query-input\":{\"@type\":\"PropertyValueSpecification\",\"valueRequired\":true,\"valueName\":\"search_term_string\"}}],\"inLanguage\":\"pt-BR\"}]}<\/script>\n<!-- \/ Yoast SEO plugin. -->","yoast_head_json":{"title":"Grupo A\u00e7o Cearense refor\u00e7a projetos de tecnologia durante a pandemia - Grupo A\u00e7o Cearense","robots":{"index":"index","follow":"follow","max-snippet":"max-snippet:-1","max-image-preview":"max-image-preview:large","max-video-preview":"max-video-preview:-1"},"canonical":"https:\/\/previews.elleven.digital\/acocearense\/noticia\/grupo-aco-cearense-reforca-projetos-de-tecnologia-durante-a-pandemia\/","og_locale":"pt_BR","og_type":"article","og_title":"Grupo A\u00e7o Cearense refor\u00e7a projetos de tecnologia durante a pandemia - Grupo A\u00e7o Cearense","og_description":"A pandemia da Covid-19 tornou as pessoas mais receptivas ao uso das tecnologias e investir(...)","og_url":"https:\/\/previews.elleven.digital\/acocearense\/noticia\/grupo-aco-cearense-reforca-projetos-de-tecnologia-durante-a-pandemia\/","og_site_name":"Grupo A\u00e7o Cearense","article_modified_time":"2025-05-07T19:37:05+00:00","og_image":[{"width":2560,"height":946,"url":"https:\/\/previews.elleven.digital\/acocearense\/wp-content\/uploads\/2025\/05\/projetos-de-tecnologia-scaled.jpg","type":"image\/jpeg"}],"twitter_card":"summary_large_image","twitter_misc":{"Est. tempo de leitura":"2 minutos"},"schema":{"@context":"https:\/\/schema.org","@graph":[{"@type":"WebPage","@id":"https:\/\/previews.elleven.digital\/acocearense\/noticia\/grupo-aco-cearense-reforca-projetos-de-tecnologia-durante-a-pandemia\/","url":"https:\/\/previews.elleven.digital\/acocearense\/noticia\/grupo-aco-cearense-reforca-projetos-de-tecnologia-durante-a-pandemia\/","name":"Grupo A\u00e7o Cearense refor\u00e7a projetos de tecnologia durante a pandemia - Grupo A\u00e7o Cearense","isPartOf":{"@id":"https:\/\/previews.elleven.digital\/acocearense\/#website"},"primaryImageOfPage":{"@id":"https:\/\/previews.elleven.digital\/acocearense\/noticia\/grupo-aco-cearense-reforca-projetos-de-tecnologia-durante-a-pandemia\/#primaryimage"},"image":{"@id":"https:\/\/previews.elleven.digital\/acocearense\/noticia\/grupo-aco-cearense-reforca-projetos-de-tecnologia-durante-a-pandemia\/#primaryimage"},"thumbnailUrl":"https:\/\/previews.elleven.digital\/acocearense\/wp-content\/uploads\/2025\/05\/projetos-de-tecnologia-scaled.jpg","datePublished":"2020-06-09T19:36:31+00:00","dateModified":"2025-05-07T19:37:05+00:00","breadcrumb":{"@id":"https:\/\/previews.elleven.digital\/acocearense\/noticia\/grupo-aco-cearense-reforca-projetos-de-tecnologia-durante-a-pandemia\/#breadcrumb"},"inLanguage":"pt-BR","potentialAction":[{"@type":"ReadAction","target":["https:\/\/previews.elleven.digital\/acocearense\/noticia\/grupo-aco-cearense-reforca-projetos-de-tecnologia-durante-a-pandemia\/"]}]},{"@type":"ImageObject","inLanguage":"pt-BR","@id":"https:\/\/previews.elleven.digital\/acocearense\/noticia\/grupo-aco-cearense-reforca-projetos-de-tecnologia-durante-a-pandemia\/#primaryimage","url":"https:\/\/previews.elleven.digital\/acocearense\/wp-content\/uploads\/2025\/05\/projetos-de-tecnologia-scaled.jpg","contentUrl":"https:\/\/previews.elleven.digital\/acocearense\/wp-content\/uploads\/2025\/05\/projetos-de-tecnologia-scaled.jpg","width":2560,"height":946},{"@type":"BreadcrumbList","@id":"https:\/\/previews.elleven.digital\/acocearense\/noticia\/grupo-aco-cearense-reforca-projetos-de-tecnologia-durante-a-pandemia\/#breadcrumb","itemListElement":[{"@type":"ListItem","position":1,"name":"In\u00edcio","item":"https:\/\/previews.elleven.digital\/acocearense\/"},{"@type":"ListItem","position":2,"name":"Not\u00edcias","item":"https:\/\/previews.elleven.digital\/acocearense\/noticias\/"},{"@type":"ListItem","position":3,"name":"Grupo A\u00e7o Cearense refor\u00e7a projetos de tecnologia durante a pandemia"}]},{"@type":"WebSite","@id":"https:\/\/previews.elleven.digital\/acocearense\/#website","url":"https:\/\/previews.elleven.digital\/acocearense\/","name":"A\u00e7o Cearense","description":"H\u00e1 mais de 45 anos no mercado brasileiro do a\u00e7o.","alternateName":"A\u00e7o Cearense","potentialAction":[{"@type":"SearchAction","target":{"@type":"EntryPoint","urlTemplate":"https:\/\/previews.elleven.digital\/acocearense\/?s={search_term_string}"},"query-input":{"@type":"PropertyValueSpecification","valueRequired":true,"valueName":"search_term_string"}}],"inLanguage":"pt-BR"}]}},"_links":{"self":[{"href":"https:\/\/previews.elleven.digital\/acocearense\/wp-json\/wp\/v2\/noticia\/2017","targetHints":{"allow":["GET"]}}],"collection":[{"href":"https:\/\/previews.elleven.digital\/acocearense\/wp-json\/wp\/v2\/noticia"}],"about":[{"href":"https:\/\/previews.elleven.digital\/acocearense\/wp-json\/wp\/v2\/types\/noticia"}],"wp:featuredmedia":[{"embeddable":true,"href":"https:\/\/previews.elleven.digital\/acocearense\/wp-json\/wp\/v2\/media\/1995"}],"wp:attachment":[{"href":"https:\/\/previews.elleven.digital\/acocearense\/wp-json\/wp\/v2\/media?parent=2017"}],"wp:term":[{"taxonomy":"categoria-noticia","embeddable":true,"href":"https:\/\/previews.elleven.digital\/acocearense\/wp-json\/wp\/v2\/categoria-noticia?post=2017"}],"curies":[{"name":"wp","href":"https:\/\/api.w.org\/{rel}","templated":true}]}}