{"id":2016,"date":"2020-06-18T16:36:04","date_gmt":"2020-06-18T19:36:04","guid":{"rendered":"https:\/\/previews.elleven.digital\/acocearense\/?post_type=noticia&#038;p=2016"},"modified":"2025-05-07T16:36:29","modified_gmt":"2025-05-07T19:36:29","slug":"grupo-aco-cearense-em-um-dos-maiores-encontros-digitais-sobre-ti","status":"publish","type":"noticia","link":"https:\/\/previews.elleven.digital\/acocearense\/noticia\/grupo-aco-cearense-em-um-dos-maiores-encontros-digitais-sobre-ti\/","title":{"rendered":"Grupo A\u00e7o Cearense em um dos maiores encontros digitais sobre TI"},"content":{"rendered":"<p>A partir dos novos caminhos tomados com o in\u00edcio da pandemia do novo coronav\u00edrus, os modelos de neg\u00f3cios e de capacita\u00e7\u00f5es est\u00e3o sendo readaptados para o mundo digital. Nesse sentido e sempre atentos \u00e0s oportunidades para discutir os novos rumos do setor, os gestores do Grupo A\u00e7o Cearense, Cinthia Cavalcanti, Diretora de Desenvolvimento Organizacional e TI, e Vin\u00edcius Amanaj\u00e1s, Gerente de TI, participaram do IT F\u00f3rum, realizado de 11 a 13 de junho, pela IT M\u00eddia.<\/p>\n<p>Com foco na conjuntura p\u00f3s-pandemia, a edi\u00e7\u00e3o digital do IT Forum teve como tema central \u201cO imp\u00e9rio da conveni\u00eancia \u2013 a economia digital acelerou, e agora?\u201d, reunindo 300 CIOs das 1.000 maiores empresas brasileiras.\u201cEssa edi\u00e7\u00e3o do IT F\u00f3rum foi uma nova experi\u00eancia para n\u00f3s em termos de mundo digital.<\/p>\n<p><img loading=\"lazy\" decoding=\"async\" class=\"size-medium wp-image-7947 aligncenter\" src=\"https:\/\/previews.elleven.digital\/acocearense\/wp-content\/uploads\/2020\/07\/unnamed-1-300x225.jpg\" sizes=\"auto, (max-width: 300px) 100vw, 300px\" srcset=\"https:\/\/previews.elleven.digital\/acocearense\/wp-content\/uploads\/2020\/07\/unnamed-1-300x225.jpg 300w, https:\/\/previews.elleven.digital\/acocearense\/wp-content\/uploads\/2020\/07\/unnamed-1-768x576.jpg 768w, https:\/\/previews.elleven.digital\/acocearense\/wp-content\/uploads\/2020\/07\/unnamed-1-1024x768.jpg 1024w, https:\/\/previews.elleven.digital\/acocearense\/wp-content\/uploads\/2020\/07\/unnamed-1.jpg 1280w\" alt=\"\" width=\"300\" height=\"225\" \/><\/p>\n<p>Tivemos contatos com fornecedores e ampliamos nosso network, tudo de forma virtual. Esse formato de encontro nos ajudou a refletir sobre o momento atual que estamos passando e sobre os pr\u00f3ximos passos que podemos dar adotando novas tecnologias para agregar valor \u00e0 jornada dos clientes e da empresa. Tudo nos mostra que a tecnologia \u00e9 tamb\u00e9m uma das necessidades b\u00e1sicas para os neg\u00f3cios\u201d, destaca Vin\u00edcius Amanaj\u00e1s.<\/p>\n<p>Para a Diretora Cinthia Cavalcanti, essa adapta\u00e7\u00e3o traz novas perspectivas para modelos de neg\u00f3cios. \u201cA tecnologia do mundo digital j\u00e1 era uma realidade antes da pandemia. Mas agora estamos utilizando mais e melhor esses formatos, e podemos, sim, tirar grandes li\u00e7\u00f5es desse momento, assim como adotar novos formatos digitais quebrando paradigmas que insist\u00edamos em refor\u00e7ar\u201d, explica.<\/p>\n<p><img loading=\"lazy\" decoding=\"async\" class=\"size-medium wp-image-7948 aligncenter\" src=\"https:\/\/previews.elleven.digital\/acocearense\/wp-content\/uploads\/2020\/07\/unnamed-1-1-204x300.jpg\" sizes=\"auto, (max-width: 204px) 100vw, 204px\" srcset=\"https:\/\/previews.elleven.digital\/acocearense\/wp-content\/uploads\/2020\/07\/unnamed-1-1-204x300.jpg 204w, https:\/\/previews.elleven.digital\/acocearense\/wp-content\/uploads\/2020\/07\/unnamed-1-1.jpg 473w\" alt=\"\" width=\"204\" height=\"300\" \/><\/p>\n","protected":false},"featured_media":1996,"template":"","meta":{"_acf_changed":false,"inline_featured_image":false},"categoria-noticia":[],"class_list":["post-2016","noticia","type-noticia","status-publish","has-post-thumbnail","hentry"],"acf":{"link":""},"yoast_head":"<!-- This site is optimized with the Yoast SEO plugin v25.9 - https:\/\/yoast.com\/wordpress\/plugins\/seo\/ -->\n<title>Grupo A\u00e7o Cearense em um dos maiores encontros digitais sobre TI - Grupo A\u00e7o Cearense<\/title>\n<meta name=\"robots\" content=\"index, follow, max-snippet:-1, max-image-preview:large, max-video-preview:-1\" \/>\n<link rel=\"canonical\" href=\"https:\/\/previews.elleven.digital\/acocearense\/noticia\/grupo-aco-cearense-em-um-dos-maiores-encontros-digitais-sobre-ti\/\" \/>\n<meta property=\"og:locale\" content=\"pt_BR\" \/>\n<meta property=\"og:type\" content=\"article\" \/>\n<meta property=\"og:title\" content=\"Grupo A\u00e7o Cearense em um dos maiores encontros digitais sobre TI - Grupo A\u00e7o Cearense\" \/>\n<meta property=\"og:description\" content=\"A partir dos novos caminhos tomados com o in\u00edcio da pandemia do novo coronav\u00edrus, os(...)\" \/>\n<meta property=\"og:url\" content=\"https:\/\/previews.elleven.digital\/acocearense\/noticia\/grupo-aco-cearense-em-um-dos-maiores-encontros-digitais-sobre-ti\/\" \/>\n<meta property=\"og:site_name\" content=\"Grupo A\u00e7o Cearense\" \/>\n<meta property=\"article:modified_time\" content=\"2025-05-07T19:36:29+00:00\" \/>\n<meta property=\"og:image\" content=\"https:\/\/previews.elleven.digital\/acocearense\/wp-content\/uploads\/2025\/05\/imperio.jpg\" \/>\n\t<meta property=\"og:image:width\" content=\"1200\" \/>\n\t<meta property=\"og:image:height\" content=\"674\" \/>\n\t<meta property=\"og:image:type\" content=\"image\/jpeg\" \/>\n<meta name=\"twitter:card\" content=\"summary_large_image\" \/>\n<meta name=\"twitter:label1\" content=\"Est. tempo de leitura\" \/>\n\t<meta name=\"twitter:data1\" content=\"2 minutos\" \/>\n<script type=\"application\/ld+json\" class=\"yoast-schema-graph\">{\"@context\":\"https:\/\/schema.org\",\"@graph\":[{\"@type\":\"WebPage\",\"@id\":\"https:\/\/previews.elleven.digital\/acocearense\/noticia\/grupo-aco-cearense-em-um-dos-maiores-encontros-digitais-sobre-ti\/\",\"url\":\"https:\/\/previews.elleven.digital\/acocearense\/noticia\/grupo-aco-cearense-em-um-dos-maiores-encontros-digitais-sobre-ti\/\",\"name\":\"Grupo A\u00e7o Cearense em um dos maiores encontros digitais sobre TI - Grupo A\u00e7o Cearense\",\"isPartOf\":{\"@id\":\"https:\/\/previews.elleven.digital\/acocearense\/#website\"},\"primaryImageOfPage\":{\"@id\":\"https:\/\/previews.elleven.digital\/acocearense\/noticia\/grupo-aco-cearense-em-um-dos-maiores-encontros-digitais-sobre-ti\/#primaryimage\"},\"image\":{\"@id\":\"https:\/\/previews.elleven.digital\/acocearense\/noticia\/grupo-aco-cearense-em-um-dos-maiores-encontros-digitais-sobre-ti\/#primaryimage\"},\"thumbnailUrl\":\"https:\/\/previews.elleven.digital\/acocearense\/wp-content\/uploads\/2025\/05\/imperio.jpg\",\"datePublished\":\"2020-06-18T19:36:04+00:00\",\"dateModified\":\"2025-05-07T19:36:29+00:00\",\"breadcrumb\":{\"@id\":\"https:\/\/previews.elleven.digital\/acocearense\/noticia\/grupo-aco-cearense-em-um-dos-maiores-encontros-digitais-sobre-ti\/#breadcrumb\"},\"inLanguage\":\"pt-BR\",\"potentialAction\":[{\"@type\":\"ReadAction\",\"target\":[\"https:\/\/previews.elleven.digital\/acocearense\/noticia\/grupo-aco-cearense-em-um-dos-maiores-encontros-digitais-sobre-ti\/\"]}]},{\"@type\":\"ImageObject\",\"inLanguage\":\"pt-BR\",\"@id\":\"https:\/\/previews.elleven.digital\/acocearense\/noticia\/grupo-aco-cearense-em-um-dos-maiores-encontros-digitais-sobre-ti\/#primaryimage\",\"url\":\"https:\/\/previews.elleven.digital\/acocearense\/wp-content\/uploads\/2025\/05\/imperio.jpg\",\"contentUrl\":\"https:\/\/previews.elleven.digital\/acocearense\/wp-content\/uploads\/2025\/05\/imperio.jpg\",\"width\":1200,\"height\":674},{\"@type\":\"BreadcrumbList\",\"@id\":\"https:\/\/previews.elleven.digital\/acocearense\/noticia\/grupo-aco-cearense-em-um-dos-maiores-encontros-digitais-sobre-ti\/#breadcrumb\",\"itemListElement\":[{\"@type\":\"ListItem\",\"position\":1,\"name\":\"In\u00edcio\",\"item\":\"https:\/\/previews.elleven.digital\/acocearense\/\"},{\"@type\":\"ListItem\",\"position\":2,\"name\":\"Not\u00edcias\",\"item\":\"https:\/\/previews.elleven.digital\/acocearense\/noticias\/\"},{\"@type\":\"ListItem\",\"position\":3,\"name\":\"Grupo A\u00e7o Cearense em um dos maiores encontros digitais sobre TI\"}]},{\"@type\":\"WebSite\",\"@id\":\"https:\/\/previews.elleven.digital\/acocearense\/#website\",\"url\":\"https:\/\/previews.elleven.digital\/acocearense\/\",\"name\":\"A\u00e7o Cearense\",\"description\":\"H\u00e1 mais de 45 anos no mercado brasileiro do a\u00e7o.\",\"alternateName\":\"A\u00e7o Cearense\",\"potentialAction\":[{\"@type\":\"SearchAction\",\"target\":{\"@type\":\"EntryPoint\",\"urlTemplate\":\"https:\/\/previews.elleven.digital\/acocearense\/?s={search_term_string}\"},\"query-input\":{\"@type\":\"PropertyValueSpecification\",\"valueRequired\":true,\"valueName\":\"search_term_string\"}}],\"inLanguage\":\"pt-BR\"}]}<\/script>\n<!-- \/ Yoast SEO plugin. -->","yoast_head_json":{"title":"Grupo A\u00e7o Cearense em um dos maiores encontros digitais sobre TI - Grupo A\u00e7o Cearense","robots":{"index":"index","follow":"follow","max-snippet":"max-snippet:-1","max-image-preview":"max-image-preview:large","max-video-preview":"max-video-preview:-1"},"canonical":"https:\/\/previews.elleven.digital\/acocearense\/noticia\/grupo-aco-cearense-em-um-dos-maiores-encontros-digitais-sobre-ti\/","og_locale":"pt_BR","og_type":"article","og_title":"Grupo A\u00e7o Cearense em um dos maiores encontros digitais sobre TI - Grupo A\u00e7o Cearense","og_description":"A partir dos novos caminhos tomados com o in\u00edcio da pandemia do novo coronav\u00edrus, os(...)","og_url":"https:\/\/previews.elleven.digital\/acocearense\/noticia\/grupo-aco-cearense-em-um-dos-maiores-encontros-digitais-sobre-ti\/","og_site_name":"Grupo A\u00e7o Cearense","article_modified_time":"2025-05-07T19:36:29+00:00","og_image":[{"width":1200,"height":674,"url":"https:\/\/previews.elleven.digital\/acocearense\/wp-content\/uploads\/2025\/05\/imperio.jpg","type":"image\/jpeg"}],"twitter_card":"summary_large_image","twitter_misc":{"Est. tempo de leitura":"2 minutos"},"schema":{"@context":"https:\/\/schema.org","@graph":[{"@type":"WebPage","@id":"https:\/\/previews.elleven.digital\/acocearense\/noticia\/grupo-aco-cearense-em-um-dos-maiores-encontros-digitais-sobre-ti\/","url":"https:\/\/previews.elleven.digital\/acocearense\/noticia\/grupo-aco-cearense-em-um-dos-maiores-encontros-digitais-sobre-ti\/","name":"Grupo A\u00e7o Cearense em um dos maiores encontros digitais sobre TI - Grupo A\u00e7o Cearense","isPartOf":{"@id":"https:\/\/previews.elleven.digital\/acocearense\/#website"},"primaryImageOfPage":{"@id":"https:\/\/previews.elleven.digital\/acocearense\/noticia\/grupo-aco-cearense-em-um-dos-maiores-encontros-digitais-sobre-ti\/#primaryimage"},"image":{"@id":"https:\/\/previews.elleven.digital\/acocearense\/noticia\/grupo-aco-cearense-em-um-dos-maiores-encontros-digitais-sobre-ti\/#primaryimage"},"thumbnailUrl":"https:\/\/previews.elleven.digital\/acocearense\/wp-content\/uploads\/2025\/05\/imperio.jpg","datePublished":"2020-06-18T19:36:04+00:00","dateModified":"2025-05-07T19:36:29+00:00","breadcrumb":{"@id":"https:\/\/previews.elleven.digital\/acocearense\/noticia\/grupo-aco-cearense-em-um-dos-maiores-encontros-digitais-sobre-ti\/#breadcrumb"},"inLanguage":"pt-BR","potentialAction":[{"@type":"ReadAction","target":["https:\/\/previews.elleven.digital\/acocearense\/noticia\/grupo-aco-cearense-em-um-dos-maiores-encontros-digitais-sobre-ti\/"]}]},{"@type":"ImageObject","inLanguage":"pt-BR","@id":"https:\/\/previews.elleven.digital\/acocearense\/noticia\/grupo-aco-cearense-em-um-dos-maiores-encontros-digitais-sobre-ti\/#primaryimage","url":"https:\/\/previews.elleven.digital\/acocearense\/wp-content\/uploads\/2025\/05\/imperio.jpg","contentUrl":"https:\/\/previews.elleven.digital\/acocearense\/wp-content\/uploads\/2025\/05\/imperio.jpg","width":1200,"height":674},{"@type":"BreadcrumbList","@id":"https:\/\/previews.elleven.digital\/acocearense\/noticia\/grupo-aco-cearense-em-um-dos-maiores-encontros-digitais-sobre-ti\/#breadcrumb","itemListElement":[{"@type":"ListItem","position":1,"name":"In\u00edcio","item":"https:\/\/previews.elleven.digital\/acocearense\/"},{"@type":"ListItem","position":2,"name":"Not\u00edcias","item":"https:\/\/previews.elleven.digital\/acocearense\/noticias\/"},{"@type":"ListItem","position":3,"name":"Grupo A\u00e7o Cearense em um dos maiores encontros digitais sobre TI"}]},{"@type":"WebSite","@id":"https:\/\/previews.elleven.digital\/acocearense\/#website","url":"https:\/\/previews.elleven.digital\/acocearense\/","name":"A\u00e7o Cearense","description":"H\u00e1 mais de 45 anos no mercado brasileiro do a\u00e7o.","alternateName":"A\u00e7o Cearense","potentialAction":[{"@type":"SearchAction","target":{"@type":"EntryPoint","urlTemplate":"https:\/\/previews.elleven.digital\/acocearense\/?s={search_term_string}"},"query-input":{"@type":"PropertyValueSpecification","valueRequired":true,"valueName":"search_term_string"}}],"inLanguage":"pt-BR"}]}},"_links":{"self":[{"href":"https:\/\/previews.elleven.digital\/acocearense\/wp-json\/wp\/v2\/noticia\/2016","targetHints":{"allow":["GET"]}}],"collection":[{"href":"https:\/\/previews.elleven.digital\/acocearense\/wp-json\/wp\/v2\/noticia"}],"about":[{"href":"https:\/\/previews.elleven.digital\/acocearense\/wp-json\/wp\/v2\/types\/noticia"}],"wp:featuredmedia":[{"embeddable":true,"href":"https:\/\/previews.elleven.digital\/acocearense\/wp-json\/wp\/v2\/media\/1996"}],"wp:attachment":[{"href":"https:\/\/previews.elleven.digital\/acocearense\/wp-json\/wp\/v2\/media?parent=2016"}],"wp:term":[{"taxonomy":"categoria-noticia","embeddable":true,"href":"https:\/\/previews.elleven.digital\/acocearense\/wp-json\/wp\/v2\/categoria-noticia?post=2016"}],"curies":[{"name":"wp","href":"https:\/\/api.w.org\/{rel}","templated":true}]}}