{"id":2010,"date":"2020-05-14T16:34:37","date_gmt":"2020-05-14T19:34:37","guid":{"rendered":"https:\/\/previews.elleven.digital\/acocearense\/?post_type=noticia&#038;p=2010"},"modified":"2025-05-07T16:35:08","modified_gmt":"2025-05-07T19:35:08","slug":"live-em-homenagem-as-maes-foi-um-sucesso","status":"publish","type":"noticia","link":"https:\/\/previews.elleven.digital\/acocearense\/noticia\/live-em-homenagem-as-maes-foi-um-sucesso\/","title":{"rendered":"Live em homenagem \u00e0s m\u00e3es foi um sucesso!"},"content":{"rendered":"<p>O Grupo A\u00e7o Cearense promoveu uma Live Beneficente no s\u00e1bado (9) para homenagear e ajudar as m\u00e3es que est\u00e3o em dificuldade. Ao todo, mais de 1,6 mil pessoas acessaram a transmiss\u00e3o no Instagram e mais de 4,2 mil visualizaram nas 24h seguintes pelos stories. As doa\u00e7\u00f5es, por transfer\u00eancia banc\u00e1ria e pelo aplicativo Picpay, somaram em 5,7 toneladas de alimentos. E o Instituto A\u00e7o Cearense vai dobrar essa quantidade, totalizando 11,4 toneladas de alimentos para as institui\u00e7\u00f5es apoiadas pelo Instituto A\u00e7o Cearense. Tamb\u00e9m foram doadas 1.000 m\u00e1scaras, que ser\u00e3o distribu\u00eddas para fam\u00edlias carentes atendidas pelo Instituto.<br \/>\nDe grande destaque foi a forma como Jacqueane Martins, Gerente de Suprimentos de Redutor da SINOBRAS, movimentou a campanha e engajou grande parte das doa\u00e7\u00f5es, ela ligou para v\u00e1rios contatos, colaboradores e fornecedores da empresa, pedindo ajuda e explicando como doar, todos disseram sim e ela conseguiu arrecadar quase 4 toneladas de alimentos.<em>\u00a0\u201cEu j\u00e1 ia doar, mas eu me motivei a buscar mais para beneficiar um grande n\u00famero de pessoas. Fiz de cora\u00e7\u00e3o e sei que ajudar ao pr\u00f3ximo \u00e9 uma miss\u00e3o muito importante\u201d<\/em>, disse Jacqueane.<\/p>\n<p><img loading=\"lazy\" decoding=\"async\" class=\"size-full wp-image-7937 aligncenter\" src=\"https:\/\/previews.elleven.digital\/acocearense\/wp-content\/uploads\/2020\/07\/maes.png\" sizes=\"auto, (max-width: 300px) 100vw, 300px\" srcset=\"https:\/\/previews.elleven.digital\/acocearense\/wp-content\/uploads\/2020\/07\/maes.png 300w, https:\/\/previews.elleven.digital\/acocearense\/wp-content\/uploads\/2020\/07\/maes-150x150.png 150w\" alt=\"\" width=\"300\" height=\"300\" \/><br \/>\nDurante a live, Aline Ferreira, Vice-Presidente Comercial e Financeira do Grupo, convidou Marcela Fabr\u00edcio, Consultora e Coach de Imagem, para um bate-papo sobre \u201cSer mulher e o potencial de transforma\u00e7\u00e3o da maternidade\u201d. Em seguida, Rosemeire Matos, Presidente do Instituto A\u00e7o Cearense e Diretora Administrativa do Grupo A\u00e7o Cearense, falou sobre a import\u00e2ncia de ajudar quem precisa. E para encerrar, o Cantor Waldonys fez uma homenagem especial \u00e0s m\u00e3es, apresentando m\u00fasicas com voz e sanfona.<\/p>\n","protected":false},"featured_media":1998,"template":"","meta":{"_acf_changed":false,"inline_featured_image":false},"categoria-noticia":[],"class_list":["post-2010","noticia","type-noticia","status-publish","has-post-thumbnail","hentry"],"acf":{"link":""},"yoast_head":"<!-- This site is optimized with the Yoast SEO plugin v25.9 - https:\/\/yoast.com\/wordpress\/plugins\/seo\/ -->\n<title>Live em homenagem \u00e0s m\u00e3es foi um sucesso! - Grupo A\u00e7o Cearense<\/title>\n<meta name=\"robots\" content=\"index, follow, max-snippet:-1, max-image-preview:large, max-video-preview:-1\" \/>\n<link rel=\"canonical\" href=\"https:\/\/previews.elleven.digital\/acocearense\/noticia\/live-em-homenagem-as-maes-foi-um-sucesso\/\" \/>\n<meta property=\"og:locale\" content=\"pt_BR\" \/>\n<meta property=\"og:type\" content=\"article\" \/>\n<meta property=\"og:title\" content=\"Live em homenagem \u00e0s m\u00e3es foi um sucesso! - Grupo A\u00e7o Cearense\" \/>\n<meta property=\"og:description\" content=\"O Grupo A\u00e7o Cearense promoveu uma Live Beneficente no s\u00e1bado (9) para homenagear e ajudar(...)\" \/>\n<meta property=\"og:url\" content=\"https:\/\/previews.elleven.digital\/acocearense\/noticia\/live-em-homenagem-as-maes-foi-um-sucesso\/\" \/>\n<meta property=\"og:site_name\" content=\"Grupo A\u00e7o Cearense\" \/>\n<meta property=\"article:modified_time\" content=\"2025-05-07T19:35:08+00:00\" \/>\n<meta property=\"og:image\" content=\"https:\/\/previews.elleven.digital\/acocearense\/wp-content\/uploads\/2025\/05\/dia-das-maes.jpg\" \/>\n\t<meta property=\"og:image:width\" content=\"2542\" \/>\n\t<meta property=\"og:image:height\" content=\"1307\" \/>\n\t<meta property=\"og:image:type\" content=\"image\/jpeg\" \/>\n<meta name=\"twitter:card\" content=\"summary_large_image\" \/>\n<meta name=\"twitter:label1\" content=\"Est. tempo de leitura\" \/>\n\t<meta name=\"twitter:data1\" content=\"2 minutos\" \/>\n<script type=\"application\/ld+json\" class=\"yoast-schema-graph\">{\"@context\":\"https:\/\/schema.org\",\"@graph\":[{\"@type\":\"WebPage\",\"@id\":\"https:\/\/previews.elleven.digital\/acocearense\/noticia\/live-em-homenagem-as-maes-foi-um-sucesso\/\",\"url\":\"https:\/\/previews.elleven.digital\/acocearense\/noticia\/live-em-homenagem-as-maes-foi-um-sucesso\/\",\"name\":\"Live em homenagem \u00e0s m\u00e3es foi um sucesso! - Grupo A\u00e7o Cearense\",\"isPartOf\":{\"@id\":\"https:\/\/previews.elleven.digital\/acocearense\/#website\"},\"primaryImageOfPage\":{\"@id\":\"https:\/\/previews.elleven.digital\/acocearense\/noticia\/live-em-homenagem-as-maes-foi-um-sucesso\/#primaryimage\"},\"image\":{\"@id\":\"https:\/\/previews.elleven.digital\/acocearense\/noticia\/live-em-homenagem-as-maes-foi-um-sucesso\/#primaryimage\"},\"thumbnailUrl\":\"https:\/\/previews.elleven.digital\/acocearense\/wp-content\/uploads\/2025\/05\/dia-das-maes.jpg\",\"datePublished\":\"2020-05-14T19:34:37+00:00\",\"dateModified\":\"2025-05-07T19:35:08+00:00\",\"breadcrumb\":{\"@id\":\"https:\/\/previews.elleven.digital\/acocearense\/noticia\/live-em-homenagem-as-maes-foi-um-sucesso\/#breadcrumb\"},\"inLanguage\":\"pt-BR\",\"potentialAction\":[{\"@type\":\"ReadAction\",\"target\":[\"https:\/\/previews.elleven.digital\/acocearense\/noticia\/live-em-homenagem-as-maes-foi-um-sucesso\/\"]}]},{\"@type\":\"ImageObject\",\"inLanguage\":\"pt-BR\",\"@id\":\"https:\/\/previews.elleven.digital\/acocearense\/noticia\/live-em-homenagem-as-maes-foi-um-sucesso\/#primaryimage\",\"url\":\"https:\/\/previews.elleven.digital\/acocearense\/wp-content\/uploads\/2025\/05\/dia-das-maes.jpg\",\"contentUrl\":\"https:\/\/previews.elleven.digital\/acocearense\/wp-content\/uploads\/2025\/05\/dia-das-maes.jpg\",\"width\":2542,\"height\":1307},{\"@type\":\"BreadcrumbList\",\"@id\":\"https:\/\/previews.elleven.digital\/acocearense\/noticia\/live-em-homenagem-as-maes-foi-um-sucesso\/#breadcrumb\",\"itemListElement\":[{\"@type\":\"ListItem\",\"position\":1,\"name\":\"In\u00edcio\",\"item\":\"https:\/\/previews.elleven.digital\/acocearense\/\"},{\"@type\":\"ListItem\",\"position\":2,\"name\":\"Not\u00edcias\",\"item\":\"https:\/\/previews.elleven.digital\/acocearense\/noticias\/\"},{\"@type\":\"ListItem\",\"position\":3,\"name\":\"Live em homenagem \u00e0s m\u00e3es foi um sucesso!\"}]},{\"@type\":\"WebSite\",\"@id\":\"https:\/\/previews.elleven.digital\/acocearense\/#website\",\"url\":\"https:\/\/previews.elleven.digital\/acocearense\/\",\"name\":\"A\u00e7o Cearense\",\"description\":\"H\u00e1 mais de 45 anos no mercado brasileiro do a\u00e7o.\",\"alternateName\":\"A\u00e7o Cearense\",\"potentialAction\":[{\"@type\":\"SearchAction\",\"target\":{\"@type\":\"EntryPoint\",\"urlTemplate\":\"https:\/\/previews.elleven.digital\/acocearense\/?s={search_term_string}\"},\"query-input\":{\"@type\":\"PropertyValueSpecification\",\"valueRequired\":true,\"valueName\":\"search_term_string\"}}],\"inLanguage\":\"pt-BR\"}]}<\/script>\n<!-- \/ Yoast SEO plugin. -->","yoast_head_json":{"title":"Live em homenagem \u00e0s m\u00e3es foi um sucesso! - Grupo A\u00e7o Cearense","robots":{"index":"index","follow":"follow","max-snippet":"max-snippet:-1","max-image-preview":"max-image-preview:large","max-video-preview":"max-video-preview:-1"},"canonical":"https:\/\/previews.elleven.digital\/acocearense\/noticia\/live-em-homenagem-as-maes-foi-um-sucesso\/","og_locale":"pt_BR","og_type":"article","og_title":"Live em homenagem \u00e0s m\u00e3es foi um sucesso! - Grupo A\u00e7o Cearense","og_description":"O Grupo A\u00e7o Cearense promoveu uma Live Beneficente no s\u00e1bado (9) para homenagear e ajudar(...)","og_url":"https:\/\/previews.elleven.digital\/acocearense\/noticia\/live-em-homenagem-as-maes-foi-um-sucesso\/","og_site_name":"Grupo A\u00e7o Cearense","article_modified_time":"2025-05-07T19:35:08+00:00","og_image":[{"width":2542,"height":1307,"url":"https:\/\/previews.elleven.digital\/acocearense\/wp-content\/uploads\/2025\/05\/dia-das-maes.jpg","type":"image\/jpeg"}],"twitter_card":"summary_large_image","twitter_misc":{"Est. tempo de leitura":"2 minutos"},"schema":{"@context":"https:\/\/schema.org","@graph":[{"@type":"WebPage","@id":"https:\/\/previews.elleven.digital\/acocearense\/noticia\/live-em-homenagem-as-maes-foi-um-sucesso\/","url":"https:\/\/previews.elleven.digital\/acocearense\/noticia\/live-em-homenagem-as-maes-foi-um-sucesso\/","name":"Live em homenagem \u00e0s m\u00e3es foi um sucesso! - Grupo A\u00e7o Cearense","isPartOf":{"@id":"https:\/\/previews.elleven.digital\/acocearense\/#website"},"primaryImageOfPage":{"@id":"https:\/\/previews.elleven.digital\/acocearense\/noticia\/live-em-homenagem-as-maes-foi-um-sucesso\/#primaryimage"},"image":{"@id":"https:\/\/previews.elleven.digital\/acocearense\/noticia\/live-em-homenagem-as-maes-foi-um-sucesso\/#primaryimage"},"thumbnailUrl":"https:\/\/previews.elleven.digital\/acocearense\/wp-content\/uploads\/2025\/05\/dia-das-maes.jpg","datePublished":"2020-05-14T19:34:37+00:00","dateModified":"2025-05-07T19:35:08+00:00","breadcrumb":{"@id":"https:\/\/previews.elleven.digital\/acocearense\/noticia\/live-em-homenagem-as-maes-foi-um-sucesso\/#breadcrumb"},"inLanguage":"pt-BR","potentialAction":[{"@type":"ReadAction","target":["https:\/\/previews.elleven.digital\/acocearense\/noticia\/live-em-homenagem-as-maes-foi-um-sucesso\/"]}]},{"@type":"ImageObject","inLanguage":"pt-BR","@id":"https:\/\/previews.elleven.digital\/acocearense\/noticia\/live-em-homenagem-as-maes-foi-um-sucesso\/#primaryimage","url":"https:\/\/previews.elleven.digital\/acocearense\/wp-content\/uploads\/2025\/05\/dia-das-maes.jpg","contentUrl":"https:\/\/previews.elleven.digital\/acocearense\/wp-content\/uploads\/2025\/05\/dia-das-maes.jpg","width":2542,"height":1307},{"@type":"BreadcrumbList","@id":"https:\/\/previews.elleven.digital\/acocearense\/noticia\/live-em-homenagem-as-maes-foi-um-sucesso\/#breadcrumb","itemListElement":[{"@type":"ListItem","position":1,"name":"In\u00edcio","item":"https:\/\/previews.elleven.digital\/acocearense\/"},{"@type":"ListItem","position":2,"name":"Not\u00edcias","item":"https:\/\/previews.elleven.digital\/acocearense\/noticias\/"},{"@type":"ListItem","position":3,"name":"Live em homenagem \u00e0s m\u00e3es foi um sucesso!"}]},{"@type":"WebSite","@id":"https:\/\/previews.elleven.digital\/acocearense\/#website","url":"https:\/\/previews.elleven.digital\/acocearense\/","name":"A\u00e7o Cearense","description":"H\u00e1 mais de 45 anos no mercado brasileiro do a\u00e7o.","alternateName":"A\u00e7o Cearense","potentialAction":[{"@type":"SearchAction","target":{"@type":"EntryPoint","urlTemplate":"https:\/\/previews.elleven.digital\/acocearense\/?s={search_term_string}"},"query-input":{"@type":"PropertyValueSpecification","valueRequired":true,"valueName":"search_term_string"}}],"inLanguage":"pt-BR"}]}},"_links":{"self":[{"href":"https:\/\/previews.elleven.digital\/acocearense\/wp-json\/wp\/v2\/noticia\/2010","targetHints":{"allow":["GET"]}}],"collection":[{"href":"https:\/\/previews.elleven.digital\/acocearense\/wp-json\/wp\/v2\/noticia"}],"about":[{"href":"https:\/\/previews.elleven.digital\/acocearense\/wp-json\/wp\/v2\/types\/noticia"}],"wp:featuredmedia":[{"embeddable":true,"href":"https:\/\/previews.elleven.digital\/acocearense\/wp-json\/wp\/v2\/media\/1998"}],"wp:attachment":[{"href":"https:\/\/previews.elleven.digital\/acocearense\/wp-json\/wp\/v2\/media?parent=2010"}],"wp:term":[{"taxonomy":"categoria-noticia","embeddable":true,"href":"https:\/\/previews.elleven.digital\/acocearense\/wp-json\/wp\/v2\/categoria-noticia?post=2010"}],"curies":[{"name":"wp","href":"https:\/\/api.w.org\/{rel}","templated":true}]}}