{"id":2009,"date":"2020-05-10T16:34:05","date_gmt":"2020-05-10T19:34:05","guid":{"rendered":"https:\/\/previews.elleven.digital\/acocearense\/?post_type=noticia&#038;p=2009"},"modified":"2025-05-07T16:34:33","modified_gmt":"2025-05-07T19:34:33","slug":"acoes-do-instituto-aco-cearense-covid-19","status":"publish","type":"noticia","link":"https:\/\/previews.elleven.digital\/acocearense\/noticia\/acoes-do-instituto-aco-cearense-covid-19\/","title":{"rendered":"A\u00e7\u00f5es do Instituto A\u00e7o Cearense \u2013 COVID-19"},"content":{"rendered":"<p>Al\u00e9m dos alimentos doados este m\u00eas, o Instituto A\u00e7o Cearense entregou kits de limpeza contendo shampoo, \u00e1gua sanit\u00e1ria, sabonete, pasta de dente, desinfetante, detergente e sab\u00e3o em p\u00f3, itens importantes para manter a higieniza\u00e7\u00e3o da casa e a higiene pessoal das fam\u00edlias promovendo a preven\u00e7\u00e3o do novo coronav\u00edrus.<\/p>\n<p><img loading=\"lazy\" decoding=\"async\" class=\"size-medium wp-image-7940 aligncenter\" src=\"https:\/\/previews.elleven.digital\/acocearense\/wp-content\/uploads\/2020\/07\/unnamed-300x248.jpg\" sizes=\"auto, (max-width: 300px) 100vw, 300px\" srcset=\"https:\/\/previews.elleven.digital\/acocearense\/wp-content\/uploads\/2020\/07\/unnamed-300x248.jpg 300w, https:\/\/previews.elleven.digital\/acocearense\/wp-content\/uploads\/2020\/07\/unnamed.jpg 600w\" alt=\"\" width=\"300\" height=\"248\" \/><\/p>\n<p>200 kits de limpeza e higiene foram entregues pelo Instituto A\u00e7o Cearense em Marab\u00e1 (PA) no \u00faltimo dia (30) e mais 100 cestas b\u00e1sicas para fam\u00edlias do munic\u00edpio de S\u00e3o Bento (TO). Ainda neste m\u00eas foram entregues tamb\u00e9m 50 cestas b\u00e1sicas para a\u00a0 AECIPP \u2013\u00a0 Associa\u00e7\u00e3o das Empresas do Complexo Industrial e Portu\u00e1rio do Pec\u00e9m (AECIPP) em Fortaleza, estas cesta ser\u00e3o direcionadas para a comunidade Primavera que beneficiar\u00e1 143 fam\u00edlias carentes.<br \/>\n<em>\u201cNeste processo t\u00e3o dif\u00edcil que estamos vivendo, ficamos muito felizes de fazer esta doa\u00e7\u00e3o, tanto dos alimentos, que s\u00e3o fundamentais para as fam\u00edlias carentes, quanto dos produtos de limpeza que muitas delas n\u00e3o conseguem adquirir em virtude da baixa renda e das perdas financeiras provocadas por esta pandemia<\/em>\u201c, afirma Luciana Rabelo, Coordenadora do Instituto A\u00e7o Cearense.<\/p>\n","protected":false},"featured_media":1999,"template":"","meta":{"_acf_changed":false,"inline_featured_image":false},"categoria-noticia":[],"class_list":["post-2009","noticia","type-noticia","status-publish","has-post-thumbnail","hentry"],"acf":{"link":""},"yoast_head":"<!-- This site is optimized with the Yoast SEO plugin v25.9 - https:\/\/yoast.com\/wordpress\/plugins\/seo\/ -->\n<title>A\u00e7\u00f5es do Instituto A\u00e7o Cearense \u2013 COVID-19 - Grupo A\u00e7o Cearense<\/title>\n<meta name=\"robots\" content=\"index, follow, max-snippet:-1, max-image-preview:large, max-video-preview:-1\" \/>\n<link rel=\"canonical\" href=\"https:\/\/previews.elleven.digital\/acocearense\/noticia\/acoes-do-instituto-aco-cearense-covid-19\/\" \/>\n<meta property=\"og:locale\" content=\"pt_BR\" \/>\n<meta property=\"og:type\" content=\"article\" \/>\n<meta property=\"og:title\" content=\"A\u00e7\u00f5es do Instituto A\u00e7o Cearense \u2013 COVID-19 - Grupo A\u00e7o Cearense\" \/>\n<meta property=\"og:description\" content=\"Al\u00e9m dos alimentos doados este m\u00eas, o Instituto A\u00e7o Cearense entregou kits de limpeza contendo(...)\" \/>\n<meta property=\"og:url\" content=\"https:\/\/previews.elleven.digital\/acocearense\/noticia\/acoes-do-instituto-aco-cearense-covid-19\/\" \/>\n<meta property=\"og:site_name\" content=\"Grupo A\u00e7o Cearense\" \/>\n<meta property=\"article:modified_time\" content=\"2025-05-07T19:34:33+00:00\" \/>\n<meta property=\"og:image\" content=\"https:\/\/previews.elleven.digital\/acocearense\/wp-content\/uploads\/2025\/05\/unnamed-1-3.jpg\" \/>\n\t<meta property=\"og:image:width\" content=\"600\" \/>\n\t<meta property=\"og:image:height\" content=\"496\" \/>\n\t<meta property=\"og:image:type\" content=\"image\/jpeg\" \/>\n<meta name=\"twitter:card\" content=\"summary_large_image\" \/>\n<meta name=\"twitter:label1\" content=\"Est. tempo de leitura\" \/>\n\t<meta name=\"twitter:data1\" content=\"1 minuto\" \/>\n<script type=\"application\/ld+json\" class=\"yoast-schema-graph\">{\"@context\":\"https:\/\/schema.org\",\"@graph\":[{\"@type\":\"WebPage\",\"@id\":\"https:\/\/previews.elleven.digital\/acocearense\/noticia\/acoes-do-instituto-aco-cearense-covid-19\/\",\"url\":\"https:\/\/previews.elleven.digital\/acocearense\/noticia\/acoes-do-instituto-aco-cearense-covid-19\/\",\"name\":\"A\u00e7\u00f5es do Instituto A\u00e7o Cearense \u2013 COVID-19 - Grupo A\u00e7o Cearense\",\"isPartOf\":{\"@id\":\"https:\/\/previews.elleven.digital\/acocearense\/#website\"},\"primaryImageOfPage\":{\"@id\":\"https:\/\/previews.elleven.digital\/acocearense\/noticia\/acoes-do-instituto-aco-cearense-covid-19\/#primaryimage\"},\"image\":{\"@id\":\"https:\/\/previews.elleven.digital\/acocearense\/noticia\/acoes-do-instituto-aco-cearense-covid-19\/#primaryimage\"},\"thumbnailUrl\":\"https:\/\/previews.elleven.digital\/acocearense\/wp-content\/uploads\/2025\/05\/unnamed-1-3.jpg\",\"datePublished\":\"2020-05-10T19:34:05+00:00\",\"dateModified\":\"2025-05-07T19:34:33+00:00\",\"breadcrumb\":{\"@id\":\"https:\/\/previews.elleven.digital\/acocearense\/noticia\/acoes-do-instituto-aco-cearense-covid-19\/#breadcrumb\"},\"inLanguage\":\"pt-BR\",\"potentialAction\":[{\"@type\":\"ReadAction\",\"target\":[\"https:\/\/previews.elleven.digital\/acocearense\/noticia\/acoes-do-instituto-aco-cearense-covid-19\/\"]}]},{\"@type\":\"ImageObject\",\"inLanguage\":\"pt-BR\",\"@id\":\"https:\/\/previews.elleven.digital\/acocearense\/noticia\/acoes-do-instituto-aco-cearense-covid-19\/#primaryimage\",\"url\":\"https:\/\/previews.elleven.digital\/acocearense\/wp-content\/uploads\/2025\/05\/unnamed-1-3.jpg\",\"contentUrl\":\"https:\/\/previews.elleven.digital\/acocearense\/wp-content\/uploads\/2025\/05\/unnamed-1-3.jpg\",\"width\":600,\"height\":496},{\"@type\":\"BreadcrumbList\",\"@id\":\"https:\/\/previews.elleven.digital\/acocearense\/noticia\/acoes-do-instituto-aco-cearense-covid-19\/#breadcrumb\",\"itemListElement\":[{\"@type\":\"ListItem\",\"position\":1,\"name\":\"In\u00edcio\",\"item\":\"https:\/\/previews.elleven.digital\/acocearense\/\"},{\"@type\":\"ListItem\",\"position\":2,\"name\":\"Not\u00edcias\",\"item\":\"https:\/\/previews.elleven.digital\/acocearense\/noticias\/\"},{\"@type\":\"ListItem\",\"position\":3,\"name\":\"A\u00e7\u00f5es do Instituto A\u00e7o Cearense \u2013 COVID-19\"}]},{\"@type\":\"WebSite\",\"@id\":\"https:\/\/previews.elleven.digital\/acocearense\/#website\",\"url\":\"https:\/\/previews.elleven.digital\/acocearense\/\",\"name\":\"A\u00e7o Cearense\",\"description\":\"H\u00e1 mais de 45 anos no mercado brasileiro do a\u00e7o.\",\"alternateName\":\"A\u00e7o Cearense\",\"potentialAction\":[{\"@type\":\"SearchAction\",\"target\":{\"@type\":\"EntryPoint\",\"urlTemplate\":\"https:\/\/previews.elleven.digital\/acocearense\/?s={search_term_string}\"},\"query-input\":{\"@type\":\"PropertyValueSpecification\",\"valueRequired\":true,\"valueName\":\"search_term_string\"}}],\"inLanguage\":\"pt-BR\"}]}<\/script>\n<!-- \/ Yoast SEO plugin. -->","yoast_head_json":{"title":"A\u00e7\u00f5es do Instituto A\u00e7o Cearense \u2013 COVID-19 - Grupo A\u00e7o Cearense","robots":{"index":"index","follow":"follow","max-snippet":"max-snippet:-1","max-image-preview":"max-image-preview:large","max-video-preview":"max-video-preview:-1"},"canonical":"https:\/\/previews.elleven.digital\/acocearense\/noticia\/acoes-do-instituto-aco-cearense-covid-19\/","og_locale":"pt_BR","og_type":"article","og_title":"A\u00e7\u00f5es do Instituto A\u00e7o Cearense \u2013 COVID-19 - Grupo A\u00e7o Cearense","og_description":"Al\u00e9m dos alimentos doados este m\u00eas, o Instituto A\u00e7o Cearense entregou kits de limpeza contendo(...)","og_url":"https:\/\/previews.elleven.digital\/acocearense\/noticia\/acoes-do-instituto-aco-cearense-covid-19\/","og_site_name":"Grupo A\u00e7o Cearense","article_modified_time":"2025-05-07T19:34:33+00:00","og_image":[{"width":600,"height":496,"url":"https:\/\/previews.elleven.digital\/acocearense\/wp-content\/uploads\/2025\/05\/unnamed-1-3.jpg","type":"image\/jpeg"}],"twitter_card":"summary_large_image","twitter_misc":{"Est. tempo de leitura":"1 minuto"},"schema":{"@context":"https:\/\/schema.org","@graph":[{"@type":"WebPage","@id":"https:\/\/previews.elleven.digital\/acocearense\/noticia\/acoes-do-instituto-aco-cearense-covid-19\/","url":"https:\/\/previews.elleven.digital\/acocearense\/noticia\/acoes-do-instituto-aco-cearense-covid-19\/","name":"A\u00e7\u00f5es do Instituto A\u00e7o Cearense \u2013 COVID-19 - Grupo A\u00e7o Cearense","isPartOf":{"@id":"https:\/\/previews.elleven.digital\/acocearense\/#website"},"primaryImageOfPage":{"@id":"https:\/\/previews.elleven.digital\/acocearense\/noticia\/acoes-do-instituto-aco-cearense-covid-19\/#primaryimage"},"image":{"@id":"https:\/\/previews.elleven.digital\/acocearense\/noticia\/acoes-do-instituto-aco-cearense-covid-19\/#primaryimage"},"thumbnailUrl":"https:\/\/previews.elleven.digital\/acocearense\/wp-content\/uploads\/2025\/05\/unnamed-1-3.jpg","datePublished":"2020-05-10T19:34:05+00:00","dateModified":"2025-05-07T19:34:33+00:00","breadcrumb":{"@id":"https:\/\/previews.elleven.digital\/acocearense\/noticia\/acoes-do-instituto-aco-cearense-covid-19\/#breadcrumb"},"inLanguage":"pt-BR","potentialAction":[{"@type":"ReadAction","target":["https:\/\/previews.elleven.digital\/acocearense\/noticia\/acoes-do-instituto-aco-cearense-covid-19\/"]}]},{"@type":"ImageObject","inLanguage":"pt-BR","@id":"https:\/\/previews.elleven.digital\/acocearense\/noticia\/acoes-do-instituto-aco-cearense-covid-19\/#primaryimage","url":"https:\/\/previews.elleven.digital\/acocearense\/wp-content\/uploads\/2025\/05\/unnamed-1-3.jpg","contentUrl":"https:\/\/previews.elleven.digital\/acocearense\/wp-content\/uploads\/2025\/05\/unnamed-1-3.jpg","width":600,"height":496},{"@type":"BreadcrumbList","@id":"https:\/\/previews.elleven.digital\/acocearense\/noticia\/acoes-do-instituto-aco-cearense-covid-19\/#breadcrumb","itemListElement":[{"@type":"ListItem","position":1,"name":"In\u00edcio","item":"https:\/\/previews.elleven.digital\/acocearense\/"},{"@type":"ListItem","position":2,"name":"Not\u00edcias","item":"https:\/\/previews.elleven.digital\/acocearense\/noticias\/"},{"@type":"ListItem","position":3,"name":"A\u00e7\u00f5es do Instituto A\u00e7o Cearense \u2013 COVID-19"}]},{"@type":"WebSite","@id":"https:\/\/previews.elleven.digital\/acocearense\/#website","url":"https:\/\/previews.elleven.digital\/acocearense\/","name":"A\u00e7o Cearense","description":"H\u00e1 mais de 45 anos no mercado brasileiro do a\u00e7o.","alternateName":"A\u00e7o Cearense","potentialAction":[{"@type":"SearchAction","target":{"@type":"EntryPoint","urlTemplate":"https:\/\/previews.elleven.digital\/acocearense\/?s={search_term_string}"},"query-input":{"@type":"PropertyValueSpecification","valueRequired":true,"valueName":"search_term_string"}}],"inLanguage":"pt-BR"}]}},"_links":{"self":[{"href":"https:\/\/previews.elleven.digital\/acocearense\/wp-json\/wp\/v2\/noticia\/2009","targetHints":{"allow":["GET"]}}],"collection":[{"href":"https:\/\/previews.elleven.digital\/acocearense\/wp-json\/wp\/v2\/noticia"}],"about":[{"href":"https:\/\/previews.elleven.digital\/acocearense\/wp-json\/wp\/v2\/types\/noticia"}],"wp:featuredmedia":[{"embeddable":true,"href":"https:\/\/previews.elleven.digital\/acocearense\/wp-json\/wp\/v2\/media\/1999"}],"wp:attachment":[{"href":"https:\/\/previews.elleven.digital\/acocearense\/wp-json\/wp\/v2\/media?parent=2009"}],"wp:term":[{"taxonomy":"categoria-noticia","embeddable":true,"href":"https:\/\/previews.elleven.digital\/acocearense\/wp-json\/wp\/v2\/categoria-noticia?post=2009"}],"curies":[{"name":"wp","href":"https:\/\/api.w.org\/{rel}","templated":true}]}}