{"id":2007,"date":"2020-05-02T16:33:02","date_gmt":"2020-05-02T19:33:02","guid":{"rendered":"https:\/\/previews.elleven.digital\/acocearense\/?post_type=noticia&#038;p=2007"},"modified":"2025-05-07T16:33:26","modified_gmt":"2025-05-07T19:33:26","slug":"grupo-aco-cearense-faz-doacao-de-alimentos-durante-a-pandemia-da-covid-19","status":"publish","type":"noticia","link":"https:\/\/previews.elleven.digital\/acocearense\/noticia\/grupo-aco-cearense-faz-doacao-de-alimentos-durante-a-pandemia-da-covid-19\/","title":{"rendered":"Grupo A\u00e7o Cearense faz doa\u00e7\u00e3o de alimentos durante a pandemia da Covid-19"},"content":{"rendered":"<p>Como os shows e eventos est\u00e3o cancelados devido ao isolamento social, muitos artistas est\u00e3o fazendo shows online e aproveitando a oportunidade para arrecadar doa\u00e7\u00f5es para institui\u00e7\u00f5es de caridade e hospitais.<br \/>\nNo s\u00e1bado (24), na live da dupla Simone e Simaria o Instituto A\u00e7o Cearense, do Grupo A\u00e7o Cearense, doou 1 tonelada de alimentos.<\/p>\n<p><img loading=\"lazy\" decoding=\"async\" class=\"size-medium wp-image-7929 aligncenter\" src=\"https:\/\/previews.elleven.digital\/acocearense\/wp-content\/uploads\/2020\/07\/a%C3%A7%C3%A3o-gac-300x155.jpg\" sizes=\"auto, (max-width: 300px) 100vw, 300px\" srcset=\"https:\/\/previews.elleven.digital\/acocearense\/wp-content\/uploads\/2020\/07\/a\u00e7\u00e3o-gac-300x155.jpg 300w, https:\/\/previews.elleven.digital\/acocearense\/wp-content\/uploads\/2020\/07\/a\u00e7\u00e3o-gac.jpg 751w\" alt=\"\" width=\"300\" height=\"155\" \/><\/p>\n<p>Rosemeire Matos,\u00a0<strong>Presidente do Instituto A\u00e7o Cearense e Diretora Administrativa da A\u00e7o Cearense Industrial<\/strong>, comentou que \u00e9 uma alegria poder fazer isso, aproveitar o momento da live para ajudar quem mais precisa. \u201cDoamos de cora\u00e7\u00e3o e com pensamento positivo de que logo tudo isso vai passar\u201d, disse ela.<\/p>\n<p>Al\u00e9m dos alimentos, o Instituto A\u00e7o Cearense entregou 400 kits de limpeza na capital cearense e em Caucaia, contendo shampoo, \u00e1gua sanit\u00e1ria, sabonete, pasta de dente, desinfetante, detergente e sab\u00e3o em p\u00f3, itens importantes para manter a higieniza\u00e7\u00e3o da casa e a higiene pessoal das fam\u00edlias promovendo a preven\u00e7\u00e3o do novo coronav\u00edrus.<\/p>\n<p>O Instituto A\u00e7o Cearense entregar\u00e1 na pr\u00f3xima semana outros 200 kits de limpeza e higiene em Marab\u00e1 (PA) e 100 cestas b\u00e1sicas para fam\u00edlias do munic\u00edpio de S\u00e3o Bento (TO).<\/p>\n","protected":false},"featured_media":2001,"template":"","meta":{"_acf_changed":false,"inline_featured_image":false},"categoria-noticia":[],"class_list":["post-2007","noticia","type-noticia","status-publish","has-post-thumbnail","hentry"],"acf":{"link":""},"yoast_head":"<!-- This site is optimized with the Yoast SEO plugin v25.9 - https:\/\/yoast.com\/wordpress\/plugins\/seo\/ -->\n<title>Grupo A\u00e7o Cearense faz doa\u00e7\u00e3o de alimentos durante a pandemia da Covid-19 - Grupo A\u00e7o Cearense<\/title>\n<meta name=\"robots\" content=\"index, follow, max-snippet:-1, max-image-preview:large, max-video-preview:-1\" \/>\n<link rel=\"canonical\" href=\"https:\/\/previews.elleven.digital\/acocearense\/noticia\/grupo-aco-cearense-faz-doacao-de-alimentos-durante-a-pandemia-da-covid-19\/\" \/>\n<meta property=\"og:locale\" content=\"pt_BR\" \/>\n<meta property=\"og:type\" content=\"article\" \/>\n<meta property=\"og:title\" content=\"Grupo A\u00e7o Cearense faz doa\u00e7\u00e3o de alimentos durante a pandemia da Covid-19 - Grupo A\u00e7o Cearense\" \/>\n<meta property=\"og:description\" content=\"Como os shows e eventos est\u00e3o cancelados devido ao isolamento social, muitos artistas est\u00e3o fazendo(...)\" \/>\n<meta property=\"og:url\" content=\"https:\/\/previews.elleven.digital\/acocearense\/noticia\/grupo-aco-cearense-faz-doacao-de-alimentos-durante-a-pandemia-da-covid-19\/\" \/>\n<meta property=\"og:site_name\" content=\"Grupo A\u00e7o Cearense\" \/>\n<meta property=\"article:modified_time\" content=\"2025-05-07T19:33:26+00:00\" \/>\n<meta property=\"og:image\" content=\"https:\/\/previews.elleven.digital\/acocearense\/wp-content\/uploads\/2025\/05\/gac.jpg\" \/>\n\t<meta property=\"og:image:width\" content=\"600\" \/>\n\t<meta property=\"og:image:height\" content=\"282\" \/>\n\t<meta property=\"og:image:type\" content=\"image\/jpeg\" \/>\n<meta name=\"twitter:card\" content=\"summary_large_image\" \/>\n<meta name=\"twitter:label1\" content=\"Est. tempo de leitura\" \/>\n\t<meta name=\"twitter:data1\" content=\"1 minuto\" \/>\n<script type=\"application\/ld+json\" class=\"yoast-schema-graph\">{\"@context\":\"https:\/\/schema.org\",\"@graph\":[{\"@type\":\"WebPage\",\"@id\":\"https:\/\/previews.elleven.digital\/acocearense\/noticia\/grupo-aco-cearense-faz-doacao-de-alimentos-durante-a-pandemia-da-covid-19\/\",\"url\":\"https:\/\/previews.elleven.digital\/acocearense\/noticia\/grupo-aco-cearense-faz-doacao-de-alimentos-durante-a-pandemia-da-covid-19\/\",\"name\":\"Grupo A\u00e7o Cearense faz doa\u00e7\u00e3o de alimentos durante a pandemia da Covid-19 - Grupo A\u00e7o Cearense\",\"isPartOf\":{\"@id\":\"https:\/\/previews.elleven.digital\/acocearense\/#website\"},\"primaryImageOfPage\":{\"@id\":\"https:\/\/previews.elleven.digital\/acocearense\/noticia\/grupo-aco-cearense-faz-doacao-de-alimentos-durante-a-pandemia-da-covid-19\/#primaryimage\"},\"image\":{\"@id\":\"https:\/\/previews.elleven.digital\/acocearense\/noticia\/grupo-aco-cearense-faz-doacao-de-alimentos-durante-a-pandemia-da-covid-19\/#primaryimage\"},\"thumbnailUrl\":\"https:\/\/previews.elleven.digital\/acocearense\/wp-content\/uploads\/2025\/05\/gac.jpg\",\"datePublished\":\"2020-05-02T19:33:02+00:00\",\"dateModified\":\"2025-05-07T19:33:26+00:00\",\"breadcrumb\":{\"@id\":\"https:\/\/previews.elleven.digital\/acocearense\/noticia\/grupo-aco-cearense-faz-doacao-de-alimentos-durante-a-pandemia-da-covid-19\/#breadcrumb\"},\"inLanguage\":\"pt-BR\",\"potentialAction\":[{\"@type\":\"ReadAction\",\"target\":[\"https:\/\/previews.elleven.digital\/acocearense\/noticia\/grupo-aco-cearense-faz-doacao-de-alimentos-durante-a-pandemia-da-covid-19\/\"]}]},{\"@type\":\"ImageObject\",\"inLanguage\":\"pt-BR\",\"@id\":\"https:\/\/previews.elleven.digital\/acocearense\/noticia\/grupo-aco-cearense-faz-doacao-de-alimentos-durante-a-pandemia-da-covid-19\/#primaryimage\",\"url\":\"https:\/\/previews.elleven.digital\/acocearense\/wp-content\/uploads\/2025\/05\/gac.jpg\",\"contentUrl\":\"https:\/\/previews.elleven.digital\/acocearense\/wp-content\/uploads\/2025\/05\/gac.jpg\",\"width\":600,\"height\":282},{\"@type\":\"BreadcrumbList\",\"@id\":\"https:\/\/previews.elleven.digital\/acocearense\/noticia\/grupo-aco-cearense-faz-doacao-de-alimentos-durante-a-pandemia-da-covid-19\/#breadcrumb\",\"itemListElement\":[{\"@type\":\"ListItem\",\"position\":1,\"name\":\"In\u00edcio\",\"item\":\"https:\/\/previews.elleven.digital\/acocearense\/\"},{\"@type\":\"ListItem\",\"position\":2,\"name\":\"Not\u00edcias\",\"item\":\"https:\/\/previews.elleven.digital\/acocearense\/noticias\/\"},{\"@type\":\"ListItem\",\"position\":3,\"name\":\"Grupo A\u00e7o Cearense faz doa\u00e7\u00e3o de alimentos durante a pandemia da Covid-19\"}]},{\"@type\":\"WebSite\",\"@id\":\"https:\/\/previews.elleven.digital\/acocearense\/#website\",\"url\":\"https:\/\/previews.elleven.digital\/acocearense\/\",\"name\":\"A\u00e7o Cearense\",\"description\":\"H\u00e1 mais de 45 anos no mercado brasileiro do a\u00e7o.\",\"alternateName\":\"A\u00e7o Cearense\",\"potentialAction\":[{\"@type\":\"SearchAction\",\"target\":{\"@type\":\"EntryPoint\",\"urlTemplate\":\"https:\/\/previews.elleven.digital\/acocearense\/?s={search_term_string}\"},\"query-input\":{\"@type\":\"PropertyValueSpecification\",\"valueRequired\":true,\"valueName\":\"search_term_string\"}}],\"inLanguage\":\"pt-BR\"}]}<\/script>\n<!-- \/ Yoast SEO plugin. -->","yoast_head_json":{"title":"Grupo A\u00e7o Cearense faz doa\u00e7\u00e3o de alimentos durante a pandemia da Covid-19 - Grupo A\u00e7o Cearense","robots":{"index":"index","follow":"follow","max-snippet":"max-snippet:-1","max-image-preview":"max-image-preview:large","max-video-preview":"max-video-preview:-1"},"canonical":"https:\/\/previews.elleven.digital\/acocearense\/noticia\/grupo-aco-cearense-faz-doacao-de-alimentos-durante-a-pandemia-da-covid-19\/","og_locale":"pt_BR","og_type":"article","og_title":"Grupo A\u00e7o Cearense faz doa\u00e7\u00e3o de alimentos durante a pandemia da Covid-19 - Grupo A\u00e7o Cearense","og_description":"Como os shows e eventos est\u00e3o cancelados devido ao isolamento social, muitos artistas est\u00e3o fazendo(...)","og_url":"https:\/\/previews.elleven.digital\/acocearense\/noticia\/grupo-aco-cearense-faz-doacao-de-alimentos-durante-a-pandemia-da-covid-19\/","og_site_name":"Grupo A\u00e7o Cearense","article_modified_time":"2025-05-07T19:33:26+00:00","og_image":[{"width":600,"height":282,"url":"https:\/\/previews.elleven.digital\/acocearense\/wp-content\/uploads\/2025\/05\/gac.jpg","type":"image\/jpeg"}],"twitter_card":"summary_large_image","twitter_misc":{"Est. tempo de leitura":"1 minuto"},"schema":{"@context":"https:\/\/schema.org","@graph":[{"@type":"WebPage","@id":"https:\/\/previews.elleven.digital\/acocearense\/noticia\/grupo-aco-cearense-faz-doacao-de-alimentos-durante-a-pandemia-da-covid-19\/","url":"https:\/\/previews.elleven.digital\/acocearense\/noticia\/grupo-aco-cearense-faz-doacao-de-alimentos-durante-a-pandemia-da-covid-19\/","name":"Grupo A\u00e7o Cearense faz doa\u00e7\u00e3o de alimentos durante a pandemia da Covid-19 - Grupo A\u00e7o Cearense","isPartOf":{"@id":"https:\/\/previews.elleven.digital\/acocearense\/#website"},"primaryImageOfPage":{"@id":"https:\/\/previews.elleven.digital\/acocearense\/noticia\/grupo-aco-cearense-faz-doacao-de-alimentos-durante-a-pandemia-da-covid-19\/#primaryimage"},"image":{"@id":"https:\/\/previews.elleven.digital\/acocearense\/noticia\/grupo-aco-cearense-faz-doacao-de-alimentos-durante-a-pandemia-da-covid-19\/#primaryimage"},"thumbnailUrl":"https:\/\/previews.elleven.digital\/acocearense\/wp-content\/uploads\/2025\/05\/gac.jpg","datePublished":"2020-05-02T19:33:02+00:00","dateModified":"2025-05-07T19:33:26+00:00","breadcrumb":{"@id":"https:\/\/previews.elleven.digital\/acocearense\/noticia\/grupo-aco-cearense-faz-doacao-de-alimentos-durante-a-pandemia-da-covid-19\/#breadcrumb"},"inLanguage":"pt-BR","potentialAction":[{"@type":"ReadAction","target":["https:\/\/previews.elleven.digital\/acocearense\/noticia\/grupo-aco-cearense-faz-doacao-de-alimentos-durante-a-pandemia-da-covid-19\/"]}]},{"@type":"ImageObject","inLanguage":"pt-BR","@id":"https:\/\/previews.elleven.digital\/acocearense\/noticia\/grupo-aco-cearense-faz-doacao-de-alimentos-durante-a-pandemia-da-covid-19\/#primaryimage","url":"https:\/\/previews.elleven.digital\/acocearense\/wp-content\/uploads\/2025\/05\/gac.jpg","contentUrl":"https:\/\/previews.elleven.digital\/acocearense\/wp-content\/uploads\/2025\/05\/gac.jpg","width":600,"height":282},{"@type":"BreadcrumbList","@id":"https:\/\/previews.elleven.digital\/acocearense\/noticia\/grupo-aco-cearense-faz-doacao-de-alimentos-durante-a-pandemia-da-covid-19\/#breadcrumb","itemListElement":[{"@type":"ListItem","position":1,"name":"In\u00edcio","item":"https:\/\/previews.elleven.digital\/acocearense\/"},{"@type":"ListItem","position":2,"name":"Not\u00edcias","item":"https:\/\/previews.elleven.digital\/acocearense\/noticias\/"},{"@type":"ListItem","position":3,"name":"Grupo A\u00e7o Cearense faz doa\u00e7\u00e3o de alimentos durante a pandemia da Covid-19"}]},{"@type":"WebSite","@id":"https:\/\/previews.elleven.digital\/acocearense\/#website","url":"https:\/\/previews.elleven.digital\/acocearense\/","name":"A\u00e7o Cearense","description":"H\u00e1 mais de 45 anos no mercado brasileiro do a\u00e7o.","alternateName":"A\u00e7o Cearense","potentialAction":[{"@type":"SearchAction","target":{"@type":"EntryPoint","urlTemplate":"https:\/\/previews.elleven.digital\/acocearense\/?s={search_term_string}"},"query-input":{"@type":"PropertyValueSpecification","valueRequired":true,"valueName":"search_term_string"}}],"inLanguage":"pt-BR"}]}},"_links":{"self":[{"href":"https:\/\/previews.elleven.digital\/acocearense\/wp-json\/wp\/v2\/noticia\/2007","targetHints":{"allow":["GET"]}}],"collection":[{"href":"https:\/\/previews.elleven.digital\/acocearense\/wp-json\/wp\/v2\/noticia"}],"about":[{"href":"https:\/\/previews.elleven.digital\/acocearense\/wp-json\/wp\/v2\/types\/noticia"}],"wp:featuredmedia":[{"embeddable":true,"href":"https:\/\/previews.elleven.digital\/acocearense\/wp-json\/wp\/v2\/media\/2001"}],"wp:attachment":[{"href":"https:\/\/previews.elleven.digital\/acocearense\/wp-json\/wp\/v2\/media?parent=2007"}],"wp:term":[{"taxonomy":"categoria-noticia","embeddable":true,"href":"https:\/\/previews.elleven.digital\/acocearense\/wp-json\/wp\/v2\/categoria-noticia?post=2007"}],"curies":[{"name":"wp","href":"https:\/\/api.w.org\/{rel}","templated":true}]}}