{"id":2006,"date":"2020-03-12T16:32:33","date_gmt":"2020-03-12T19:32:33","guid":{"rendered":"https:\/\/previews.elleven.digital\/acocearense\/?post_type=noticia&#038;p=2006"},"modified":"2025-05-07T16:32:58","modified_gmt":"2025-05-07T19:32:58","slug":"vilmar-e-aline-na-unifametro","status":"publish","type":"noticia","link":"https:\/\/previews.elleven.digital\/acocearense\/noticia\/vilmar-e-aline-na-unifametro\/","title":{"rendered":"Vilmar e Aline na Unifametro"},"content":{"rendered":"<p>As boas hist\u00f3rias precisam ser compartilhadas, principalmente como fonte de inspira\u00e7\u00e3o para profissionais em forma\u00e7\u00e3o e novos empreendedores. Com este prop\u00f3sito, o presidente do Grupo A\u00e7o Cearense, Vilmar Ferreira, e a vice-presidente comercial e financeira, Aline Ferreira, estiveram na Unifametro, na \u00faltima quarta-feira (4), para compartilhar com os estudantes e professores a trajet\u00f3ria do Grupo que completou recentemente 40 anos. Os empres\u00e1rios participaram da abertura do semestre do curso de Administra\u00e7\u00e3o da faculdade com a palestra Uma trajet\u00f3ria empreendedora, mostrando o case do Grupo A\u00e7o Cearense.<\/p>\n<p>Vilmar e Aline Ferreira contaram aos alunos da institui\u00e7\u00e3o um pouco de sua jornada de coragem, empreendedorismo e sucesso, desde quando a fam\u00edlia saiu do interior para Fortaleza, at\u00e9 se tornarem gestores de um Grupo que hoje conta com quatro empresas e um instituto com opera\u00e7\u00f5es no Cear\u00e1, no Par\u00e1 e no Tocantins: A\u00e7o Cearense Comercial, A\u00e7o Cearense Industrial, SINOBRAS, SINOBRAS Florestal e Instituto A\u00e7o Cearense. O Grupo A\u00e7o Cearense atua no mercado do a\u00e7o de forma sustent\u00e1vel com dinamismo e excel\u00eancia, sendo l\u00edder regional do setor e mantendo uma carteira de 16 mil clientes ativos em todo o pa\u00eds.<\/p>\n","protected":false},"featured_media":2002,"template":"","meta":{"_acf_changed":false,"inline_featured_image":false},"categoria-noticia":[],"class_list":["post-2006","noticia","type-noticia","status-publish","has-post-thumbnail","hentry"],"acf":{"link":""},"yoast_head":"<!-- This site is optimized with the Yoast SEO plugin v25.9 - https:\/\/yoast.com\/wordpress\/plugins\/seo\/ -->\n<title>Vilmar e Aline na Unifametro - Grupo A\u00e7o Cearense<\/title>\n<meta name=\"robots\" content=\"index, follow, max-snippet:-1, max-image-preview:large, max-video-preview:-1\" \/>\n<link rel=\"canonical\" href=\"https:\/\/previews.elleven.digital\/acocearense\/noticia\/vilmar-e-aline-na-unifametro\/\" \/>\n<meta property=\"og:locale\" content=\"pt_BR\" \/>\n<meta property=\"og:type\" content=\"article\" \/>\n<meta property=\"og:title\" content=\"Vilmar e Aline na Unifametro - Grupo A\u00e7o Cearense\" \/>\n<meta property=\"og:description\" content=\"As boas hist\u00f3rias precisam ser compartilhadas, principalmente como fonte de inspira\u00e7\u00e3o para profissionais em forma\u00e7\u00e3o(...)\" \/>\n<meta property=\"og:url\" content=\"https:\/\/previews.elleven.digital\/acocearense\/noticia\/vilmar-e-aline-na-unifametro\/\" \/>\n<meta property=\"og:site_name\" content=\"Grupo A\u00e7o Cearense\" \/>\n<meta property=\"article:modified_time\" content=\"2025-05-07T19:32:58+00:00\" \/>\n<meta property=\"og:image\" content=\"https:\/\/previews.elleven.digital\/acocearense\/wp-content\/uploads\/2025\/05\/unnamed-10-1-scaled.jpg\" \/>\n\t<meta property=\"og:image:width\" content=\"2560\" \/>\n\t<meta property=\"og:image:height\" content=\"1473\" \/>\n\t<meta property=\"og:image:type\" content=\"image\/jpeg\" \/>\n<meta name=\"twitter:card\" content=\"summary_large_image\" \/>\n<meta name=\"twitter:label1\" content=\"Est. tempo de leitura\" \/>\n\t<meta name=\"twitter:data1\" content=\"2 minutos\" \/>\n<script type=\"application\/ld+json\" class=\"yoast-schema-graph\">{\"@context\":\"https:\/\/schema.org\",\"@graph\":[{\"@type\":\"WebPage\",\"@id\":\"https:\/\/previews.elleven.digital\/acocearense\/noticia\/vilmar-e-aline-na-unifametro\/\",\"url\":\"https:\/\/previews.elleven.digital\/acocearense\/noticia\/vilmar-e-aline-na-unifametro\/\",\"name\":\"Vilmar e Aline na Unifametro - Grupo A\u00e7o Cearense\",\"isPartOf\":{\"@id\":\"https:\/\/previews.elleven.digital\/acocearense\/#website\"},\"primaryImageOfPage\":{\"@id\":\"https:\/\/previews.elleven.digital\/acocearense\/noticia\/vilmar-e-aline-na-unifametro\/#primaryimage\"},\"image\":{\"@id\":\"https:\/\/previews.elleven.digital\/acocearense\/noticia\/vilmar-e-aline-na-unifametro\/#primaryimage\"},\"thumbnailUrl\":\"https:\/\/previews.elleven.digital\/acocearense\/wp-content\/uploads\/2025\/05\/unnamed-10-1-scaled.jpg\",\"datePublished\":\"2020-03-12T19:32:33+00:00\",\"dateModified\":\"2025-05-07T19:32:58+00:00\",\"breadcrumb\":{\"@id\":\"https:\/\/previews.elleven.digital\/acocearense\/noticia\/vilmar-e-aline-na-unifametro\/#breadcrumb\"},\"inLanguage\":\"pt-BR\",\"potentialAction\":[{\"@type\":\"ReadAction\",\"target\":[\"https:\/\/previews.elleven.digital\/acocearense\/noticia\/vilmar-e-aline-na-unifametro\/\"]}]},{\"@type\":\"ImageObject\",\"inLanguage\":\"pt-BR\",\"@id\":\"https:\/\/previews.elleven.digital\/acocearense\/noticia\/vilmar-e-aline-na-unifametro\/#primaryimage\",\"url\":\"https:\/\/previews.elleven.digital\/acocearense\/wp-content\/uploads\/2025\/05\/unnamed-10-1-scaled.jpg\",\"contentUrl\":\"https:\/\/previews.elleven.digital\/acocearense\/wp-content\/uploads\/2025\/05\/unnamed-10-1-scaled.jpg\",\"width\":2560,\"height\":1473},{\"@type\":\"BreadcrumbList\",\"@id\":\"https:\/\/previews.elleven.digital\/acocearense\/noticia\/vilmar-e-aline-na-unifametro\/#breadcrumb\",\"itemListElement\":[{\"@type\":\"ListItem\",\"position\":1,\"name\":\"In\u00edcio\",\"item\":\"https:\/\/previews.elleven.digital\/acocearense\/\"},{\"@type\":\"ListItem\",\"position\":2,\"name\":\"Not\u00edcias\",\"item\":\"https:\/\/previews.elleven.digital\/acocearense\/noticias\/\"},{\"@type\":\"ListItem\",\"position\":3,\"name\":\"Vilmar e Aline na Unifametro\"}]},{\"@type\":\"WebSite\",\"@id\":\"https:\/\/previews.elleven.digital\/acocearense\/#website\",\"url\":\"https:\/\/previews.elleven.digital\/acocearense\/\",\"name\":\"A\u00e7o Cearense\",\"description\":\"H\u00e1 mais de 45 anos no mercado brasileiro do a\u00e7o.\",\"alternateName\":\"A\u00e7o Cearense\",\"potentialAction\":[{\"@type\":\"SearchAction\",\"target\":{\"@type\":\"EntryPoint\",\"urlTemplate\":\"https:\/\/previews.elleven.digital\/acocearense\/?s={search_term_string}\"},\"query-input\":{\"@type\":\"PropertyValueSpecification\",\"valueRequired\":true,\"valueName\":\"search_term_string\"}}],\"inLanguage\":\"pt-BR\"}]}<\/script>\n<!-- \/ Yoast SEO plugin. -->","yoast_head_json":{"title":"Vilmar e Aline na Unifametro - Grupo A\u00e7o Cearense","robots":{"index":"index","follow":"follow","max-snippet":"max-snippet:-1","max-image-preview":"max-image-preview:large","max-video-preview":"max-video-preview:-1"},"canonical":"https:\/\/previews.elleven.digital\/acocearense\/noticia\/vilmar-e-aline-na-unifametro\/","og_locale":"pt_BR","og_type":"article","og_title":"Vilmar e Aline na Unifametro - Grupo A\u00e7o Cearense","og_description":"As boas hist\u00f3rias precisam ser compartilhadas, principalmente como fonte de inspira\u00e7\u00e3o para profissionais em forma\u00e7\u00e3o(...)","og_url":"https:\/\/previews.elleven.digital\/acocearense\/noticia\/vilmar-e-aline-na-unifametro\/","og_site_name":"Grupo A\u00e7o Cearense","article_modified_time":"2025-05-07T19:32:58+00:00","og_image":[{"width":2560,"height":1473,"url":"https:\/\/previews.elleven.digital\/acocearense\/wp-content\/uploads\/2025\/05\/unnamed-10-1-scaled.jpg","type":"image\/jpeg"}],"twitter_card":"summary_large_image","twitter_misc":{"Est. tempo de leitura":"2 minutos"},"schema":{"@context":"https:\/\/schema.org","@graph":[{"@type":"WebPage","@id":"https:\/\/previews.elleven.digital\/acocearense\/noticia\/vilmar-e-aline-na-unifametro\/","url":"https:\/\/previews.elleven.digital\/acocearense\/noticia\/vilmar-e-aline-na-unifametro\/","name":"Vilmar e Aline na Unifametro - Grupo A\u00e7o Cearense","isPartOf":{"@id":"https:\/\/previews.elleven.digital\/acocearense\/#website"},"primaryImageOfPage":{"@id":"https:\/\/previews.elleven.digital\/acocearense\/noticia\/vilmar-e-aline-na-unifametro\/#primaryimage"},"image":{"@id":"https:\/\/previews.elleven.digital\/acocearense\/noticia\/vilmar-e-aline-na-unifametro\/#primaryimage"},"thumbnailUrl":"https:\/\/previews.elleven.digital\/acocearense\/wp-content\/uploads\/2025\/05\/unnamed-10-1-scaled.jpg","datePublished":"2020-03-12T19:32:33+00:00","dateModified":"2025-05-07T19:32:58+00:00","breadcrumb":{"@id":"https:\/\/previews.elleven.digital\/acocearense\/noticia\/vilmar-e-aline-na-unifametro\/#breadcrumb"},"inLanguage":"pt-BR","potentialAction":[{"@type":"ReadAction","target":["https:\/\/previews.elleven.digital\/acocearense\/noticia\/vilmar-e-aline-na-unifametro\/"]}]},{"@type":"ImageObject","inLanguage":"pt-BR","@id":"https:\/\/previews.elleven.digital\/acocearense\/noticia\/vilmar-e-aline-na-unifametro\/#primaryimage","url":"https:\/\/previews.elleven.digital\/acocearense\/wp-content\/uploads\/2025\/05\/unnamed-10-1-scaled.jpg","contentUrl":"https:\/\/previews.elleven.digital\/acocearense\/wp-content\/uploads\/2025\/05\/unnamed-10-1-scaled.jpg","width":2560,"height":1473},{"@type":"BreadcrumbList","@id":"https:\/\/previews.elleven.digital\/acocearense\/noticia\/vilmar-e-aline-na-unifametro\/#breadcrumb","itemListElement":[{"@type":"ListItem","position":1,"name":"In\u00edcio","item":"https:\/\/previews.elleven.digital\/acocearense\/"},{"@type":"ListItem","position":2,"name":"Not\u00edcias","item":"https:\/\/previews.elleven.digital\/acocearense\/noticias\/"},{"@type":"ListItem","position":3,"name":"Vilmar e Aline na Unifametro"}]},{"@type":"WebSite","@id":"https:\/\/previews.elleven.digital\/acocearense\/#website","url":"https:\/\/previews.elleven.digital\/acocearense\/","name":"A\u00e7o Cearense","description":"H\u00e1 mais de 45 anos no mercado brasileiro do a\u00e7o.","alternateName":"A\u00e7o Cearense","potentialAction":[{"@type":"SearchAction","target":{"@type":"EntryPoint","urlTemplate":"https:\/\/previews.elleven.digital\/acocearense\/?s={search_term_string}"},"query-input":{"@type":"PropertyValueSpecification","valueRequired":true,"valueName":"search_term_string"}}],"inLanguage":"pt-BR"}]}},"_links":{"self":[{"href":"https:\/\/previews.elleven.digital\/acocearense\/wp-json\/wp\/v2\/noticia\/2006","targetHints":{"allow":["GET"]}}],"collection":[{"href":"https:\/\/previews.elleven.digital\/acocearense\/wp-json\/wp\/v2\/noticia"}],"about":[{"href":"https:\/\/previews.elleven.digital\/acocearense\/wp-json\/wp\/v2\/types\/noticia"}],"wp:featuredmedia":[{"embeddable":true,"href":"https:\/\/previews.elleven.digital\/acocearense\/wp-json\/wp\/v2\/media\/2002"}],"wp:attachment":[{"href":"https:\/\/previews.elleven.digital\/acocearense\/wp-json\/wp\/v2\/media?parent=2006"}],"wp:term":[{"taxonomy":"categoria-noticia","embeddable":true,"href":"https:\/\/previews.elleven.digital\/acocearense\/wp-json\/wp\/v2\/categoria-noticia?post=2006"}],"curies":[{"name":"wp","href":"https:\/\/api.w.org\/{rel}","templated":true}]}}