{"id":1993,"date":"2020-02-20T16:27:06","date_gmt":"2020-02-20T19:27:06","guid":{"rendered":"https:\/\/previews.elleven.digital\/acocearense\/?post_type=noticia&#038;p=1993"},"modified":"2025-05-07T16:27:49","modified_gmt":"2025-05-07T19:27:49","slug":"gac-e-indicado-ao-premio-de-inovacao-sap","status":"publish","type":"noticia","link":"https:\/\/previews.elleven.digital\/acocearense\/noticia\/gac-e-indicado-ao-premio-de-inovacao-sap\/","title":{"rendered":"GAC \u00e9 indicado ao pr\u00eamio de Inova\u00e7\u00e3o SAP"},"content":{"rendered":"<p>O Grupo A\u00e7o Cearense foi selecionado como finalista do pr\u00eamio de inova\u00e7\u00e3o, SAP Innovation Awards 2020, por \u201cUsar o SAP Analytics Cloud para melhorar os neg\u00f3cios de a\u00e7o\u201d. A solu\u00e7\u00e3o se destacou entre as 264 inscritas como um dos exemplos mais convincentes de inova\u00e7\u00e3o. Em reconhecimento \u00e0 conquista, foram entregues um certificado digital e um pr\u00eamio pela participa\u00e7\u00e3o no SAP Innovation Awards deste ano.<br \/>\nVin\u00edcius Amanaj\u00e1s, Gerente de TI do Grupo A\u00e7o Cearense comentou: \u201cAgradecemos pela confian\u00e7a em nosso time de Tecnologia da Informa\u00e7\u00e3o. Estamos muito felizes de sermos indicados a receber esse reconhecimento e gratos pela parceria e profissionalismo de toda nossa equipe. Muito obrigado! \u201d, disse ele.<br \/>\nOs vencedores ser\u00e3o anunciados no dia 18 de mar\u00e7o, durante a Sapphire Now 2020, confer\u00eancia anual que acontecer\u00e1 nos EUA com a presen\u00e7a de milhares de clientes SAP, CEOs, l\u00edderes de tecnologia e parceiros de alian\u00e7as estrat\u00e9gicas.<\/p>\n<h2>SAP Inside Track Recife<\/h2>\n<p>A equipe de TI do GAC apresentou, neste fim de semana, um case do SAP Analitycs Cloud (SAC) no evento SAP Inside Track Recife, que re\u00fane usu\u00e1rios do Nordeste Brasileiro, onde s\u00e3o apresentados projetos, novas tend\u00eancia e os desafios na \u00e1rea tecnol\u00f3gica.<\/p>\n","protected":false},"featured_media":1975,"template":"","meta":{"_acf_changed":false,"inline_featured_image":false},"categoria-noticia":[],"class_list":["post-1993","noticia","type-noticia","status-publish","has-post-thumbnail","hentry"],"acf":{"link":""},"yoast_head":"<!-- This site is optimized with the Yoast SEO plugin v25.9 - https:\/\/yoast.com\/wordpress\/plugins\/seo\/ -->\n<title>GAC \u00e9 indicado ao pr\u00eamio de Inova\u00e7\u00e3o SAP - Grupo A\u00e7o Cearense<\/title>\n<meta name=\"robots\" content=\"index, follow, max-snippet:-1, max-image-preview:large, max-video-preview:-1\" \/>\n<link rel=\"canonical\" href=\"https:\/\/previews.elleven.digital\/acocearense\/noticia\/gac-e-indicado-ao-premio-de-inovacao-sap\/\" \/>\n<meta property=\"og:locale\" content=\"pt_BR\" \/>\n<meta property=\"og:type\" content=\"article\" \/>\n<meta property=\"og:title\" content=\"GAC \u00e9 indicado ao pr\u00eamio de Inova\u00e7\u00e3o SAP - Grupo A\u00e7o Cearense\" \/>\n<meta property=\"og:description\" content=\"O Grupo A\u00e7o Cearense foi selecionado como finalista do pr\u00eamio de inova\u00e7\u00e3o, SAP Innovation Awards(...)\" \/>\n<meta property=\"og:url\" content=\"https:\/\/previews.elleven.digital\/acocearense\/noticia\/gac-e-indicado-ao-premio-de-inovacao-sap\/\" \/>\n<meta property=\"og:site_name\" content=\"Grupo A\u00e7o Cearense\" \/>\n<meta property=\"article:modified_time\" content=\"2025-05-07T19:27:49+00:00\" \/>\n<meta property=\"og:image\" content=\"https:\/\/previews.elleven.digital\/acocearense\/wp-content\/uploads\/2025\/05\/unnamed-1-1.png\" \/>\n\t<meta property=\"og:image:width\" content=\"1200\" \/>\n\t<meta property=\"og:image:height\" content=\"627\" \/>\n\t<meta property=\"og:image:type\" content=\"image\/png\" \/>\n<meta name=\"twitter:card\" content=\"summary_large_image\" \/>\n<meta name=\"twitter:label1\" content=\"Est. tempo de leitura\" \/>\n\t<meta name=\"twitter:data1\" content=\"2 minutos\" \/>\n<script type=\"application\/ld+json\" class=\"yoast-schema-graph\">{\"@context\":\"https:\/\/schema.org\",\"@graph\":[{\"@type\":\"WebPage\",\"@id\":\"https:\/\/previews.elleven.digital\/acocearense\/noticia\/gac-e-indicado-ao-premio-de-inovacao-sap\/\",\"url\":\"https:\/\/previews.elleven.digital\/acocearense\/noticia\/gac-e-indicado-ao-premio-de-inovacao-sap\/\",\"name\":\"GAC \u00e9 indicado ao pr\u00eamio de Inova\u00e7\u00e3o SAP - Grupo A\u00e7o Cearense\",\"isPartOf\":{\"@id\":\"https:\/\/previews.elleven.digital\/acocearense\/#website\"},\"primaryImageOfPage\":{\"@id\":\"https:\/\/previews.elleven.digital\/acocearense\/noticia\/gac-e-indicado-ao-premio-de-inovacao-sap\/#primaryimage\"},\"image\":{\"@id\":\"https:\/\/previews.elleven.digital\/acocearense\/noticia\/gac-e-indicado-ao-premio-de-inovacao-sap\/#primaryimage\"},\"thumbnailUrl\":\"https:\/\/previews.elleven.digital\/acocearense\/wp-content\/uploads\/2025\/05\/unnamed-1-1.png\",\"datePublished\":\"2020-02-20T19:27:06+00:00\",\"dateModified\":\"2025-05-07T19:27:49+00:00\",\"breadcrumb\":{\"@id\":\"https:\/\/previews.elleven.digital\/acocearense\/noticia\/gac-e-indicado-ao-premio-de-inovacao-sap\/#breadcrumb\"},\"inLanguage\":\"pt-BR\",\"potentialAction\":[{\"@type\":\"ReadAction\",\"target\":[\"https:\/\/previews.elleven.digital\/acocearense\/noticia\/gac-e-indicado-ao-premio-de-inovacao-sap\/\"]}]},{\"@type\":\"ImageObject\",\"inLanguage\":\"pt-BR\",\"@id\":\"https:\/\/previews.elleven.digital\/acocearense\/noticia\/gac-e-indicado-ao-premio-de-inovacao-sap\/#primaryimage\",\"url\":\"https:\/\/previews.elleven.digital\/acocearense\/wp-content\/uploads\/2025\/05\/unnamed-1-1.png\",\"contentUrl\":\"https:\/\/previews.elleven.digital\/acocearense\/wp-content\/uploads\/2025\/05\/unnamed-1-1.png\",\"width\":1200,\"height\":627},{\"@type\":\"BreadcrumbList\",\"@id\":\"https:\/\/previews.elleven.digital\/acocearense\/noticia\/gac-e-indicado-ao-premio-de-inovacao-sap\/#breadcrumb\",\"itemListElement\":[{\"@type\":\"ListItem\",\"position\":1,\"name\":\"In\u00edcio\",\"item\":\"https:\/\/previews.elleven.digital\/acocearense\/\"},{\"@type\":\"ListItem\",\"position\":2,\"name\":\"Not\u00edcias\",\"item\":\"https:\/\/previews.elleven.digital\/acocearense\/noticias\/\"},{\"@type\":\"ListItem\",\"position\":3,\"name\":\"GAC \u00e9 indicado ao pr\u00eamio de Inova\u00e7\u00e3o SAP\"}]},{\"@type\":\"WebSite\",\"@id\":\"https:\/\/previews.elleven.digital\/acocearense\/#website\",\"url\":\"https:\/\/previews.elleven.digital\/acocearense\/\",\"name\":\"A\u00e7o Cearense\",\"description\":\"H\u00e1 mais de 45 anos no mercado brasileiro do a\u00e7o.\",\"alternateName\":\"A\u00e7o Cearense\",\"potentialAction\":[{\"@type\":\"SearchAction\",\"target\":{\"@type\":\"EntryPoint\",\"urlTemplate\":\"https:\/\/previews.elleven.digital\/acocearense\/?s={search_term_string}\"},\"query-input\":{\"@type\":\"PropertyValueSpecification\",\"valueRequired\":true,\"valueName\":\"search_term_string\"}}],\"inLanguage\":\"pt-BR\"}]}<\/script>\n<!-- \/ Yoast SEO plugin. -->","yoast_head_json":{"title":"GAC \u00e9 indicado ao pr\u00eamio de Inova\u00e7\u00e3o SAP - Grupo A\u00e7o Cearense","robots":{"index":"index","follow":"follow","max-snippet":"max-snippet:-1","max-image-preview":"max-image-preview:large","max-video-preview":"max-video-preview:-1"},"canonical":"https:\/\/previews.elleven.digital\/acocearense\/noticia\/gac-e-indicado-ao-premio-de-inovacao-sap\/","og_locale":"pt_BR","og_type":"article","og_title":"GAC \u00e9 indicado ao pr\u00eamio de Inova\u00e7\u00e3o SAP - Grupo A\u00e7o Cearense","og_description":"O Grupo A\u00e7o Cearense foi selecionado como finalista do pr\u00eamio de inova\u00e7\u00e3o, SAP Innovation Awards(...)","og_url":"https:\/\/previews.elleven.digital\/acocearense\/noticia\/gac-e-indicado-ao-premio-de-inovacao-sap\/","og_site_name":"Grupo A\u00e7o Cearense","article_modified_time":"2025-05-07T19:27:49+00:00","og_image":[{"width":1200,"height":627,"url":"https:\/\/previews.elleven.digital\/acocearense\/wp-content\/uploads\/2025\/05\/unnamed-1-1.png","type":"image\/png"}],"twitter_card":"summary_large_image","twitter_misc":{"Est. tempo de leitura":"2 minutos"},"schema":{"@context":"https:\/\/schema.org","@graph":[{"@type":"WebPage","@id":"https:\/\/previews.elleven.digital\/acocearense\/noticia\/gac-e-indicado-ao-premio-de-inovacao-sap\/","url":"https:\/\/previews.elleven.digital\/acocearense\/noticia\/gac-e-indicado-ao-premio-de-inovacao-sap\/","name":"GAC \u00e9 indicado ao pr\u00eamio de Inova\u00e7\u00e3o SAP - Grupo A\u00e7o Cearense","isPartOf":{"@id":"https:\/\/previews.elleven.digital\/acocearense\/#website"},"primaryImageOfPage":{"@id":"https:\/\/previews.elleven.digital\/acocearense\/noticia\/gac-e-indicado-ao-premio-de-inovacao-sap\/#primaryimage"},"image":{"@id":"https:\/\/previews.elleven.digital\/acocearense\/noticia\/gac-e-indicado-ao-premio-de-inovacao-sap\/#primaryimage"},"thumbnailUrl":"https:\/\/previews.elleven.digital\/acocearense\/wp-content\/uploads\/2025\/05\/unnamed-1-1.png","datePublished":"2020-02-20T19:27:06+00:00","dateModified":"2025-05-07T19:27:49+00:00","breadcrumb":{"@id":"https:\/\/previews.elleven.digital\/acocearense\/noticia\/gac-e-indicado-ao-premio-de-inovacao-sap\/#breadcrumb"},"inLanguage":"pt-BR","potentialAction":[{"@type":"ReadAction","target":["https:\/\/previews.elleven.digital\/acocearense\/noticia\/gac-e-indicado-ao-premio-de-inovacao-sap\/"]}]},{"@type":"ImageObject","inLanguage":"pt-BR","@id":"https:\/\/previews.elleven.digital\/acocearense\/noticia\/gac-e-indicado-ao-premio-de-inovacao-sap\/#primaryimage","url":"https:\/\/previews.elleven.digital\/acocearense\/wp-content\/uploads\/2025\/05\/unnamed-1-1.png","contentUrl":"https:\/\/previews.elleven.digital\/acocearense\/wp-content\/uploads\/2025\/05\/unnamed-1-1.png","width":1200,"height":627},{"@type":"BreadcrumbList","@id":"https:\/\/previews.elleven.digital\/acocearense\/noticia\/gac-e-indicado-ao-premio-de-inovacao-sap\/#breadcrumb","itemListElement":[{"@type":"ListItem","position":1,"name":"In\u00edcio","item":"https:\/\/previews.elleven.digital\/acocearense\/"},{"@type":"ListItem","position":2,"name":"Not\u00edcias","item":"https:\/\/previews.elleven.digital\/acocearense\/noticias\/"},{"@type":"ListItem","position":3,"name":"GAC \u00e9 indicado ao pr\u00eamio de Inova\u00e7\u00e3o SAP"}]},{"@type":"WebSite","@id":"https:\/\/previews.elleven.digital\/acocearense\/#website","url":"https:\/\/previews.elleven.digital\/acocearense\/","name":"A\u00e7o Cearense","description":"H\u00e1 mais de 45 anos no mercado brasileiro do a\u00e7o.","alternateName":"A\u00e7o Cearense","potentialAction":[{"@type":"SearchAction","target":{"@type":"EntryPoint","urlTemplate":"https:\/\/previews.elleven.digital\/acocearense\/?s={search_term_string}"},"query-input":{"@type":"PropertyValueSpecification","valueRequired":true,"valueName":"search_term_string"}}],"inLanguage":"pt-BR"}]}},"_links":{"self":[{"href":"https:\/\/previews.elleven.digital\/acocearense\/wp-json\/wp\/v2\/noticia\/1993","targetHints":{"allow":["GET"]}}],"collection":[{"href":"https:\/\/previews.elleven.digital\/acocearense\/wp-json\/wp\/v2\/noticia"}],"about":[{"href":"https:\/\/previews.elleven.digital\/acocearense\/wp-json\/wp\/v2\/types\/noticia"}],"wp:featuredmedia":[{"embeddable":true,"href":"https:\/\/previews.elleven.digital\/acocearense\/wp-json\/wp\/v2\/media\/1975"}],"wp:attachment":[{"href":"https:\/\/previews.elleven.digital\/acocearense\/wp-json\/wp\/v2\/media?parent=1993"}],"wp:term":[{"taxonomy":"categoria-noticia","embeddable":true,"href":"https:\/\/previews.elleven.digital\/acocearense\/wp-json\/wp\/v2\/categoria-noticia?post=1993"}],"curies":[{"name":"wp","href":"https:\/\/api.w.org\/{rel}","templated":true}]}}