{"id":1992,"date":"2020-02-20T16:26:36","date_gmt":"2020-02-20T19:26:36","guid":{"rendered":"https:\/\/previews.elleven.digital\/acocearense\/?post_type=noticia&#038;p=1992"},"modified":"2025-05-07T16:26:58","modified_gmt":"2025-05-07T19:26:58","slug":"carlos-candido-fala-sobre-trajetoria","status":"publish","type":"noticia","link":"https:\/\/previews.elleven.digital\/acocearense\/noticia\/carlos-candido-fala-sobre-trajetoria\/","title":{"rendered":"Carlos C\u00e2ndido fala sobre trajet\u00f3ria"},"content":{"rendered":"<p>O Gerente de Lamina\u00e7\u00e3o da SINOBRAS, Carlos C\u00e2ndido, comentou sobre a sua rela\u00e7\u00e3o de conviv\u00eancia e reconhecimento com todos os colaboradores em homenagem aos 40 anos do Grupo A\u00e7o Cearense. O v\u00eddeo est\u00e1 dispon\u00edvel na Intranet, no Grupo A\u00e7o Cearense APP e nas redes sociais.\u00a0<a href=\"https:\/\/www.youtube.com\/watch?v=odh_Lb8E1Rk\">Clique aqui\u00a0<\/a>para assistir.<\/p>\n","protected":false},"featured_media":1976,"template":"","meta":{"_acf_changed":false,"inline_featured_image":false},"categoria-noticia":[],"class_list":["post-1992","noticia","type-noticia","status-publish","has-post-thumbnail","hentry"],"acf":{"link":""},"yoast_head":"<!-- This site is optimized with the Yoast SEO plugin v25.9 - https:\/\/yoast.com\/wordpress\/plugins\/seo\/ -->\n<title>Carlos C\u00e2ndido fala sobre trajet\u00f3ria - Grupo A\u00e7o Cearense<\/title>\n<meta name=\"robots\" content=\"index, follow, max-snippet:-1, max-image-preview:large, max-video-preview:-1\" \/>\n<link rel=\"canonical\" href=\"https:\/\/previews.elleven.digital\/acocearense\/noticia\/carlos-candido-fala-sobre-trajetoria\/\" \/>\n<meta property=\"og:locale\" content=\"pt_BR\" \/>\n<meta property=\"og:type\" content=\"article\" \/>\n<meta property=\"og:title\" content=\"Carlos C\u00e2ndido fala sobre trajet\u00f3ria - Grupo A\u00e7o Cearense\" \/>\n<meta property=\"og:description\" content=\"O Gerente de Lamina\u00e7\u00e3o da SINOBRAS, Carlos C\u00e2ndido, comentou sobre a sua rela\u00e7\u00e3o de conviv\u00eancia(...)\" \/>\n<meta property=\"og:url\" content=\"https:\/\/previews.elleven.digital\/acocearense\/noticia\/carlos-candido-fala-sobre-trajetoria\/\" \/>\n<meta property=\"og:site_name\" content=\"Grupo A\u00e7o Cearense\" \/>\n<meta property=\"article:modified_time\" content=\"2025-05-07T19:26:58+00:00\" \/>\n<meta property=\"og:image\" content=\"https:\/\/previews.elleven.digital\/acocearense\/wp-content\/uploads\/2025\/05\/Sem-titulo-1.png\" \/>\n\t<meta property=\"og:image:width\" content=\"422\" \/>\n\t<meta property=\"og:image:height\" content=\"215\" \/>\n\t<meta property=\"og:image:type\" content=\"image\/png\" \/>\n<meta name=\"twitter:card\" content=\"summary_large_image\" \/>\n<meta name=\"twitter:label1\" content=\"Est. tempo de leitura\" \/>\n\t<meta name=\"twitter:data1\" content=\"1 minuto\" \/>\n<script type=\"application\/ld+json\" class=\"yoast-schema-graph\">{\"@context\":\"https:\/\/schema.org\",\"@graph\":[{\"@type\":\"WebPage\",\"@id\":\"https:\/\/previews.elleven.digital\/acocearense\/noticia\/carlos-candido-fala-sobre-trajetoria\/\",\"url\":\"https:\/\/previews.elleven.digital\/acocearense\/noticia\/carlos-candido-fala-sobre-trajetoria\/\",\"name\":\"Carlos C\u00e2ndido fala sobre trajet\u00f3ria - Grupo A\u00e7o Cearense\",\"isPartOf\":{\"@id\":\"https:\/\/previews.elleven.digital\/acocearense\/#website\"},\"primaryImageOfPage\":{\"@id\":\"https:\/\/previews.elleven.digital\/acocearense\/noticia\/carlos-candido-fala-sobre-trajetoria\/#primaryimage\"},\"image\":{\"@id\":\"https:\/\/previews.elleven.digital\/acocearense\/noticia\/carlos-candido-fala-sobre-trajetoria\/#primaryimage\"},\"thumbnailUrl\":\"https:\/\/previews.elleven.digital\/acocearense\/wp-content\/uploads\/2025\/05\/Sem-titulo-1.png\",\"datePublished\":\"2020-02-20T19:26:36+00:00\",\"dateModified\":\"2025-05-07T19:26:58+00:00\",\"breadcrumb\":{\"@id\":\"https:\/\/previews.elleven.digital\/acocearense\/noticia\/carlos-candido-fala-sobre-trajetoria\/#breadcrumb\"},\"inLanguage\":\"pt-BR\",\"potentialAction\":[{\"@type\":\"ReadAction\",\"target\":[\"https:\/\/previews.elleven.digital\/acocearense\/noticia\/carlos-candido-fala-sobre-trajetoria\/\"]}]},{\"@type\":\"ImageObject\",\"inLanguage\":\"pt-BR\",\"@id\":\"https:\/\/previews.elleven.digital\/acocearense\/noticia\/carlos-candido-fala-sobre-trajetoria\/#primaryimage\",\"url\":\"https:\/\/previews.elleven.digital\/acocearense\/wp-content\/uploads\/2025\/05\/Sem-titulo-1.png\",\"contentUrl\":\"https:\/\/previews.elleven.digital\/acocearense\/wp-content\/uploads\/2025\/05\/Sem-titulo-1.png\",\"width\":422,\"height\":215},{\"@type\":\"BreadcrumbList\",\"@id\":\"https:\/\/previews.elleven.digital\/acocearense\/noticia\/carlos-candido-fala-sobre-trajetoria\/#breadcrumb\",\"itemListElement\":[{\"@type\":\"ListItem\",\"position\":1,\"name\":\"In\u00edcio\",\"item\":\"https:\/\/previews.elleven.digital\/acocearense\/\"},{\"@type\":\"ListItem\",\"position\":2,\"name\":\"Not\u00edcias\",\"item\":\"https:\/\/previews.elleven.digital\/acocearense\/noticias\/\"},{\"@type\":\"ListItem\",\"position\":3,\"name\":\"Carlos C\u00e2ndido fala sobre trajet\u00f3ria\"}]},{\"@type\":\"WebSite\",\"@id\":\"https:\/\/previews.elleven.digital\/acocearense\/#website\",\"url\":\"https:\/\/previews.elleven.digital\/acocearense\/\",\"name\":\"A\u00e7o Cearense\",\"description\":\"H\u00e1 mais de 45 anos no mercado brasileiro do a\u00e7o.\",\"alternateName\":\"A\u00e7o Cearense\",\"potentialAction\":[{\"@type\":\"SearchAction\",\"target\":{\"@type\":\"EntryPoint\",\"urlTemplate\":\"https:\/\/previews.elleven.digital\/acocearense\/?s={search_term_string}\"},\"query-input\":{\"@type\":\"PropertyValueSpecification\",\"valueRequired\":true,\"valueName\":\"search_term_string\"}}],\"inLanguage\":\"pt-BR\"}]}<\/script>\n<!-- \/ Yoast SEO plugin. -->","yoast_head_json":{"title":"Carlos C\u00e2ndido fala sobre trajet\u00f3ria - Grupo A\u00e7o Cearense","robots":{"index":"index","follow":"follow","max-snippet":"max-snippet:-1","max-image-preview":"max-image-preview:large","max-video-preview":"max-video-preview:-1"},"canonical":"https:\/\/previews.elleven.digital\/acocearense\/noticia\/carlos-candido-fala-sobre-trajetoria\/","og_locale":"pt_BR","og_type":"article","og_title":"Carlos C\u00e2ndido fala sobre trajet\u00f3ria - Grupo A\u00e7o Cearense","og_description":"O Gerente de Lamina\u00e7\u00e3o da SINOBRAS, Carlos C\u00e2ndido, comentou sobre a sua rela\u00e7\u00e3o de conviv\u00eancia(...)","og_url":"https:\/\/previews.elleven.digital\/acocearense\/noticia\/carlos-candido-fala-sobre-trajetoria\/","og_site_name":"Grupo A\u00e7o Cearense","article_modified_time":"2025-05-07T19:26:58+00:00","og_image":[{"width":422,"height":215,"url":"https:\/\/previews.elleven.digital\/acocearense\/wp-content\/uploads\/2025\/05\/Sem-titulo-1.png","type":"image\/png"}],"twitter_card":"summary_large_image","twitter_misc":{"Est. tempo de leitura":"1 minuto"},"schema":{"@context":"https:\/\/schema.org","@graph":[{"@type":"WebPage","@id":"https:\/\/previews.elleven.digital\/acocearense\/noticia\/carlos-candido-fala-sobre-trajetoria\/","url":"https:\/\/previews.elleven.digital\/acocearense\/noticia\/carlos-candido-fala-sobre-trajetoria\/","name":"Carlos C\u00e2ndido fala sobre trajet\u00f3ria - Grupo A\u00e7o Cearense","isPartOf":{"@id":"https:\/\/previews.elleven.digital\/acocearense\/#website"},"primaryImageOfPage":{"@id":"https:\/\/previews.elleven.digital\/acocearense\/noticia\/carlos-candido-fala-sobre-trajetoria\/#primaryimage"},"image":{"@id":"https:\/\/previews.elleven.digital\/acocearense\/noticia\/carlos-candido-fala-sobre-trajetoria\/#primaryimage"},"thumbnailUrl":"https:\/\/previews.elleven.digital\/acocearense\/wp-content\/uploads\/2025\/05\/Sem-titulo-1.png","datePublished":"2020-02-20T19:26:36+00:00","dateModified":"2025-05-07T19:26:58+00:00","breadcrumb":{"@id":"https:\/\/previews.elleven.digital\/acocearense\/noticia\/carlos-candido-fala-sobre-trajetoria\/#breadcrumb"},"inLanguage":"pt-BR","potentialAction":[{"@type":"ReadAction","target":["https:\/\/previews.elleven.digital\/acocearense\/noticia\/carlos-candido-fala-sobre-trajetoria\/"]}]},{"@type":"ImageObject","inLanguage":"pt-BR","@id":"https:\/\/previews.elleven.digital\/acocearense\/noticia\/carlos-candido-fala-sobre-trajetoria\/#primaryimage","url":"https:\/\/previews.elleven.digital\/acocearense\/wp-content\/uploads\/2025\/05\/Sem-titulo-1.png","contentUrl":"https:\/\/previews.elleven.digital\/acocearense\/wp-content\/uploads\/2025\/05\/Sem-titulo-1.png","width":422,"height":215},{"@type":"BreadcrumbList","@id":"https:\/\/previews.elleven.digital\/acocearense\/noticia\/carlos-candido-fala-sobre-trajetoria\/#breadcrumb","itemListElement":[{"@type":"ListItem","position":1,"name":"In\u00edcio","item":"https:\/\/previews.elleven.digital\/acocearense\/"},{"@type":"ListItem","position":2,"name":"Not\u00edcias","item":"https:\/\/previews.elleven.digital\/acocearense\/noticias\/"},{"@type":"ListItem","position":3,"name":"Carlos C\u00e2ndido fala sobre trajet\u00f3ria"}]},{"@type":"WebSite","@id":"https:\/\/previews.elleven.digital\/acocearense\/#website","url":"https:\/\/previews.elleven.digital\/acocearense\/","name":"A\u00e7o Cearense","description":"H\u00e1 mais de 45 anos no mercado brasileiro do a\u00e7o.","alternateName":"A\u00e7o Cearense","potentialAction":[{"@type":"SearchAction","target":{"@type":"EntryPoint","urlTemplate":"https:\/\/previews.elleven.digital\/acocearense\/?s={search_term_string}"},"query-input":{"@type":"PropertyValueSpecification","valueRequired":true,"valueName":"search_term_string"}}],"inLanguage":"pt-BR"}]}},"_links":{"self":[{"href":"https:\/\/previews.elleven.digital\/acocearense\/wp-json\/wp\/v2\/noticia\/1992","targetHints":{"allow":["GET"]}}],"collection":[{"href":"https:\/\/previews.elleven.digital\/acocearense\/wp-json\/wp\/v2\/noticia"}],"about":[{"href":"https:\/\/previews.elleven.digital\/acocearense\/wp-json\/wp\/v2\/types\/noticia"}],"wp:featuredmedia":[{"embeddable":true,"href":"https:\/\/previews.elleven.digital\/acocearense\/wp-json\/wp\/v2\/media\/1976"}],"wp:attachment":[{"href":"https:\/\/previews.elleven.digital\/acocearense\/wp-json\/wp\/v2\/media?parent=1992"}],"wp:term":[{"taxonomy":"categoria-noticia","embeddable":true,"href":"https:\/\/previews.elleven.digital\/acocearense\/wp-json\/wp\/v2\/categoria-noticia?post=1992"}],"curies":[{"name":"wp","href":"https:\/\/api.w.org\/{rel}","templated":true}]}}