{"id":1986,"date":"2020-01-03T16:23:20","date_gmt":"2020-01-03T19:23:20","guid":{"rendered":"https:\/\/previews.elleven.digital\/acocearense\/?post_type=noticia&#038;p=1986"},"modified":"2025-05-07T16:23:40","modified_gmt":"2025-05-07T19:23:40","slug":"alimentos-arrecadados-na-sipat-sao-doados-a-instituicoes-apoiadas-pelo-instituto-aco-cearense","status":"publish","type":"noticia","link":"https:\/\/previews.elleven.digital\/acocearense\/noticia\/alimentos-arrecadados-na-sipat-sao-doados-a-instituicoes-apoiadas-pelo-instituto-aco-cearense\/","title":{"rendered":"Alimentos arrecadados na SIPAT s\u00e3o doados a institui\u00e7\u00f5es apoiadas pelo Instituto A\u00e7o Cearense"},"content":{"rendered":"<p>Nos dias 26 e 27 de dezembro, os alimentos arrecadados na SIPAT 2019 da A\u00e7o Cearense foram doados a 15 institui\u00e7\u00f5es beneficentes atendidas pelo Instituto A\u00e7o Cearense. Ao todo foram entregues 5 toneladas de alimentos, sendo 473 kg de leite em p\u00f3 integral.<br \/>\nAs institui\u00e7\u00f5es beneficiadas foram: Associa\u00e7\u00e3o Escola de Campe\u00f5es, Centro de Recupera\u00e7\u00e3o M\u00e3o Amiga \u2013 CREMA, Lar de Clara, Centro de Pesquisa e Viv\u00eancia Ecol\u00f3gica \u2013 CEPEVIVE, Creche Amadeu Barros Leal, Comunidade Evang\u00e9lica Conex\u00e3o, Lar Francisco de Assis, Associa\u00e7\u00e3o S\u00e3o Vicente de Paulo, Patronato Santana, Projeto no Deserto, Centro de Apoio Familiar Maria Adelaide \u2013 ABESF, Associa\u00e7\u00e3o Comunit\u00e1ria Assistencial e Filantr\u00f3pica Recuperando Vidas, Comunidade Boqueir\u00e3o, Lar Batista e Associa\u00e7\u00e3o Comunit\u00e1ria Lucas Dantas \u2013 ACOLD.<\/p>\n","protected":false},"featured_media":1982,"template":"","meta":{"_acf_changed":false,"inline_featured_image":false},"categoria-noticia":[],"class_list":["post-1986","noticia","type-noticia","status-publish","has-post-thumbnail","hentry"],"acf":{"link":""},"yoast_head":"<!-- This site is optimized with the Yoast SEO plugin v25.9 - https:\/\/yoast.com\/wordpress\/plugins\/seo\/ -->\n<title>Alimentos arrecadados na SIPAT s\u00e3o doados a institui\u00e7\u00f5es apoiadas pelo Instituto A\u00e7o Cearense - Grupo A\u00e7o Cearense<\/title>\n<meta name=\"robots\" content=\"index, follow, max-snippet:-1, max-image-preview:large, max-video-preview:-1\" \/>\n<link rel=\"canonical\" href=\"https:\/\/previews.elleven.digital\/acocearense\/noticia\/alimentos-arrecadados-na-sipat-sao-doados-a-instituicoes-apoiadas-pelo-instituto-aco-cearense\/\" \/>\n<meta property=\"og:locale\" content=\"pt_BR\" \/>\n<meta property=\"og:type\" content=\"article\" \/>\n<meta property=\"og:title\" content=\"Alimentos arrecadados na SIPAT s\u00e3o doados a institui\u00e7\u00f5es apoiadas pelo Instituto A\u00e7o Cearense - Grupo A\u00e7o Cearense\" \/>\n<meta property=\"og:description\" content=\"Nos dias 26 e 27 de dezembro, os alimentos arrecadados na SIPAT 2019 da A\u00e7o(...)\" \/>\n<meta property=\"og:url\" content=\"https:\/\/previews.elleven.digital\/acocearense\/noticia\/alimentos-arrecadados-na-sipat-sao-doados-a-instituicoes-apoiadas-pelo-instituto-aco-cearense\/\" \/>\n<meta property=\"og:site_name\" content=\"Grupo A\u00e7o Cearense\" \/>\n<meta property=\"article:modified_time\" content=\"2025-05-07T19:23:40+00:00\" \/>\n<meta property=\"og:image\" content=\"https:\/\/previews.elleven.digital\/acocearense\/wp-content\/uploads\/2025\/05\/image-1024x553-1.jpeg\" \/>\n\t<meta property=\"og:image:width\" content=\"1024\" \/>\n\t<meta property=\"og:image:height\" content=\"553\" \/>\n\t<meta property=\"og:image:type\" content=\"image\/jpeg\" \/>\n<meta name=\"twitter:card\" content=\"summary_large_image\" \/>\n<meta name=\"twitter:label1\" content=\"Est. tempo de leitura\" \/>\n\t<meta name=\"twitter:data1\" content=\"1 minuto\" \/>\n<script type=\"application\/ld+json\" class=\"yoast-schema-graph\">{\"@context\":\"https:\/\/schema.org\",\"@graph\":[{\"@type\":\"WebPage\",\"@id\":\"https:\/\/previews.elleven.digital\/acocearense\/noticia\/alimentos-arrecadados-na-sipat-sao-doados-a-instituicoes-apoiadas-pelo-instituto-aco-cearense\/\",\"url\":\"https:\/\/previews.elleven.digital\/acocearense\/noticia\/alimentos-arrecadados-na-sipat-sao-doados-a-instituicoes-apoiadas-pelo-instituto-aco-cearense\/\",\"name\":\"Alimentos arrecadados na SIPAT s\u00e3o doados a institui\u00e7\u00f5es apoiadas pelo Instituto A\u00e7o Cearense - Grupo A\u00e7o Cearense\",\"isPartOf\":{\"@id\":\"https:\/\/previews.elleven.digital\/acocearense\/#website\"},\"primaryImageOfPage\":{\"@id\":\"https:\/\/previews.elleven.digital\/acocearense\/noticia\/alimentos-arrecadados-na-sipat-sao-doados-a-instituicoes-apoiadas-pelo-instituto-aco-cearense\/#primaryimage\"},\"image\":{\"@id\":\"https:\/\/previews.elleven.digital\/acocearense\/noticia\/alimentos-arrecadados-na-sipat-sao-doados-a-instituicoes-apoiadas-pelo-instituto-aco-cearense\/#primaryimage\"},\"thumbnailUrl\":\"https:\/\/previews.elleven.digital\/acocearense\/wp-content\/uploads\/2025\/05\/image-1024x553-1.jpeg\",\"datePublished\":\"2020-01-03T19:23:20+00:00\",\"dateModified\":\"2025-05-07T19:23:40+00:00\",\"breadcrumb\":{\"@id\":\"https:\/\/previews.elleven.digital\/acocearense\/noticia\/alimentos-arrecadados-na-sipat-sao-doados-a-instituicoes-apoiadas-pelo-instituto-aco-cearense\/#breadcrumb\"},\"inLanguage\":\"pt-BR\",\"potentialAction\":[{\"@type\":\"ReadAction\",\"target\":[\"https:\/\/previews.elleven.digital\/acocearense\/noticia\/alimentos-arrecadados-na-sipat-sao-doados-a-instituicoes-apoiadas-pelo-instituto-aco-cearense\/\"]}]},{\"@type\":\"ImageObject\",\"inLanguage\":\"pt-BR\",\"@id\":\"https:\/\/previews.elleven.digital\/acocearense\/noticia\/alimentos-arrecadados-na-sipat-sao-doados-a-instituicoes-apoiadas-pelo-instituto-aco-cearense\/#primaryimage\",\"url\":\"https:\/\/previews.elleven.digital\/acocearense\/wp-content\/uploads\/2025\/05\/image-1024x553-1.jpeg\",\"contentUrl\":\"https:\/\/previews.elleven.digital\/acocearense\/wp-content\/uploads\/2025\/05\/image-1024x553-1.jpeg\",\"width\":1024,\"height\":553},{\"@type\":\"BreadcrumbList\",\"@id\":\"https:\/\/previews.elleven.digital\/acocearense\/noticia\/alimentos-arrecadados-na-sipat-sao-doados-a-instituicoes-apoiadas-pelo-instituto-aco-cearense\/#breadcrumb\",\"itemListElement\":[{\"@type\":\"ListItem\",\"position\":1,\"name\":\"In\u00edcio\",\"item\":\"https:\/\/previews.elleven.digital\/acocearense\/\"},{\"@type\":\"ListItem\",\"position\":2,\"name\":\"Not\u00edcias\",\"item\":\"https:\/\/previews.elleven.digital\/acocearense\/noticias\/\"},{\"@type\":\"ListItem\",\"position\":3,\"name\":\"Alimentos arrecadados na SIPAT s\u00e3o doados a institui\u00e7\u00f5es apoiadas pelo Instituto A\u00e7o Cearense\"}]},{\"@type\":\"WebSite\",\"@id\":\"https:\/\/previews.elleven.digital\/acocearense\/#website\",\"url\":\"https:\/\/previews.elleven.digital\/acocearense\/\",\"name\":\"A\u00e7o Cearense\",\"description\":\"H\u00e1 mais de 45 anos no mercado brasileiro do a\u00e7o.\",\"alternateName\":\"A\u00e7o Cearense\",\"potentialAction\":[{\"@type\":\"SearchAction\",\"target\":{\"@type\":\"EntryPoint\",\"urlTemplate\":\"https:\/\/previews.elleven.digital\/acocearense\/?s={search_term_string}\"},\"query-input\":{\"@type\":\"PropertyValueSpecification\",\"valueRequired\":true,\"valueName\":\"search_term_string\"}}],\"inLanguage\":\"pt-BR\"}]}<\/script>\n<!-- \/ Yoast SEO plugin. -->","yoast_head_json":{"title":"Alimentos arrecadados na SIPAT s\u00e3o doados a institui\u00e7\u00f5es apoiadas pelo Instituto A\u00e7o Cearense - Grupo A\u00e7o Cearense","robots":{"index":"index","follow":"follow","max-snippet":"max-snippet:-1","max-image-preview":"max-image-preview:large","max-video-preview":"max-video-preview:-1"},"canonical":"https:\/\/previews.elleven.digital\/acocearense\/noticia\/alimentos-arrecadados-na-sipat-sao-doados-a-instituicoes-apoiadas-pelo-instituto-aco-cearense\/","og_locale":"pt_BR","og_type":"article","og_title":"Alimentos arrecadados na SIPAT s\u00e3o doados a institui\u00e7\u00f5es apoiadas pelo Instituto A\u00e7o Cearense - Grupo A\u00e7o Cearense","og_description":"Nos dias 26 e 27 de dezembro, os alimentos arrecadados na SIPAT 2019 da A\u00e7o(...)","og_url":"https:\/\/previews.elleven.digital\/acocearense\/noticia\/alimentos-arrecadados-na-sipat-sao-doados-a-instituicoes-apoiadas-pelo-instituto-aco-cearense\/","og_site_name":"Grupo A\u00e7o Cearense","article_modified_time":"2025-05-07T19:23:40+00:00","og_image":[{"width":1024,"height":553,"url":"https:\/\/previews.elleven.digital\/acocearense\/wp-content\/uploads\/2025\/05\/image-1024x553-1.jpeg","type":"image\/jpeg"}],"twitter_card":"summary_large_image","twitter_misc":{"Est. tempo de leitura":"1 minuto"},"schema":{"@context":"https:\/\/schema.org","@graph":[{"@type":"WebPage","@id":"https:\/\/previews.elleven.digital\/acocearense\/noticia\/alimentos-arrecadados-na-sipat-sao-doados-a-instituicoes-apoiadas-pelo-instituto-aco-cearense\/","url":"https:\/\/previews.elleven.digital\/acocearense\/noticia\/alimentos-arrecadados-na-sipat-sao-doados-a-instituicoes-apoiadas-pelo-instituto-aco-cearense\/","name":"Alimentos arrecadados na SIPAT s\u00e3o doados a institui\u00e7\u00f5es apoiadas pelo Instituto A\u00e7o Cearense - Grupo A\u00e7o Cearense","isPartOf":{"@id":"https:\/\/previews.elleven.digital\/acocearense\/#website"},"primaryImageOfPage":{"@id":"https:\/\/previews.elleven.digital\/acocearense\/noticia\/alimentos-arrecadados-na-sipat-sao-doados-a-instituicoes-apoiadas-pelo-instituto-aco-cearense\/#primaryimage"},"image":{"@id":"https:\/\/previews.elleven.digital\/acocearense\/noticia\/alimentos-arrecadados-na-sipat-sao-doados-a-instituicoes-apoiadas-pelo-instituto-aco-cearense\/#primaryimage"},"thumbnailUrl":"https:\/\/previews.elleven.digital\/acocearense\/wp-content\/uploads\/2025\/05\/image-1024x553-1.jpeg","datePublished":"2020-01-03T19:23:20+00:00","dateModified":"2025-05-07T19:23:40+00:00","breadcrumb":{"@id":"https:\/\/previews.elleven.digital\/acocearense\/noticia\/alimentos-arrecadados-na-sipat-sao-doados-a-instituicoes-apoiadas-pelo-instituto-aco-cearense\/#breadcrumb"},"inLanguage":"pt-BR","potentialAction":[{"@type":"ReadAction","target":["https:\/\/previews.elleven.digital\/acocearense\/noticia\/alimentos-arrecadados-na-sipat-sao-doados-a-instituicoes-apoiadas-pelo-instituto-aco-cearense\/"]}]},{"@type":"ImageObject","inLanguage":"pt-BR","@id":"https:\/\/previews.elleven.digital\/acocearense\/noticia\/alimentos-arrecadados-na-sipat-sao-doados-a-instituicoes-apoiadas-pelo-instituto-aco-cearense\/#primaryimage","url":"https:\/\/previews.elleven.digital\/acocearense\/wp-content\/uploads\/2025\/05\/image-1024x553-1.jpeg","contentUrl":"https:\/\/previews.elleven.digital\/acocearense\/wp-content\/uploads\/2025\/05\/image-1024x553-1.jpeg","width":1024,"height":553},{"@type":"BreadcrumbList","@id":"https:\/\/previews.elleven.digital\/acocearense\/noticia\/alimentos-arrecadados-na-sipat-sao-doados-a-instituicoes-apoiadas-pelo-instituto-aco-cearense\/#breadcrumb","itemListElement":[{"@type":"ListItem","position":1,"name":"In\u00edcio","item":"https:\/\/previews.elleven.digital\/acocearense\/"},{"@type":"ListItem","position":2,"name":"Not\u00edcias","item":"https:\/\/previews.elleven.digital\/acocearense\/noticias\/"},{"@type":"ListItem","position":3,"name":"Alimentos arrecadados na SIPAT s\u00e3o doados a institui\u00e7\u00f5es apoiadas pelo Instituto A\u00e7o Cearense"}]},{"@type":"WebSite","@id":"https:\/\/previews.elleven.digital\/acocearense\/#website","url":"https:\/\/previews.elleven.digital\/acocearense\/","name":"A\u00e7o Cearense","description":"H\u00e1 mais de 45 anos no mercado brasileiro do a\u00e7o.","alternateName":"A\u00e7o Cearense","potentialAction":[{"@type":"SearchAction","target":{"@type":"EntryPoint","urlTemplate":"https:\/\/previews.elleven.digital\/acocearense\/?s={search_term_string}"},"query-input":{"@type":"PropertyValueSpecification","valueRequired":true,"valueName":"search_term_string"}}],"inLanguage":"pt-BR"}]}},"_links":{"self":[{"href":"https:\/\/previews.elleven.digital\/acocearense\/wp-json\/wp\/v2\/noticia\/1986","targetHints":{"allow":["GET"]}}],"collection":[{"href":"https:\/\/previews.elleven.digital\/acocearense\/wp-json\/wp\/v2\/noticia"}],"about":[{"href":"https:\/\/previews.elleven.digital\/acocearense\/wp-json\/wp\/v2\/types\/noticia"}],"wp:featuredmedia":[{"embeddable":true,"href":"https:\/\/previews.elleven.digital\/acocearense\/wp-json\/wp\/v2\/media\/1982"}],"wp:attachment":[{"href":"https:\/\/previews.elleven.digital\/acocearense\/wp-json\/wp\/v2\/media?parent=1986"}],"wp:term":[{"taxonomy":"categoria-noticia","embeddable":true,"href":"https:\/\/previews.elleven.digital\/acocearense\/wp-json\/wp\/v2\/categoria-noticia?post=1986"}],"curies":[{"name":"wp","href":"https:\/\/api.w.org\/{rel}","templated":true}]}}