{"id":1985,"date":"2019-12-29T16:22:50","date_gmt":"2019-12-29T19:22:50","guid":{"rendered":"https:\/\/previews.elleven.digital\/acocearense\/?post_type=noticia&#038;p=1985"},"modified":"2025-05-07T16:23:16","modified_gmt":"2025-05-07T19:23:16","slug":"maju-ferreira-conta-sua-historia","status":"publish","type":"noticia","link":"https:\/\/previews.elleven.digital\/acocearense\/noticia\/maju-ferreira-conta-sua-historia\/","title":{"rendered":"Maju Ferreira conta sua hist\u00f3ria"},"content":{"rendered":"<p>A Diretora Jur\u00eddica, Maju Ferreira, relembrou e contou com muita emo\u00e7\u00e3o, nas redes sociais do Grupo, um pouco dos momentos mais marcantes da sua trajet\u00f3ria. Conhe\u00e7a o relato completo:<br \/>\n\u201cComecei em 1986, h\u00e1 exatos 33 anos e 10 meses fa\u00e7o parte duplamente desta fam\u00edlia. Era ainda uma pequena empresa com cerca de 16 colaboradores ao lado do meu irm\u00e3o Vilmar, que at\u00e9 hoje est\u00e1 \u00e0 frente dos neg\u00f3cios com a mesma for\u00e7a, energia e determina\u00e7\u00e3o. A empresa cresceu e atualmente temos quase 4 mil colaboradores. Durante esse tempo, passei por v\u00e1rias \u00e1reas da empresa. Trabalhei na cobran\u00e7a, no cadastro, no financeiro, mas estudando, fui me apaixonando pelo Direito e assim montei o departamento jur\u00eddico do Grupo. Em r\u00e1pida lembran\u00e7a, memor\u00e1vel, imaginem minha emo\u00e7\u00e3o ao me ver presente em quase toda essa longa trajet\u00f3ria, 4 d\u00e9cadas! Isso \u00e9 indescrit\u00edvel. Vi, vivenciei e, juntos, com os demais colaboradores, continuamos vencendo. Muitos aqui passaram, outros aqui ainda est\u00e3o, outros chegaram h\u00e1 pouco tempo, mas todos fizeram e fazem parte desta hist\u00f3ria de lutas, mas tamb\u00e9m de sucesso e F\u00e9! Vamos prosseguir e que venham mais e mais 40 Anos\u2026 Longa vida de sucesso e gl\u00f3ria para todos n\u00f3s\u201d.<\/p>\n","protected":false},"featured_media":1983,"template":"","meta":{"_acf_changed":false,"inline_featured_image":false},"categoria-noticia":[],"class_list":["post-1985","noticia","type-noticia","status-publish","has-post-thumbnail","hentry"],"acf":{"link":""},"yoast_head":"<!-- This site is optimized with the Yoast SEO plugin v25.9 - https:\/\/yoast.com\/wordpress\/plugins\/seo\/ -->\n<title>Maju Ferreira conta sua hist\u00f3ria - Grupo A\u00e7o Cearense<\/title>\n<meta name=\"robots\" content=\"index, follow, max-snippet:-1, max-image-preview:large, max-video-preview:-1\" \/>\n<link rel=\"canonical\" href=\"https:\/\/previews.elleven.digital\/acocearense\/noticia\/maju-ferreira-conta-sua-historia\/\" \/>\n<meta property=\"og:locale\" content=\"pt_BR\" \/>\n<meta property=\"og:type\" content=\"article\" \/>\n<meta property=\"og:title\" content=\"Maju Ferreira conta sua hist\u00f3ria - Grupo A\u00e7o Cearense\" \/>\n<meta property=\"og:description\" content=\"A Diretora Jur\u00eddica, Maju Ferreira, relembrou e contou com muita emo\u00e7\u00e3o, nas redes sociais do(...)\" \/>\n<meta property=\"og:url\" content=\"https:\/\/previews.elleven.digital\/acocearense\/noticia\/maju-ferreira-conta-sua-historia\/\" \/>\n<meta property=\"og:site_name\" content=\"Grupo A\u00e7o Cearense\" \/>\n<meta property=\"article:modified_time\" content=\"2025-05-07T19:23:16+00:00\" \/>\n<meta property=\"og:image\" content=\"https:\/\/previews.elleven.digital\/acocearense\/wp-content\/uploads\/2025\/05\/unnamed-2-1.png\" \/>\n\t<meta property=\"og:image:width\" content=\"520\" \/>\n\t<meta property=\"og:image:height\" content=\"321\" \/>\n\t<meta property=\"og:image:type\" content=\"image\/png\" \/>\n<meta name=\"twitter:card\" content=\"summary_large_image\" \/>\n<meta name=\"twitter:label1\" content=\"Est. tempo de leitura\" \/>\n\t<meta name=\"twitter:data1\" content=\"2 minutos\" \/>\n<script type=\"application\/ld+json\" class=\"yoast-schema-graph\">{\"@context\":\"https:\/\/schema.org\",\"@graph\":[{\"@type\":\"WebPage\",\"@id\":\"https:\/\/previews.elleven.digital\/acocearense\/noticia\/maju-ferreira-conta-sua-historia\/\",\"url\":\"https:\/\/previews.elleven.digital\/acocearense\/noticia\/maju-ferreira-conta-sua-historia\/\",\"name\":\"Maju Ferreira conta sua hist\u00f3ria - Grupo A\u00e7o Cearense\",\"isPartOf\":{\"@id\":\"https:\/\/previews.elleven.digital\/acocearense\/#website\"},\"primaryImageOfPage\":{\"@id\":\"https:\/\/previews.elleven.digital\/acocearense\/noticia\/maju-ferreira-conta-sua-historia\/#primaryimage\"},\"image\":{\"@id\":\"https:\/\/previews.elleven.digital\/acocearense\/noticia\/maju-ferreira-conta-sua-historia\/#primaryimage\"},\"thumbnailUrl\":\"https:\/\/previews.elleven.digital\/acocearense\/wp-content\/uploads\/2025\/05\/unnamed-2-1.png\",\"datePublished\":\"2019-12-29T19:22:50+00:00\",\"dateModified\":\"2025-05-07T19:23:16+00:00\",\"breadcrumb\":{\"@id\":\"https:\/\/previews.elleven.digital\/acocearense\/noticia\/maju-ferreira-conta-sua-historia\/#breadcrumb\"},\"inLanguage\":\"pt-BR\",\"potentialAction\":[{\"@type\":\"ReadAction\",\"target\":[\"https:\/\/previews.elleven.digital\/acocearense\/noticia\/maju-ferreira-conta-sua-historia\/\"]}]},{\"@type\":\"ImageObject\",\"inLanguage\":\"pt-BR\",\"@id\":\"https:\/\/previews.elleven.digital\/acocearense\/noticia\/maju-ferreira-conta-sua-historia\/#primaryimage\",\"url\":\"https:\/\/previews.elleven.digital\/acocearense\/wp-content\/uploads\/2025\/05\/unnamed-2-1.png\",\"contentUrl\":\"https:\/\/previews.elleven.digital\/acocearense\/wp-content\/uploads\/2025\/05\/unnamed-2-1.png\",\"width\":520,\"height\":321},{\"@type\":\"BreadcrumbList\",\"@id\":\"https:\/\/previews.elleven.digital\/acocearense\/noticia\/maju-ferreira-conta-sua-historia\/#breadcrumb\",\"itemListElement\":[{\"@type\":\"ListItem\",\"position\":1,\"name\":\"In\u00edcio\",\"item\":\"https:\/\/previews.elleven.digital\/acocearense\/\"},{\"@type\":\"ListItem\",\"position\":2,\"name\":\"Not\u00edcias\",\"item\":\"https:\/\/previews.elleven.digital\/acocearense\/noticias\/\"},{\"@type\":\"ListItem\",\"position\":3,\"name\":\"Maju Ferreira conta sua hist\u00f3ria\"}]},{\"@type\":\"WebSite\",\"@id\":\"https:\/\/previews.elleven.digital\/acocearense\/#website\",\"url\":\"https:\/\/previews.elleven.digital\/acocearense\/\",\"name\":\"A\u00e7o Cearense\",\"description\":\"H\u00e1 mais de 45 anos no mercado brasileiro do a\u00e7o.\",\"alternateName\":\"A\u00e7o Cearense\",\"potentialAction\":[{\"@type\":\"SearchAction\",\"target\":{\"@type\":\"EntryPoint\",\"urlTemplate\":\"https:\/\/previews.elleven.digital\/acocearense\/?s={search_term_string}\"},\"query-input\":{\"@type\":\"PropertyValueSpecification\",\"valueRequired\":true,\"valueName\":\"search_term_string\"}}],\"inLanguage\":\"pt-BR\"}]}<\/script>\n<!-- \/ Yoast SEO plugin. -->","yoast_head_json":{"title":"Maju Ferreira conta sua hist\u00f3ria - Grupo A\u00e7o Cearense","robots":{"index":"index","follow":"follow","max-snippet":"max-snippet:-1","max-image-preview":"max-image-preview:large","max-video-preview":"max-video-preview:-1"},"canonical":"https:\/\/previews.elleven.digital\/acocearense\/noticia\/maju-ferreira-conta-sua-historia\/","og_locale":"pt_BR","og_type":"article","og_title":"Maju Ferreira conta sua hist\u00f3ria - Grupo A\u00e7o Cearense","og_description":"A Diretora Jur\u00eddica, Maju Ferreira, relembrou e contou com muita emo\u00e7\u00e3o, nas redes sociais do(...)","og_url":"https:\/\/previews.elleven.digital\/acocearense\/noticia\/maju-ferreira-conta-sua-historia\/","og_site_name":"Grupo A\u00e7o Cearense","article_modified_time":"2025-05-07T19:23:16+00:00","og_image":[{"width":520,"height":321,"url":"https:\/\/previews.elleven.digital\/acocearense\/wp-content\/uploads\/2025\/05\/unnamed-2-1.png","type":"image\/png"}],"twitter_card":"summary_large_image","twitter_misc":{"Est. tempo de leitura":"2 minutos"},"schema":{"@context":"https:\/\/schema.org","@graph":[{"@type":"WebPage","@id":"https:\/\/previews.elleven.digital\/acocearense\/noticia\/maju-ferreira-conta-sua-historia\/","url":"https:\/\/previews.elleven.digital\/acocearense\/noticia\/maju-ferreira-conta-sua-historia\/","name":"Maju Ferreira conta sua hist\u00f3ria - Grupo A\u00e7o Cearense","isPartOf":{"@id":"https:\/\/previews.elleven.digital\/acocearense\/#website"},"primaryImageOfPage":{"@id":"https:\/\/previews.elleven.digital\/acocearense\/noticia\/maju-ferreira-conta-sua-historia\/#primaryimage"},"image":{"@id":"https:\/\/previews.elleven.digital\/acocearense\/noticia\/maju-ferreira-conta-sua-historia\/#primaryimage"},"thumbnailUrl":"https:\/\/previews.elleven.digital\/acocearense\/wp-content\/uploads\/2025\/05\/unnamed-2-1.png","datePublished":"2019-12-29T19:22:50+00:00","dateModified":"2025-05-07T19:23:16+00:00","breadcrumb":{"@id":"https:\/\/previews.elleven.digital\/acocearense\/noticia\/maju-ferreira-conta-sua-historia\/#breadcrumb"},"inLanguage":"pt-BR","potentialAction":[{"@type":"ReadAction","target":["https:\/\/previews.elleven.digital\/acocearense\/noticia\/maju-ferreira-conta-sua-historia\/"]}]},{"@type":"ImageObject","inLanguage":"pt-BR","@id":"https:\/\/previews.elleven.digital\/acocearense\/noticia\/maju-ferreira-conta-sua-historia\/#primaryimage","url":"https:\/\/previews.elleven.digital\/acocearense\/wp-content\/uploads\/2025\/05\/unnamed-2-1.png","contentUrl":"https:\/\/previews.elleven.digital\/acocearense\/wp-content\/uploads\/2025\/05\/unnamed-2-1.png","width":520,"height":321},{"@type":"BreadcrumbList","@id":"https:\/\/previews.elleven.digital\/acocearense\/noticia\/maju-ferreira-conta-sua-historia\/#breadcrumb","itemListElement":[{"@type":"ListItem","position":1,"name":"In\u00edcio","item":"https:\/\/previews.elleven.digital\/acocearense\/"},{"@type":"ListItem","position":2,"name":"Not\u00edcias","item":"https:\/\/previews.elleven.digital\/acocearense\/noticias\/"},{"@type":"ListItem","position":3,"name":"Maju Ferreira conta sua hist\u00f3ria"}]},{"@type":"WebSite","@id":"https:\/\/previews.elleven.digital\/acocearense\/#website","url":"https:\/\/previews.elleven.digital\/acocearense\/","name":"A\u00e7o Cearense","description":"H\u00e1 mais de 45 anos no mercado brasileiro do a\u00e7o.","alternateName":"A\u00e7o Cearense","potentialAction":[{"@type":"SearchAction","target":{"@type":"EntryPoint","urlTemplate":"https:\/\/previews.elleven.digital\/acocearense\/?s={search_term_string}"},"query-input":{"@type":"PropertyValueSpecification","valueRequired":true,"valueName":"search_term_string"}}],"inLanguage":"pt-BR"}]}},"_links":{"self":[{"href":"https:\/\/previews.elleven.digital\/acocearense\/wp-json\/wp\/v2\/noticia\/1985","targetHints":{"allow":["GET"]}}],"collection":[{"href":"https:\/\/previews.elleven.digital\/acocearense\/wp-json\/wp\/v2\/noticia"}],"about":[{"href":"https:\/\/previews.elleven.digital\/acocearense\/wp-json\/wp\/v2\/types\/noticia"}],"wp:featuredmedia":[{"embeddable":true,"href":"https:\/\/previews.elleven.digital\/acocearense\/wp-json\/wp\/v2\/media\/1983"}],"wp:attachment":[{"href":"https:\/\/previews.elleven.digital\/acocearense\/wp-json\/wp\/v2\/media?parent=1985"}],"wp:term":[{"taxonomy":"categoria-noticia","embeddable":true,"href":"https:\/\/previews.elleven.digital\/acocearense\/wp-json\/wp\/v2\/categoria-noticia?post=1985"}],"curies":[{"name":"wp","href":"https:\/\/api.w.org\/{rel}","templated":true}]}}