{"id":1974,"date":"2019-12-29T16:19:37","date_gmt":"2019-12-29T19:19:37","guid":{"rendered":"https:\/\/previews.elleven.digital\/acocearense\/?post_type=noticia&#038;p=1974"},"modified":"2025-05-07T16:22:46","modified_gmt":"2025-05-07T19:22:46","slug":"projeto-familia-na-empresa","status":"publish","type":"noticia","link":"https:\/\/previews.elleven.digital\/acocearense\/noticia\/projeto-familia-na-empresa\/","title":{"rendered":"Projeto Fam\u00edlia na Empresa"},"content":{"rendered":"<p>Existe coisa melhor que mostrar seu trabalho para quem voc\u00ea ama? Pensando nisso, os colaboradores da A\u00e7o Cearense Industrial e da SINOBRAS trouxeram 39 familiares nos dias 23 e 24 para conhecer o ambiente de trabalho deles e o processo de produ\u00e7\u00e3o metal\u00fargico e sider\u00fargico.<br \/>\n<img loading=\"lazy\" decoding=\"async\" class=\"size-medium wp-image-7058 aligncenter\" src=\"https:\/\/grupoacocearense.com.br\/wp-content\/uploads\/2020\/03\/unnamed-300x225.jpg\" alt=\"empresa na fam\u00edlia\" width=\"300\" height=\"225\" \/><br \/>\nCamila Kelly, esposa de Emerson Andrade da TI da A\u00e7o Cearense Comercial e nora de Maria Rocha da Recep\u00e7\u00e3o da A\u00e7o Cearense Industrial, falou animada sobre a experi\u00eancia: \u201cFoi super incr\u00edvel! Aqui \u00e9 gigantesco, a estrutura \u00e9 \u00f3tima. \u00c9 surreal a sensa\u00e7\u00e3o de conhecer um lugar como esse, amei! \u201d<\/p>\n<p><img loading=\"lazy\" decoding=\"async\" class=\"size-medium wp-image-7059 aligncenter\" src=\"https:\/\/grupoacocearense.com.br\/wp-content\/uploads\/2020\/03\/unnamed-1-283x300.jpg\" alt=\"fam\u00edlia na empresa\" width=\"283\" height=\"300\" \/><br \/>\nTatiane Lima, esposa de Alex Ferreira da Seguran\u00e7a Patrimonial da SINOBRAS, tamb\u00e9m comentou sobre a visita: \u201cEu nunca tive a chance de conhecer a empresa, com esse projeto, eu e meu filho de 13 anos pudemos vir e ficamos muito felizes de saber como os produtos s\u00e3o feitos. Foi muito interessante! \u201d<br \/>\nA pr\u00f3xima oportunidade de trazer a fam\u00edlia ser\u00e1 em mar\u00e7o na A\u00e7o Cearense e SINOBRAS e em maio na SINOBRAS Florestal.<\/p>\n","protected":false},"featured_media":1984,"template":"","meta":{"_acf_changed":false,"inline_featured_image":false},"categoria-noticia":[],"class_list":["post-1974","noticia","type-noticia","status-publish","has-post-thumbnail","hentry"],"acf":{"link":""},"yoast_head":"<!-- This site is optimized with the Yoast SEO plugin v25.9 - https:\/\/yoast.com\/wordpress\/plugins\/seo\/ -->\n<title>Projeto Fam\u00edlia na Empresa - Grupo A\u00e7o Cearense<\/title>\n<meta name=\"robots\" content=\"index, follow, max-snippet:-1, max-image-preview:large, max-video-preview:-1\" \/>\n<link rel=\"canonical\" href=\"https:\/\/previews.elleven.digital\/acocearense\/noticia\/projeto-familia-na-empresa\/\" \/>\n<meta property=\"og:locale\" content=\"pt_BR\" \/>\n<meta property=\"og:type\" content=\"article\" \/>\n<meta property=\"og:title\" content=\"Projeto Fam\u00edlia na Empresa - Grupo A\u00e7o Cearense\" \/>\n<meta property=\"og:description\" content=\"Existe coisa melhor que mostrar seu trabalho para quem voc\u00ea ama? Pensando nisso, os colaboradores(...)\" \/>\n<meta property=\"og:url\" content=\"https:\/\/previews.elleven.digital\/acocearense\/noticia\/projeto-familia-na-empresa\/\" \/>\n<meta property=\"og:site_name\" content=\"Grupo A\u00e7o Cearense\" \/>\n<meta property=\"article:modified_time\" content=\"2025-05-07T19:22:46+00:00\" \/>\n<meta property=\"og:image\" content=\"https:\/\/previews.elleven.digital\/acocearense\/wp-content\/uploads\/2025\/05\/unnamed-2-1-1.jpg\" \/>\n\t<meta property=\"og:image:width\" content=\"2336\" \/>\n\t<meta property=\"og:image:height\" content=\"1749\" \/>\n\t<meta property=\"og:image:type\" content=\"image\/jpeg\" \/>\n<meta name=\"twitter:card\" content=\"summary_large_image\" \/>\n<meta name=\"twitter:label1\" content=\"Est. tempo de leitura\" \/>\n\t<meta name=\"twitter:data1\" content=\"2 minutos\" \/>\n<script type=\"application\/ld+json\" class=\"yoast-schema-graph\">{\"@context\":\"https:\/\/schema.org\",\"@graph\":[{\"@type\":\"WebPage\",\"@id\":\"https:\/\/previews.elleven.digital\/acocearense\/noticia\/projeto-familia-na-empresa\/\",\"url\":\"https:\/\/previews.elleven.digital\/acocearense\/noticia\/projeto-familia-na-empresa\/\",\"name\":\"Projeto Fam\u00edlia na Empresa - Grupo A\u00e7o Cearense\",\"isPartOf\":{\"@id\":\"https:\/\/previews.elleven.digital\/acocearense\/#website\"},\"primaryImageOfPage\":{\"@id\":\"https:\/\/previews.elleven.digital\/acocearense\/noticia\/projeto-familia-na-empresa\/#primaryimage\"},\"image\":{\"@id\":\"https:\/\/previews.elleven.digital\/acocearense\/noticia\/projeto-familia-na-empresa\/#primaryimage\"},\"thumbnailUrl\":\"https:\/\/previews.elleven.digital\/acocearense\/wp-content\/uploads\/2025\/05\/unnamed-2-1-1.jpg\",\"datePublished\":\"2019-12-29T19:19:37+00:00\",\"dateModified\":\"2025-05-07T19:22:46+00:00\",\"breadcrumb\":{\"@id\":\"https:\/\/previews.elleven.digital\/acocearense\/noticia\/projeto-familia-na-empresa\/#breadcrumb\"},\"inLanguage\":\"pt-BR\",\"potentialAction\":[{\"@type\":\"ReadAction\",\"target\":[\"https:\/\/previews.elleven.digital\/acocearense\/noticia\/projeto-familia-na-empresa\/\"]}]},{\"@type\":\"ImageObject\",\"inLanguage\":\"pt-BR\",\"@id\":\"https:\/\/previews.elleven.digital\/acocearense\/noticia\/projeto-familia-na-empresa\/#primaryimage\",\"url\":\"https:\/\/previews.elleven.digital\/acocearense\/wp-content\/uploads\/2025\/05\/unnamed-2-1-1.jpg\",\"contentUrl\":\"https:\/\/previews.elleven.digital\/acocearense\/wp-content\/uploads\/2025\/05\/unnamed-2-1-1.jpg\",\"width\":2336,\"height\":1749},{\"@type\":\"BreadcrumbList\",\"@id\":\"https:\/\/previews.elleven.digital\/acocearense\/noticia\/projeto-familia-na-empresa\/#breadcrumb\",\"itemListElement\":[{\"@type\":\"ListItem\",\"position\":1,\"name\":\"In\u00edcio\",\"item\":\"https:\/\/previews.elleven.digital\/acocearense\/\"},{\"@type\":\"ListItem\",\"position\":2,\"name\":\"Not\u00edcias\",\"item\":\"https:\/\/previews.elleven.digital\/acocearense\/noticias\/\"},{\"@type\":\"ListItem\",\"position\":3,\"name\":\"Projeto Fam\u00edlia na Empresa\"}]},{\"@type\":\"WebSite\",\"@id\":\"https:\/\/previews.elleven.digital\/acocearense\/#website\",\"url\":\"https:\/\/previews.elleven.digital\/acocearense\/\",\"name\":\"A\u00e7o Cearense\",\"description\":\"H\u00e1 mais de 45 anos no mercado brasileiro do a\u00e7o.\",\"alternateName\":\"A\u00e7o Cearense\",\"potentialAction\":[{\"@type\":\"SearchAction\",\"target\":{\"@type\":\"EntryPoint\",\"urlTemplate\":\"https:\/\/previews.elleven.digital\/acocearense\/?s={search_term_string}\"},\"query-input\":{\"@type\":\"PropertyValueSpecification\",\"valueRequired\":true,\"valueName\":\"search_term_string\"}}],\"inLanguage\":\"pt-BR\"}]}<\/script>\n<!-- \/ Yoast SEO plugin. -->","yoast_head_json":{"title":"Projeto Fam\u00edlia na Empresa - Grupo A\u00e7o Cearense","robots":{"index":"index","follow":"follow","max-snippet":"max-snippet:-1","max-image-preview":"max-image-preview:large","max-video-preview":"max-video-preview:-1"},"canonical":"https:\/\/previews.elleven.digital\/acocearense\/noticia\/projeto-familia-na-empresa\/","og_locale":"pt_BR","og_type":"article","og_title":"Projeto Fam\u00edlia na Empresa - Grupo A\u00e7o Cearense","og_description":"Existe coisa melhor que mostrar seu trabalho para quem voc\u00ea ama? Pensando nisso, os colaboradores(...)","og_url":"https:\/\/previews.elleven.digital\/acocearense\/noticia\/projeto-familia-na-empresa\/","og_site_name":"Grupo A\u00e7o Cearense","article_modified_time":"2025-05-07T19:22:46+00:00","og_image":[{"width":2336,"height":1749,"url":"https:\/\/previews.elleven.digital\/acocearense\/wp-content\/uploads\/2025\/05\/unnamed-2-1-1.jpg","type":"image\/jpeg"}],"twitter_card":"summary_large_image","twitter_misc":{"Est. tempo de leitura":"2 minutos"},"schema":{"@context":"https:\/\/schema.org","@graph":[{"@type":"WebPage","@id":"https:\/\/previews.elleven.digital\/acocearense\/noticia\/projeto-familia-na-empresa\/","url":"https:\/\/previews.elleven.digital\/acocearense\/noticia\/projeto-familia-na-empresa\/","name":"Projeto Fam\u00edlia na Empresa - Grupo A\u00e7o Cearense","isPartOf":{"@id":"https:\/\/previews.elleven.digital\/acocearense\/#website"},"primaryImageOfPage":{"@id":"https:\/\/previews.elleven.digital\/acocearense\/noticia\/projeto-familia-na-empresa\/#primaryimage"},"image":{"@id":"https:\/\/previews.elleven.digital\/acocearense\/noticia\/projeto-familia-na-empresa\/#primaryimage"},"thumbnailUrl":"https:\/\/previews.elleven.digital\/acocearense\/wp-content\/uploads\/2025\/05\/unnamed-2-1-1.jpg","datePublished":"2019-12-29T19:19:37+00:00","dateModified":"2025-05-07T19:22:46+00:00","breadcrumb":{"@id":"https:\/\/previews.elleven.digital\/acocearense\/noticia\/projeto-familia-na-empresa\/#breadcrumb"},"inLanguage":"pt-BR","potentialAction":[{"@type":"ReadAction","target":["https:\/\/previews.elleven.digital\/acocearense\/noticia\/projeto-familia-na-empresa\/"]}]},{"@type":"ImageObject","inLanguage":"pt-BR","@id":"https:\/\/previews.elleven.digital\/acocearense\/noticia\/projeto-familia-na-empresa\/#primaryimage","url":"https:\/\/previews.elleven.digital\/acocearense\/wp-content\/uploads\/2025\/05\/unnamed-2-1-1.jpg","contentUrl":"https:\/\/previews.elleven.digital\/acocearense\/wp-content\/uploads\/2025\/05\/unnamed-2-1-1.jpg","width":2336,"height":1749},{"@type":"BreadcrumbList","@id":"https:\/\/previews.elleven.digital\/acocearense\/noticia\/projeto-familia-na-empresa\/#breadcrumb","itemListElement":[{"@type":"ListItem","position":1,"name":"In\u00edcio","item":"https:\/\/previews.elleven.digital\/acocearense\/"},{"@type":"ListItem","position":2,"name":"Not\u00edcias","item":"https:\/\/previews.elleven.digital\/acocearense\/noticias\/"},{"@type":"ListItem","position":3,"name":"Projeto Fam\u00edlia na Empresa"}]},{"@type":"WebSite","@id":"https:\/\/previews.elleven.digital\/acocearense\/#website","url":"https:\/\/previews.elleven.digital\/acocearense\/","name":"A\u00e7o Cearense","description":"H\u00e1 mais de 45 anos no mercado brasileiro do a\u00e7o.","alternateName":"A\u00e7o Cearense","potentialAction":[{"@type":"SearchAction","target":{"@type":"EntryPoint","urlTemplate":"https:\/\/previews.elleven.digital\/acocearense\/?s={search_term_string}"},"query-input":{"@type":"PropertyValueSpecification","valueRequired":true,"valueName":"search_term_string"}}],"inLanguage":"pt-BR"}]}},"_links":{"self":[{"href":"https:\/\/previews.elleven.digital\/acocearense\/wp-json\/wp\/v2\/noticia\/1974","targetHints":{"allow":["GET"]}}],"collection":[{"href":"https:\/\/previews.elleven.digital\/acocearense\/wp-json\/wp\/v2\/noticia"}],"about":[{"href":"https:\/\/previews.elleven.digital\/acocearense\/wp-json\/wp\/v2\/types\/noticia"}],"wp:featuredmedia":[{"embeddable":true,"href":"https:\/\/previews.elleven.digital\/acocearense\/wp-json\/wp\/v2\/media\/1984"}],"wp:attachment":[{"href":"https:\/\/previews.elleven.digital\/acocearense\/wp-json\/wp\/v2\/media?parent=1974"}],"wp:term":[{"taxonomy":"categoria-noticia","embeddable":true,"href":"https:\/\/previews.elleven.digital\/acocearense\/wp-json\/wp\/v2\/categoria-noticia?post=1974"}],"curies":[{"name":"wp","href":"https:\/\/api.w.org\/{rel}","templated":true}]}}