{"id":1971,"date":"2019-12-19T16:16:18","date_gmt":"2019-12-19T19:16:18","guid":{"rendered":"https:\/\/previews.elleven.digital\/acocearense\/?post_type=noticia&#038;p=1971"},"modified":"2025-05-07T16:16:48","modified_gmt":"2025-05-07T19:16:48","slug":"colaboradores-da-sinobras-doam-duas-toneladas-de-alimentos-para-instituicoes-filantropicas","status":"publish","type":"noticia","link":"https:\/\/previews.elleven.digital\/acocearense\/noticia\/colaboradores-da-sinobras-doam-duas-toneladas-de-alimentos-para-instituicoes-filantropicas\/","title":{"rendered":"Colaboradores da SINOBRAS doam duas toneladas de alimentos para institui\u00e7\u00f5es filantr\u00f3picas"},"content":{"rendered":"<p>Solidariedade que vai al\u00e9m dos muros \u00e9 uma das premissas\u00a0da SINOBRAS, empresa\u00a0do Grupo A\u00e7o Cearense.\u00a0Nesse sentido, uma das a\u00e7\u00f5es desenvolvidas durante a Semana Interna de Preven\u00e7\u00e3o de Acidentes de Trabalho (Sipat), foi a arrecada\u00e7\u00e3o de duas toneladas de alimentos n\u00e3o perec\u00edveis que ser\u00e1 entregue\u00a0a tr\u00eas institui\u00e7\u00f5es filantr\u00f3picas que s\u00e3o apoiadas pelo Instituto A\u00e7o Cearense.<\/p>\n<p>Parte das doa\u00e7\u00f5es ser\u00e1 entregue 19\/12 no\u00a0Lar S\u00e3o Vicente de Paulo, respons\u00e1vel por todas as a\u00e7\u00f5es do Grupo de cunho social, educacional, esportivo e de empreendedorismo.\u00a0A institui\u00e7\u00e3o\u00a0cuida de\u00a028 idosos\u00a0em situa\u00e7\u00e3o de vulnerabilidade social. No dia 23 de dezembro, ser\u00e1 a vez de outras duas entidades receberem a doa\u00e7\u00e3o: O Instituto Cultural Hozana Lopes de Abreu, Institui\u00e7\u00e3o sem fins lucrativos com foco na melhoria de vida de crian\u00e7as, adolescentes e jovens e a Funda\u00e7\u00e3o de Assist\u00eancia \u00e0 Crian\u00e7a e ao Adolescente.<\/p>\n<p>Segundo Ronaldo Castelo Branco, t\u00e9cnico de Meio Ambiente da SINOBRAS e um dos participantes\u00a0da SIPAT disse que\u00a0essa a\u00e7\u00e3o vai al\u00e9m de um trabalho em equipe. \u201cN\u00f3s focamos muito\u00a0na\u00a0prova da gincana, pois \u00e9 algo para ajudar outras pessoas. Fizemos uma grande campanha nas redes sociais e junto aos nossos colegas e familiares. Existe uma realiza\u00e7\u00e3o pessoal nessa doa\u00e7\u00e3o, que \u00e9 ser solid\u00e1rio com o pr\u00f3ximo \u201d, afirma Ronaldo.<\/p>\n<p><strong>Mais informa\u00e7\u00f5es para a Imprensa:<\/strong><\/p>\n<p>AD2M Engenharia de Comunica\u00e7\u00e3o<\/p>\n<p><a href=\"http:\/\/www.ad2m.com.br\/\" data-saferedirecturl=\"https:\/\/www.google.com\/url?q=http:\/\/www.ad2m.com.br\/&amp;source=gmail&amp;ust=1578071234577000&amp;usg=AFQjCNGiIX5LnotfyQik544BfQ_vfOMGDg\">www.ad2m.com.br<\/a>\u00a0| (85) 3258.1001<\/p>\n<p>Camila Grangeiro \u2013\u00a0<a href=\"mailto:camilagrangeiro@ad2m.com.br\">camilagrangeiro@ad2m.com.br<\/a>\u00a0|\u00a0(85) 9.8157.4929 \/ (85) 9.9659.6890<\/p>\n<p>Manoella Monteiro \u2013\u00a0<a href=\"mailto:manoella@ad2m.com.br\">manoella@ad2m.com.br<\/a>| (85) 9.8851.9529<\/p>\n<p>Mauro Costa \u2013\u00a0<a href=\"mailto:maurocosta@ad2m.com.br\">maurocosta@ad2m.com.br<\/a>\u00a0| (85) 9.8879.8474<\/p>\n","protected":false},"featured_media":1956,"template":"","meta":{"_acf_changed":false,"inline_featured_image":false},"categoria-noticia":[],"class_list":["post-1971","noticia","type-noticia","status-publish","has-post-thumbnail","hentry"],"acf":{"link":""},"yoast_head":"<!-- This site is optimized with the Yoast SEO plugin v25.9 - https:\/\/yoast.com\/wordpress\/plugins\/seo\/ -->\n<title>Colaboradores da SINOBRAS doam duas toneladas de alimentos para institui\u00e7\u00f5es filantr\u00f3picas - Grupo A\u00e7o Cearense<\/title>\n<meta name=\"robots\" content=\"index, follow, max-snippet:-1, max-image-preview:large, max-video-preview:-1\" \/>\n<link rel=\"canonical\" href=\"https:\/\/previews.elleven.digital\/acocearense\/noticia\/colaboradores-da-sinobras-doam-duas-toneladas-de-alimentos-para-instituicoes-filantropicas\/\" \/>\n<meta property=\"og:locale\" content=\"pt_BR\" \/>\n<meta property=\"og:type\" content=\"article\" \/>\n<meta property=\"og:title\" content=\"Colaboradores da SINOBRAS doam duas toneladas de alimentos para institui\u00e7\u00f5es filantr\u00f3picas - Grupo A\u00e7o Cearense\" \/>\n<meta property=\"og:description\" content=\"Solidariedade que vai al\u00e9m dos muros \u00e9 uma das premissas\u00a0da SINOBRAS, empresa\u00a0do Grupo A\u00e7o Cearense.\u00a0Nesse(...)\" \/>\n<meta property=\"og:url\" content=\"https:\/\/previews.elleven.digital\/acocearense\/noticia\/colaboradores-da-sinobras-doam-duas-toneladas-de-alimentos-para-instituicoes-filantropicas\/\" \/>\n<meta property=\"og:site_name\" content=\"Grupo A\u00e7o Cearense\" \/>\n<meta property=\"article:modified_time\" content=\"2025-05-07T19:16:48+00:00\" \/>\n<meta property=\"og:image\" content=\"https:\/\/previews.elleven.digital\/acocearense\/wp-content\/uploads\/2025\/05\/Alimentos-arrecadados-SIPAT-1-768x616-1.jpeg\" \/>\n\t<meta property=\"og:image:width\" content=\"768\" \/>\n\t<meta property=\"og:image:height\" content=\"616\" \/>\n\t<meta property=\"og:image:type\" content=\"image\/jpeg\" \/>\n<meta name=\"twitter:card\" content=\"summary_large_image\" \/>\n<meta name=\"twitter:label1\" content=\"Est. tempo de leitura\" \/>\n\t<meta name=\"twitter:data1\" content=\"1 minuto\" \/>\n<script type=\"application\/ld+json\" class=\"yoast-schema-graph\">{\"@context\":\"https:\/\/schema.org\",\"@graph\":[{\"@type\":\"WebPage\",\"@id\":\"https:\/\/previews.elleven.digital\/acocearense\/noticia\/colaboradores-da-sinobras-doam-duas-toneladas-de-alimentos-para-instituicoes-filantropicas\/\",\"url\":\"https:\/\/previews.elleven.digital\/acocearense\/noticia\/colaboradores-da-sinobras-doam-duas-toneladas-de-alimentos-para-instituicoes-filantropicas\/\",\"name\":\"Colaboradores da SINOBRAS doam duas toneladas de alimentos para institui\u00e7\u00f5es filantr\u00f3picas - Grupo A\u00e7o Cearense\",\"isPartOf\":{\"@id\":\"https:\/\/previews.elleven.digital\/acocearense\/#website\"},\"primaryImageOfPage\":{\"@id\":\"https:\/\/previews.elleven.digital\/acocearense\/noticia\/colaboradores-da-sinobras-doam-duas-toneladas-de-alimentos-para-instituicoes-filantropicas\/#primaryimage\"},\"image\":{\"@id\":\"https:\/\/previews.elleven.digital\/acocearense\/noticia\/colaboradores-da-sinobras-doam-duas-toneladas-de-alimentos-para-instituicoes-filantropicas\/#primaryimage\"},\"thumbnailUrl\":\"https:\/\/previews.elleven.digital\/acocearense\/wp-content\/uploads\/2025\/05\/Alimentos-arrecadados-SIPAT-1-768x616-1.jpeg\",\"datePublished\":\"2019-12-19T19:16:18+00:00\",\"dateModified\":\"2025-05-07T19:16:48+00:00\",\"breadcrumb\":{\"@id\":\"https:\/\/previews.elleven.digital\/acocearense\/noticia\/colaboradores-da-sinobras-doam-duas-toneladas-de-alimentos-para-instituicoes-filantropicas\/#breadcrumb\"},\"inLanguage\":\"pt-BR\",\"potentialAction\":[{\"@type\":\"ReadAction\",\"target\":[\"https:\/\/previews.elleven.digital\/acocearense\/noticia\/colaboradores-da-sinobras-doam-duas-toneladas-de-alimentos-para-instituicoes-filantropicas\/\"]}]},{\"@type\":\"ImageObject\",\"inLanguage\":\"pt-BR\",\"@id\":\"https:\/\/previews.elleven.digital\/acocearense\/noticia\/colaboradores-da-sinobras-doam-duas-toneladas-de-alimentos-para-instituicoes-filantropicas\/#primaryimage\",\"url\":\"https:\/\/previews.elleven.digital\/acocearense\/wp-content\/uploads\/2025\/05\/Alimentos-arrecadados-SIPAT-1-768x616-1.jpeg\",\"contentUrl\":\"https:\/\/previews.elleven.digital\/acocearense\/wp-content\/uploads\/2025\/05\/Alimentos-arrecadados-SIPAT-1-768x616-1.jpeg\",\"width\":768,\"height\":616},{\"@type\":\"BreadcrumbList\",\"@id\":\"https:\/\/previews.elleven.digital\/acocearense\/noticia\/colaboradores-da-sinobras-doam-duas-toneladas-de-alimentos-para-instituicoes-filantropicas\/#breadcrumb\",\"itemListElement\":[{\"@type\":\"ListItem\",\"position\":1,\"name\":\"In\u00edcio\",\"item\":\"https:\/\/previews.elleven.digital\/acocearense\/\"},{\"@type\":\"ListItem\",\"position\":2,\"name\":\"Not\u00edcias\",\"item\":\"https:\/\/previews.elleven.digital\/acocearense\/noticias\/\"},{\"@type\":\"ListItem\",\"position\":3,\"name\":\"Colaboradores da SINOBRAS doam duas toneladas de alimentos para institui\u00e7\u00f5es filantr\u00f3picas\"}]},{\"@type\":\"WebSite\",\"@id\":\"https:\/\/previews.elleven.digital\/acocearense\/#website\",\"url\":\"https:\/\/previews.elleven.digital\/acocearense\/\",\"name\":\"A\u00e7o Cearense\",\"description\":\"H\u00e1 mais de 45 anos no mercado brasileiro do a\u00e7o.\",\"alternateName\":\"A\u00e7o Cearense\",\"potentialAction\":[{\"@type\":\"SearchAction\",\"target\":{\"@type\":\"EntryPoint\",\"urlTemplate\":\"https:\/\/previews.elleven.digital\/acocearense\/?s={search_term_string}\"},\"query-input\":{\"@type\":\"PropertyValueSpecification\",\"valueRequired\":true,\"valueName\":\"search_term_string\"}}],\"inLanguage\":\"pt-BR\"}]}<\/script>\n<!-- \/ Yoast SEO plugin. -->","yoast_head_json":{"title":"Colaboradores da SINOBRAS doam duas toneladas de alimentos para institui\u00e7\u00f5es filantr\u00f3picas - Grupo A\u00e7o Cearense","robots":{"index":"index","follow":"follow","max-snippet":"max-snippet:-1","max-image-preview":"max-image-preview:large","max-video-preview":"max-video-preview:-1"},"canonical":"https:\/\/previews.elleven.digital\/acocearense\/noticia\/colaboradores-da-sinobras-doam-duas-toneladas-de-alimentos-para-instituicoes-filantropicas\/","og_locale":"pt_BR","og_type":"article","og_title":"Colaboradores da SINOBRAS doam duas toneladas de alimentos para institui\u00e7\u00f5es filantr\u00f3picas - Grupo A\u00e7o Cearense","og_description":"Solidariedade que vai al\u00e9m dos muros \u00e9 uma das premissas\u00a0da SINOBRAS, empresa\u00a0do Grupo A\u00e7o Cearense.\u00a0Nesse(...)","og_url":"https:\/\/previews.elleven.digital\/acocearense\/noticia\/colaboradores-da-sinobras-doam-duas-toneladas-de-alimentos-para-instituicoes-filantropicas\/","og_site_name":"Grupo A\u00e7o Cearense","article_modified_time":"2025-05-07T19:16:48+00:00","og_image":[{"width":768,"height":616,"url":"https:\/\/previews.elleven.digital\/acocearense\/wp-content\/uploads\/2025\/05\/Alimentos-arrecadados-SIPAT-1-768x616-1.jpeg","type":"image\/jpeg"}],"twitter_card":"summary_large_image","twitter_misc":{"Est. tempo de leitura":"1 minuto"},"schema":{"@context":"https:\/\/schema.org","@graph":[{"@type":"WebPage","@id":"https:\/\/previews.elleven.digital\/acocearense\/noticia\/colaboradores-da-sinobras-doam-duas-toneladas-de-alimentos-para-instituicoes-filantropicas\/","url":"https:\/\/previews.elleven.digital\/acocearense\/noticia\/colaboradores-da-sinobras-doam-duas-toneladas-de-alimentos-para-instituicoes-filantropicas\/","name":"Colaboradores da SINOBRAS doam duas toneladas de alimentos para institui\u00e7\u00f5es filantr\u00f3picas - Grupo A\u00e7o Cearense","isPartOf":{"@id":"https:\/\/previews.elleven.digital\/acocearense\/#website"},"primaryImageOfPage":{"@id":"https:\/\/previews.elleven.digital\/acocearense\/noticia\/colaboradores-da-sinobras-doam-duas-toneladas-de-alimentos-para-instituicoes-filantropicas\/#primaryimage"},"image":{"@id":"https:\/\/previews.elleven.digital\/acocearense\/noticia\/colaboradores-da-sinobras-doam-duas-toneladas-de-alimentos-para-instituicoes-filantropicas\/#primaryimage"},"thumbnailUrl":"https:\/\/previews.elleven.digital\/acocearense\/wp-content\/uploads\/2025\/05\/Alimentos-arrecadados-SIPAT-1-768x616-1.jpeg","datePublished":"2019-12-19T19:16:18+00:00","dateModified":"2025-05-07T19:16:48+00:00","breadcrumb":{"@id":"https:\/\/previews.elleven.digital\/acocearense\/noticia\/colaboradores-da-sinobras-doam-duas-toneladas-de-alimentos-para-instituicoes-filantropicas\/#breadcrumb"},"inLanguage":"pt-BR","potentialAction":[{"@type":"ReadAction","target":["https:\/\/previews.elleven.digital\/acocearense\/noticia\/colaboradores-da-sinobras-doam-duas-toneladas-de-alimentos-para-instituicoes-filantropicas\/"]}]},{"@type":"ImageObject","inLanguage":"pt-BR","@id":"https:\/\/previews.elleven.digital\/acocearense\/noticia\/colaboradores-da-sinobras-doam-duas-toneladas-de-alimentos-para-instituicoes-filantropicas\/#primaryimage","url":"https:\/\/previews.elleven.digital\/acocearense\/wp-content\/uploads\/2025\/05\/Alimentos-arrecadados-SIPAT-1-768x616-1.jpeg","contentUrl":"https:\/\/previews.elleven.digital\/acocearense\/wp-content\/uploads\/2025\/05\/Alimentos-arrecadados-SIPAT-1-768x616-1.jpeg","width":768,"height":616},{"@type":"BreadcrumbList","@id":"https:\/\/previews.elleven.digital\/acocearense\/noticia\/colaboradores-da-sinobras-doam-duas-toneladas-de-alimentos-para-instituicoes-filantropicas\/#breadcrumb","itemListElement":[{"@type":"ListItem","position":1,"name":"In\u00edcio","item":"https:\/\/previews.elleven.digital\/acocearense\/"},{"@type":"ListItem","position":2,"name":"Not\u00edcias","item":"https:\/\/previews.elleven.digital\/acocearense\/noticias\/"},{"@type":"ListItem","position":3,"name":"Colaboradores da SINOBRAS doam duas toneladas de alimentos para institui\u00e7\u00f5es filantr\u00f3picas"}]},{"@type":"WebSite","@id":"https:\/\/previews.elleven.digital\/acocearense\/#website","url":"https:\/\/previews.elleven.digital\/acocearense\/","name":"A\u00e7o Cearense","description":"H\u00e1 mais de 45 anos no mercado brasileiro do a\u00e7o.","alternateName":"A\u00e7o Cearense","potentialAction":[{"@type":"SearchAction","target":{"@type":"EntryPoint","urlTemplate":"https:\/\/previews.elleven.digital\/acocearense\/?s={search_term_string}"},"query-input":{"@type":"PropertyValueSpecification","valueRequired":true,"valueName":"search_term_string"}}],"inLanguage":"pt-BR"}]}},"_links":{"self":[{"href":"https:\/\/previews.elleven.digital\/acocearense\/wp-json\/wp\/v2\/noticia\/1971","targetHints":{"allow":["GET"]}}],"collection":[{"href":"https:\/\/previews.elleven.digital\/acocearense\/wp-json\/wp\/v2\/noticia"}],"about":[{"href":"https:\/\/previews.elleven.digital\/acocearense\/wp-json\/wp\/v2\/types\/noticia"}],"wp:featuredmedia":[{"embeddable":true,"href":"https:\/\/previews.elleven.digital\/acocearense\/wp-json\/wp\/v2\/media\/1956"}],"wp:attachment":[{"href":"https:\/\/previews.elleven.digital\/acocearense\/wp-json\/wp\/v2\/media?parent=1971"}],"wp:term":[{"taxonomy":"categoria-noticia","embeddable":true,"href":"https:\/\/previews.elleven.digital\/acocearense\/wp-json\/wp\/v2\/categoria-noticia?post=1971"}],"curies":[{"name":"wp","href":"https:\/\/api.w.org\/{rel}","templated":true}]}}