{"id":1968,"date":"2019-12-18T16:15:12","date_gmt":"2019-12-18T19:15:12","guid":{"rendered":"https:\/\/previews.elleven.digital\/acocearense\/?post_type=noticia&#038;p=1968"},"modified":"2025-05-07T16:15:42","modified_gmt":"2025-05-07T19:15:42","slug":"encontro-de-ideias-de-seguranca","status":"publish","type":"noticia","link":"https:\/\/previews.elleven.digital\/acocearense\/noticia\/encontro-de-ideias-de-seguranca\/","title":{"rendered":"Encontro de Ideias de Seguran\u00e7a"},"content":{"rendered":"<p>No dia 12\/11 ocorreu a 2\u00aa edi\u00e7\u00e3o do Encontro de Ideias de Seguran\u00e7a na A\u00e7o Cearense Industrial Matriz com o tema\u00a0<strong>\u201cO que muda o resultado s\u00e3o as a\u00e7\u00f5es\u201d<\/strong>. Durante o evento, que foi organizado pela CIPA, os colaboradores da A\u00e7o Cearense apresentaram projetos de melhorias de seguran\u00e7a nos processos e\u00a0equipamentos e foram avaliados e reconhecidos pela dire\u00e7\u00e3o da empresa.<br \/>\nO Presidente da CIPA Kenny Ralph comentou: \u201cAs ideias contribuem para desenvolver uma<strong>\u00a0cultura de inova\u00e7\u00e3o<\/strong>\u00a0na empresa. Nesta edi\u00e7\u00e3o tivemos um aumento do n\u00famero de participantes com projetos criativos e engenhosos idealizados pelos nossos colaboradores. Estamos bastante otimistas para a pr\u00f3xima edi\u00e7\u00e3o de 2020\u201d.<br \/>\nOs projetos foram classificados considerando os crit\u00e9rios efetividade no bloqueio de ocorr\u00eancias de acidentes, criatividade e custo da melhoria, tudo isso em duas categorias, \u00e1reas que j\u00e1 participaram e as que est\u00e3o pela primeira vez no Encontro. Confira o resultado:<br \/>\n<img loading=\"lazy\" decoding=\"async\" class=\"CToWUd a6T aligncenter\" tabindex=\"0\" src=\"https:\/\/ci4.googleusercontent.com\/proxy\/n3jgHTUvTHNfCmpjg24RBDG9j2ZSuwBIJ_nrjmD3hSDJ4ZNtz4Z4Slsto7x4BdaWOI1Ig_n2xf1q2sflLybxu5NsoWlKkTX3ER2jLYVQYbwj2HTPqVuw9hLoPvYwFUqwiDpDIlejIr000NsiwPn28IclwpcSIK4SMZ4yVWXg6pw=s0-d-e1-ft#https:\/\/gallery.mailchimp.com\/89812147ef97f09ae727e0969\/_compresseds\/ad17fdad-eb95-4f33-97b5-1a26122d8a70.jpg\" width=\"708\" height=\"205\" \/><\/p>\n","protected":false},"featured_media":1958,"template":"","meta":{"_acf_changed":false,"inline_featured_image":false},"categoria-noticia":[],"class_list":["post-1968","noticia","type-noticia","status-publish","has-post-thumbnail","hentry"],"acf":{"link":""},"yoast_head":"<!-- This site is optimized with the Yoast SEO plugin v25.9 - https:\/\/yoast.com\/wordpress\/plugins\/seo\/ -->\n<title>Encontro de Ideias de Seguran\u00e7a - Grupo A\u00e7o Cearense<\/title>\n<meta name=\"robots\" content=\"index, follow, max-snippet:-1, max-image-preview:large, max-video-preview:-1\" \/>\n<link rel=\"canonical\" href=\"https:\/\/previews.elleven.digital\/acocearense\/noticia\/encontro-de-ideias-de-seguranca\/\" \/>\n<meta property=\"og:locale\" content=\"pt_BR\" \/>\n<meta property=\"og:type\" content=\"article\" \/>\n<meta property=\"og:title\" content=\"Encontro de Ideias de Seguran\u00e7a - Grupo A\u00e7o Cearense\" \/>\n<meta property=\"og:description\" content=\"No dia 12\/11 ocorreu a 2\u00aa edi\u00e7\u00e3o do Encontro de Ideias de Seguran\u00e7a na A\u00e7o(...)\" \/>\n<meta property=\"og:url\" content=\"https:\/\/previews.elleven.digital\/acocearense\/noticia\/encontro-de-ideias-de-seguranca\/\" \/>\n<meta property=\"og:site_name\" content=\"Grupo A\u00e7o Cearense\" \/>\n<meta property=\"article:modified_time\" content=\"2025-05-07T19:15:42+00:00\" \/>\n<meta property=\"og:image\" content=\"https:\/\/previews.elleven.digital\/acocearense\/wp-content\/uploads\/2025\/05\/unnamed-3-2.jpg\" \/>\n\t<meta property=\"og:image:width\" content=\"973\" \/>\n\t<meta property=\"og:image:height\" content=\"559\" \/>\n\t<meta property=\"og:image:type\" content=\"image\/jpeg\" \/>\n<meta name=\"twitter:card\" content=\"summary_large_image\" \/>\n<meta name=\"twitter:label1\" content=\"Est. tempo de leitura\" \/>\n\t<meta name=\"twitter:data1\" content=\"2 minutos\" \/>\n<script type=\"application\/ld+json\" class=\"yoast-schema-graph\">{\"@context\":\"https:\/\/schema.org\",\"@graph\":[{\"@type\":\"WebPage\",\"@id\":\"https:\/\/previews.elleven.digital\/acocearense\/noticia\/encontro-de-ideias-de-seguranca\/\",\"url\":\"https:\/\/previews.elleven.digital\/acocearense\/noticia\/encontro-de-ideias-de-seguranca\/\",\"name\":\"Encontro de Ideias de Seguran\u00e7a - Grupo A\u00e7o Cearense\",\"isPartOf\":{\"@id\":\"https:\/\/previews.elleven.digital\/acocearense\/#website\"},\"primaryImageOfPage\":{\"@id\":\"https:\/\/previews.elleven.digital\/acocearense\/noticia\/encontro-de-ideias-de-seguranca\/#primaryimage\"},\"image\":{\"@id\":\"https:\/\/previews.elleven.digital\/acocearense\/noticia\/encontro-de-ideias-de-seguranca\/#primaryimage\"},\"thumbnailUrl\":\"https:\/\/previews.elleven.digital\/acocearense\/wp-content\/uploads\/2025\/05\/unnamed-3-2.jpg\",\"datePublished\":\"2019-12-18T19:15:12+00:00\",\"dateModified\":\"2025-05-07T19:15:42+00:00\",\"breadcrumb\":{\"@id\":\"https:\/\/previews.elleven.digital\/acocearense\/noticia\/encontro-de-ideias-de-seguranca\/#breadcrumb\"},\"inLanguage\":\"pt-BR\",\"potentialAction\":[{\"@type\":\"ReadAction\",\"target\":[\"https:\/\/previews.elleven.digital\/acocearense\/noticia\/encontro-de-ideias-de-seguranca\/\"]}]},{\"@type\":\"ImageObject\",\"inLanguage\":\"pt-BR\",\"@id\":\"https:\/\/previews.elleven.digital\/acocearense\/noticia\/encontro-de-ideias-de-seguranca\/#primaryimage\",\"url\":\"https:\/\/previews.elleven.digital\/acocearense\/wp-content\/uploads\/2025\/05\/unnamed-3-2.jpg\",\"contentUrl\":\"https:\/\/previews.elleven.digital\/acocearense\/wp-content\/uploads\/2025\/05\/unnamed-3-2.jpg\",\"width\":973,\"height\":559},{\"@type\":\"BreadcrumbList\",\"@id\":\"https:\/\/previews.elleven.digital\/acocearense\/noticia\/encontro-de-ideias-de-seguranca\/#breadcrumb\",\"itemListElement\":[{\"@type\":\"ListItem\",\"position\":1,\"name\":\"In\u00edcio\",\"item\":\"https:\/\/previews.elleven.digital\/acocearense\/\"},{\"@type\":\"ListItem\",\"position\":2,\"name\":\"Not\u00edcias\",\"item\":\"https:\/\/previews.elleven.digital\/acocearense\/noticias\/\"},{\"@type\":\"ListItem\",\"position\":3,\"name\":\"Encontro de Ideias de Seguran\u00e7a\"}]},{\"@type\":\"WebSite\",\"@id\":\"https:\/\/previews.elleven.digital\/acocearense\/#website\",\"url\":\"https:\/\/previews.elleven.digital\/acocearense\/\",\"name\":\"A\u00e7o Cearense\",\"description\":\"H\u00e1 mais de 45 anos no mercado brasileiro do a\u00e7o.\",\"alternateName\":\"A\u00e7o Cearense\",\"potentialAction\":[{\"@type\":\"SearchAction\",\"target\":{\"@type\":\"EntryPoint\",\"urlTemplate\":\"https:\/\/previews.elleven.digital\/acocearense\/?s={search_term_string}\"},\"query-input\":{\"@type\":\"PropertyValueSpecification\",\"valueRequired\":true,\"valueName\":\"search_term_string\"}}],\"inLanguage\":\"pt-BR\"}]}<\/script>\n<!-- \/ Yoast SEO plugin. -->","yoast_head_json":{"title":"Encontro de Ideias de Seguran\u00e7a - Grupo A\u00e7o Cearense","robots":{"index":"index","follow":"follow","max-snippet":"max-snippet:-1","max-image-preview":"max-image-preview:large","max-video-preview":"max-video-preview:-1"},"canonical":"https:\/\/previews.elleven.digital\/acocearense\/noticia\/encontro-de-ideias-de-seguranca\/","og_locale":"pt_BR","og_type":"article","og_title":"Encontro de Ideias de Seguran\u00e7a - Grupo A\u00e7o Cearense","og_description":"No dia 12\/11 ocorreu a 2\u00aa edi\u00e7\u00e3o do Encontro de Ideias de Seguran\u00e7a na A\u00e7o(...)","og_url":"https:\/\/previews.elleven.digital\/acocearense\/noticia\/encontro-de-ideias-de-seguranca\/","og_site_name":"Grupo A\u00e7o Cearense","article_modified_time":"2025-05-07T19:15:42+00:00","og_image":[{"width":973,"height":559,"url":"https:\/\/previews.elleven.digital\/acocearense\/wp-content\/uploads\/2025\/05\/unnamed-3-2.jpg","type":"image\/jpeg"}],"twitter_card":"summary_large_image","twitter_misc":{"Est. tempo de leitura":"2 minutos"},"schema":{"@context":"https:\/\/schema.org","@graph":[{"@type":"WebPage","@id":"https:\/\/previews.elleven.digital\/acocearense\/noticia\/encontro-de-ideias-de-seguranca\/","url":"https:\/\/previews.elleven.digital\/acocearense\/noticia\/encontro-de-ideias-de-seguranca\/","name":"Encontro de Ideias de Seguran\u00e7a - Grupo A\u00e7o Cearense","isPartOf":{"@id":"https:\/\/previews.elleven.digital\/acocearense\/#website"},"primaryImageOfPage":{"@id":"https:\/\/previews.elleven.digital\/acocearense\/noticia\/encontro-de-ideias-de-seguranca\/#primaryimage"},"image":{"@id":"https:\/\/previews.elleven.digital\/acocearense\/noticia\/encontro-de-ideias-de-seguranca\/#primaryimage"},"thumbnailUrl":"https:\/\/previews.elleven.digital\/acocearense\/wp-content\/uploads\/2025\/05\/unnamed-3-2.jpg","datePublished":"2019-12-18T19:15:12+00:00","dateModified":"2025-05-07T19:15:42+00:00","breadcrumb":{"@id":"https:\/\/previews.elleven.digital\/acocearense\/noticia\/encontro-de-ideias-de-seguranca\/#breadcrumb"},"inLanguage":"pt-BR","potentialAction":[{"@type":"ReadAction","target":["https:\/\/previews.elleven.digital\/acocearense\/noticia\/encontro-de-ideias-de-seguranca\/"]}]},{"@type":"ImageObject","inLanguage":"pt-BR","@id":"https:\/\/previews.elleven.digital\/acocearense\/noticia\/encontro-de-ideias-de-seguranca\/#primaryimage","url":"https:\/\/previews.elleven.digital\/acocearense\/wp-content\/uploads\/2025\/05\/unnamed-3-2.jpg","contentUrl":"https:\/\/previews.elleven.digital\/acocearense\/wp-content\/uploads\/2025\/05\/unnamed-3-2.jpg","width":973,"height":559},{"@type":"BreadcrumbList","@id":"https:\/\/previews.elleven.digital\/acocearense\/noticia\/encontro-de-ideias-de-seguranca\/#breadcrumb","itemListElement":[{"@type":"ListItem","position":1,"name":"In\u00edcio","item":"https:\/\/previews.elleven.digital\/acocearense\/"},{"@type":"ListItem","position":2,"name":"Not\u00edcias","item":"https:\/\/previews.elleven.digital\/acocearense\/noticias\/"},{"@type":"ListItem","position":3,"name":"Encontro de Ideias de Seguran\u00e7a"}]},{"@type":"WebSite","@id":"https:\/\/previews.elleven.digital\/acocearense\/#website","url":"https:\/\/previews.elleven.digital\/acocearense\/","name":"A\u00e7o Cearense","description":"H\u00e1 mais de 45 anos no mercado brasileiro do a\u00e7o.","alternateName":"A\u00e7o Cearense","potentialAction":[{"@type":"SearchAction","target":{"@type":"EntryPoint","urlTemplate":"https:\/\/previews.elleven.digital\/acocearense\/?s={search_term_string}"},"query-input":{"@type":"PropertyValueSpecification","valueRequired":true,"valueName":"search_term_string"}}],"inLanguage":"pt-BR"}]}},"_links":{"self":[{"href":"https:\/\/previews.elleven.digital\/acocearense\/wp-json\/wp\/v2\/noticia\/1968","targetHints":{"allow":["GET"]}}],"collection":[{"href":"https:\/\/previews.elleven.digital\/acocearense\/wp-json\/wp\/v2\/noticia"}],"about":[{"href":"https:\/\/previews.elleven.digital\/acocearense\/wp-json\/wp\/v2\/types\/noticia"}],"wp:featuredmedia":[{"embeddable":true,"href":"https:\/\/previews.elleven.digital\/acocearense\/wp-json\/wp\/v2\/media\/1958"}],"wp:attachment":[{"href":"https:\/\/previews.elleven.digital\/acocearense\/wp-json\/wp\/v2\/media?parent=1968"}],"wp:term":[{"taxonomy":"categoria-noticia","embeddable":true,"href":"https:\/\/previews.elleven.digital\/acocearense\/wp-json\/wp\/v2\/categoria-noticia?post=1968"}],"curies":[{"name":"wp","href":"https:\/\/api.w.org\/{rel}","templated":true}]}}