{"id":1965,"date":"2019-12-12T16:13:25","date_gmt":"2019-12-12T19:13:25","guid":{"rendered":"https:\/\/previews.elleven.digital\/acocearense\/?post_type=noticia&#038;p=1965"},"modified":"2025-05-07T16:13:55","modified_gmt":"2025-05-07T19:13:55","slug":"500-criancas-ganham-presentes-na-5a-edicao-da-campanha-abraco-feliz","status":"publish","type":"noticia","link":"https:\/\/previews.elleven.digital\/acocearense\/noticia\/500-criancas-ganham-presentes-na-5a-edicao-da-campanha-abraco-feliz\/","title":{"rendered":"500 crian\u00e7as ganham presentes na 5\u00aa edi\u00e7\u00e3o da Campanha Abra\u00e7o Feliz"},"content":{"rendered":"<p>O Instituto A\u00e7o Cearense (IAC) promoveu a 5\u00aa edi\u00e7\u00e3o de uma de suas campanhas mais bonitas e importantes, o Abra\u00e7o Feliz. Neste ano, 500 cartinhas foram adotadas pelos colaboradores do Grupo A\u00e7o Cearense. Na A\u00e7o Cearense Comercial a entrega dos presentes ocorreu nos dias 3 e 4 e na A\u00e7o Cearense Industrial no dia 6. Os \u00faltimos eventos s\u00e3o no dia 11, na SINOBRAS e no dia 17 na Florestal.<br \/>\n<img loading=\"lazy\" decoding=\"async\" class=\"CToWUd a6T alignleft\" tabindex=\"0\" src=\"https:\/\/ci6.googleusercontent.com\/proxy\/gewHAiwpnOf8OWDHUjDJu93ChiwOYU22-9Wf_fCrZcjI6ZpGk35y5yAXBir9JKFNi5bb5sjSo0txf_6mLFT4LlMn7kuDoTZUrX6sXJwdZ0yjAowN0WV-8ywek9oYZdjmS1T377xnuSwRhTRjA6NF4Sj7eVC9nIciXw4=s0-d-e1-ft#https:\/\/gallery.mailchimp.com\/89812147ef97f09ae727e0969\/images\/a41a9bc5-5293-426b-af4e-7b7f7afae573.jpg\" width=\"200\" height=\"209\" align=\"left\" \/>Muitas hist\u00f3rias interessantes aconteceram este ano, um fato que mais chamou aten\u00e7\u00e3o foi a participa\u00e7\u00e3o expressiva dos aprendizes, que mesmo no in\u00edcio da trajet\u00f3ria profissional e financeira deram um grande exemplo de como ajudar ao pr\u00f3ximo. Pedro Henrique Martins, Aprendiz do MEP da A\u00e7o Cearense Industrial Filial, ficou emocionado. \u201cEssa foi a primeira vez que participei do projeto, adotei uma cartinha e comprei o presente, uma boneca. O valor foi bastante acess\u00edvel \u00e0 minha realidade e eu n\u00e3o imaginava que a emo\u00e7\u00e3o seria tanta ao entregar para aquela crian\u00e7a e ver a felicidade estampada no rosto dela. Fiquei muito feliz em poder trazer um pouco de alegria para o Natal de quem precisa\u201d.<br \/>\nRosemeire Matos, Presidente do Instituto A\u00e7o Cearense Diretora Administrativa do A\u00e7o Cearense Industrial, falou durante o evento: \u201cDesde 2015, quando a Campanha Abra\u00e7o Feliz foi criada, j\u00e1 fizemos 1.900 crian\u00e7as sorrirem. Muito obrigada, queridos colaboradores, pelo sim de voc\u00eas mais uma vez! E vamos fazer crescer cada vez mais essa campanha para que mais crian\u00e7as se sintam acolhidas e amadas! \u201d<br \/>\n<img loading=\"lazy\" decoding=\"async\" class=\"CToWUd a6T aligncenter\" tabindex=\"0\" src=\"https:\/\/ci6.googleusercontent.com\/proxy\/RO6zMriGlqYfO3wm6XhaoeE5qTEVdunbgj0BUeqV0D9TrrOEPkVGMrwc77W5ivaEIHN2plHwTMsZA2FV6gCxCw5J4zyfAaoh-sIYPHyC38NT7OZPWDEZt3Uq9B6YbLXzJ7515WEsYXsYLFn56-4d7RmCb27KFndRHvI=s0-d-e1-ft#https:\/\/gallery.mailchimp.com\/89812147ef97f09ae727e0969\/images\/e1dce624-4307-442d-824c-77586fe18069.jpg\" width=\"550\" height=\"412\" \/><\/p>\n","protected":false},"featured_media":1961,"template":"","meta":{"_acf_changed":false,"inline_featured_image":false},"categoria-noticia":[],"class_list":["post-1965","noticia","type-noticia","status-publish","has-post-thumbnail","hentry"],"acf":{"link":""},"yoast_head":"<!-- This site is optimized with the Yoast SEO plugin v25.9 - https:\/\/yoast.com\/wordpress\/plugins\/seo\/ -->\n<title>500 crian\u00e7as ganham presentes na 5\u00aa edi\u00e7\u00e3o da Campanha Abra\u00e7o Feliz - Grupo A\u00e7o Cearense<\/title>\n<meta name=\"robots\" content=\"index, follow, max-snippet:-1, max-image-preview:large, max-video-preview:-1\" \/>\n<link rel=\"canonical\" href=\"https:\/\/previews.elleven.digital\/acocearense\/noticia\/500-criancas-ganham-presentes-na-5a-edicao-da-campanha-abraco-feliz\/\" \/>\n<meta property=\"og:locale\" content=\"pt_BR\" \/>\n<meta property=\"og:type\" content=\"article\" \/>\n<meta property=\"og:title\" content=\"500 crian\u00e7as ganham presentes na 5\u00aa edi\u00e7\u00e3o da Campanha Abra\u00e7o Feliz - Grupo A\u00e7o Cearense\" \/>\n<meta property=\"og:description\" content=\"O Instituto A\u00e7o Cearense (IAC) promoveu a 5\u00aa edi\u00e7\u00e3o de uma de suas campanhas mais(...)\" \/>\n<meta property=\"og:url\" content=\"https:\/\/previews.elleven.digital\/acocearense\/noticia\/500-criancas-ganham-presentes-na-5a-edicao-da-campanha-abraco-feliz\/\" \/>\n<meta property=\"og:site_name\" content=\"Grupo A\u00e7o Cearense\" \/>\n<meta property=\"article:modified_time\" content=\"2025-05-07T19:13:55+00:00\" \/>\n<meta property=\"og:image\" content=\"https:\/\/previews.elleven.digital\/acocearense\/wp-content\/uploads\/2025\/05\/unnamed-6-1-scaled.jpg\" \/>\n\t<meta property=\"og:image:width\" content=\"2560\" \/>\n\t<meta property=\"og:image:height\" content=\"1190\" \/>\n\t<meta property=\"og:image:type\" content=\"image\/jpeg\" \/>\n<meta name=\"twitter:card\" content=\"summary_large_image\" \/>\n<meta name=\"twitter:label1\" content=\"Est. tempo de leitura\" \/>\n\t<meta name=\"twitter:data1\" content=\"2 minutos\" \/>\n<script type=\"application\/ld+json\" class=\"yoast-schema-graph\">{\"@context\":\"https:\/\/schema.org\",\"@graph\":[{\"@type\":\"WebPage\",\"@id\":\"https:\/\/previews.elleven.digital\/acocearense\/noticia\/500-criancas-ganham-presentes-na-5a-edicao-da-campanha-abraco-feliz\/\",\"url\":\"https:\/\/previews.elleven.digital\/acocearense\/noticia\/500-criancas-ganham-presentes-na-5a-edicao-da-campanha-abraco-feliz\/\",\"name\":\"500 crian\u00e7as ganham presentes na 5\u00aa edi\u00e7\u00e3o da Campanha Abra\u00e7o Feliz - Grupo A\u00e7o Cearense\",\"isPartOf\":{\"@id\":\"https:\/\/previews.elleven.digital\/acocearense\/#website\"},\"primaryImageOfPage\":{\"@id\":\"https:\/\/previews.elleven.digital\/acocearense\/noticia\/500-criancas-ganham-presentes-na-5a-edicao-da-campanha-abraco-feliz\/#primaryimage\"},\"image\":{\"@id\":\"https:\/\/previews.elleven.digital\/acocearense\/noticia\/500-criancas-ganham-presentes-na-5a-edicao-da-campanha-abraco-feliz\/#primaryimage\"},\"thumbnailUrl\":\"https:\/\/previews.elleven.digital\/acocearense\/wp-content\/uploads\/2025\/05\/unnamed-6-1-scaled.jpg\",\"datePublished\":\"2019-12-12T19:13:25+00:00\",\"dateModified\":\"2025-05-07T19:13:55+00:00\",\"breadcrumb\":{\"@id\":\"https:\/\/previews.elleven.digital\/acocearense\/noticia\/500-criancas-ganham-presentes-na-5a-edicao-da-campanha-abraco-feliz\/#breadcrumb\"},\"inLanguage\":\"pt-BR\",\"potentialAction\":[{\"@type\":\"ReadAction\",\"target\":[\"https:\/\/previews.elleven.digital\/acocearense\/noticia\/500-criancas-ganham-presentes-na-5a-edicao-da-campanha-abraco-feliz\/\"]}]},{\"@type\":\"ImageObject\",\"inLanguage\":\"pt-BR\",\"@id\":\"https:\/\/previews.elleven.digital\/acocearense\/noticia\/500-criancas-ganham-presentes-na-5a-edicao-da-campanha-abraco-feliz\/#primaryimage\",\"url\":\"https:\/\/previews.elleven.digital\/acocearense\/wp-content\/uploads\/2025\/05\/unnamed-6-1-scaled.jpg\",\"contentUrl\":\"https:\/\/previews.elleven.digital\/acocearense\/wp-content\/uploads\/2025\/05\/unnamed-6-1-scaled.jpg\",\"width\":2560,\"height\":1190},{\"@type\":\"BreadcrumbList\",\"@id\":\"https:\/\/previews.elleven.digital\/acocearense\/noticia\/500-criancas-ganham-presentes-na-5a-edicao-da-campanha-abraco-feliz\/#breadcrumb\",\"itemListElement\":[{\"@type\":\"ListItem\",\"position\":1,\"name\":\"In\u00edcio\",\"item\":\"https:\/\/previews.elleven.digital\/acocearense\/\"},{\"@type\":\"ListItem\",\"position\":2,\"name\":\"Not\u00edcias\",\"item\":\"https:\/\/previews.elleven.digital\/acocearense\/noticias\/\"},{\"@type\":\"ListItem\",\"position\":3,\"name\":\"500 crian\u00e7as ganham presentes na 5\u00aa edi\u00e7\u00e3o da Campanha Abra\u00e7o Feliz\"}]},{\"@type\":\"WebSite\",\"@id\":\"https:\/\/previews.elleven.digital\/acocearense\/#website\",\"url\":\"https:\/\/previews.elleven.digital\/acocearense\/\",\"name\":\"A\u00e7o Cearense\",\"description\":\"H\u00e1 mais de 45 anos no mercado brasileiro do a\u00e7o.\",\"alternateName\":\"A\u00e7o Cearense\",\"potentialAction\":[{\"@type\":\"SearchAction\",\"target\":{\"@type\":\"EntryPoint\",\"urlTemplate\":\"https:\/\/previews.elleven.digital\/acocearense\/?s={search_term_string}\"},\"query-input\":{\"@type\":\"PropertyValueSpecification\",\"valueRequired\":true,\"valueName\":\"search_term_string\"}}],\"inLanguage\":\"pt-BR\"}]}<\/script>\n<!-- \/ Yoast SEO plugin. -->","yoast_head_json":{"title":"500 crian\u00e7as ganham presentes na 5\u00aa edi\u00e7\u00e3o da Campanha Abra\u00e7o Feliz - Grupo A\u00e7o Cearense","robots":{"index":"index","follow":"follow","max-snippet":"max-snippet:-1","max-image-preview":"max-image-preview:large","max-video-preview":"max-video-preview:-1"},"canonical":"https:\/\/previews.elleven.digital\/acocearense\/noticia\/500-criancas-ganham-presentes-na-5a-edicao-da-campanha-abraco-feliz\/","og_locale":"pt_BR","og_type":"article","og_title":"500 crian\u00e7as ganham presentes na 5\u00aa edi\u00e7\u00e3o da Campanha Abra\u00e7o Feliz - Grupo A\u00e7o Cearense","og_description":"O Instituto A\u00e7o Cearense (IAC) promoveu a 5\u00aa edi\u00e7\u00e3o de uma de suas campanhas mais(...)","og_url":"https:\/\/previews.elleven.digital\/acocearense\/noticia\/500-criancas-ganham-presentes-na-5a-edicao-da-campanha-abraco-feliz\/","og_site_name":"Grupo A\u00e7o Cearense","article_modified_time":"2025-05-07T19:13:55+00:00","og_image":[{"width":2560,"height":1190,"url":"https:\/\/previews.elleven.digital\/acocearense\/wp-content\/uploads\/2025\/05\/unnamed-6-1-scaled.jpg","type":"image\/jpeg"}],"twitter_card":"summary_large_image","twitter_misc":{"Est. tempo de leitura":"2 minutos"},"schema":{"@context":"https:\/\/schema.org","@graph":[{"@type":"WebPage","@id":"https:\/\/previews.elleven.digital\/acocearense\/noticia\/500-criancas-ganham-presentes-na-5a-edicao-da-campanha-abraco-feliz\/","url":"https:\/\/previews.elleven.digital\/acocearense\/noticia\/500-criancas-ganham-presentes-na-5a-edicao-da-campanha-abraco-feliz\/","name":"500 crian\u00e7as ganham presentes na 5\u00aa edi\u00e7\u00e3o da Campanha Abra\u00e7o Feliz - Grupo A\u00e7o Cearense","isPartOf":{"@id":"https:\/\/previews.elleven.digital\/acocearense\/#website"},"primaryImageOfPage":{"@id":"https:\/\/previews.elleven.digital\/acocearense\/noticia\/500-criancas-ganham-presentes-na-5a-edicao-da-campanha-abraco-feliz\/#primaryimage"},"image":{"@id":"https:\/\/previews.elleven.digital\/acocearense\/noticia\/500-criancas-ganham-presentes-na-5a-edicao-da-campanha-abraco-feliz\/#primaryimage"},"thumbnailUrl":"https:\/\/previews.elleven.digital\/acocearense\/wp-content\/uploads\/2025\/05\/unnamed-6-1-scaled.jpg","datePublished":"2019-12-12T19:13:25+00:00","dateModified":"2025-05-07T19:13:55+00:00","breadcrumb":{"@id":"https:\/\/previews.elleven.digital\/acocearense\/noticia\/500-criancas-ganham-presentes-na-5a-edicao-da-campanha-abraco-feliz\/#breadcrumb"},"inLanguage":"pt-BR","potentialAction":[{"@type":"ReadAction","target":["https:\/\/previews.elleven.digital\/acocearense\/noticia\/500-criancas-ganham-presentes-na-5a-edicao-da-campanha-abraco-feliz\/"]}]},{"@type":"ImageObject","inLanguage":"pt-BR","@id":"https:\/\/previews.elleven.digital\/acocearense\/noticia\/500-criancas-ganham-presentes-na-5a-edicao-da-campanha-abraco-feliz\/#primaryimage","url":"https:\/\/previews.elleven.digital\/acocearense\/wp-content\/uploads\/2025\/05\/unnamed-6-1-scaled.jpg","contentUrl":"https:\/\/previews.elleven.digital\/acocearense\/wp-content\/uploads\/2025\/05\/unnamed-6-1-scaled.jpg","width":2560,"height":1190},{"@type":"BreadcrumbList","@id":"https:\/\/previews.elleven.digital\/acocearense\/noticia\/500-criancas-ganham-presentes-na-5a-edicao-da-campanha-abraco-feliz\/#breadcrumb","itemListElement":[{"@type":"ListItem","position":1,"name":"In\u00edcio","item":"https:\/\/previews.elleven.digital\/acocearense\/"},{"@type":"ListItem","position":2,"name":"Not\u00edcias","item":"https:\/\/previews.elleven.digital\/acocearense\/noticias\/"},{"@type":"ListItem","position":3,"name":"500 crian\u00e7as ganham presentes na 5\u00aa edi\u00e7\u00e3o da Campanha Abra\u00e7o Feliz"}]},{"@type":"WebSite","@id":"https:\/\/previews.elleven.digital\/acocearense\/#website","url":"https:\/\/previews.elleven.digital\/acocearense\/","name":"A\u00e7o Cearense","description":"H\u00e1 mais de 45 anos no mercado brasileiro do a\u00e7o.","alternateName":"A\u00e7o Cearense","potentialAction":[{"@type":"SearchAction","target":{"@type":"EntryPoint","urlTemplate":"https:\/\/previews.elleven.digital\/acocearense\/?s={search_term_string}"},"query-input":{"@type":"PropertyValueSpecification","valueRequired":true,"valueName":"search_term_string"}}],"inLanguage":"pt-BR"}]}},"_links":{"self":[{"href":"https:\/\/previews.elleven.digital\/acocearense\/wp-json\/wp\/v2\/noticia\/1965","targetHints":{"allow":["GET"]}}],"collection":[{"href":"https:\/\/previews.elleven.digital\/acocearense\/wp-json\/wp\/v2\/noticia"}],"about":[{"href":"https:\/\/previews.elleven.digital\/acocearense\/wp-json\/wp\/v2\/types\/noticia"}],"wp:featuredmedia":[{"embeddable":true,"href":"https:\/\/previews.elleven.digital\/acocearense\/wp-json\/wp\/v2\/media\/1961"}],"wp:attachment":[{"href":"https:\/\/previews.elleven.digital\/acocearense\/wp-json\/wp\/v2\/media?parent=1965"}],"wp:term":[{"taxonomy":"categoria-noticia","embeddable":true,"href":"https:\/\/previews.elleven.digital\/acocearense\/wp-json\/wp\/v2\/categoria-noticia?post=1965"}],"curies":[{"name":"wp","href":"https:\/\/api.w.org\/{rel}","templated":true}]}}