{"id":1952,"date":"2019-12-04T16:08:37","date_gmt":"2019-12-04T19:08:37","guid":{"rendered":"https:\/\/previews.elleven.digital\/acocearense\/?post_type=noticia&#038;p=1952"},"modified":"2025-05-07T16:09:16","modified_gmt":"2025-05-07T19:09:16","slug":"grupo-aco-cearense-participa-do-xiv-seminario-internacional-de-logistica-e-expolog-feira-internacional-de-logistica","status":"publish","type":"noticia","link":"https:\/\/previews.elleven.digital\/acocearense\/noticia\/grupo-aco-cearense-participa-do-xiv-seminario-internacional-de-logistica-e-expolog-feira-internacional-de-logistica\/","title":{"rendered":"Grupo A\u00e7o Cearense participa do XIV Semin\u00e1rio Internacional de Log\u00edstica e Expolog \u2013 Feira Internacional de Log\u00edstica"},"content":{"rendered":"<p><img loading=\"lazy\" decoding=\"async\" class=\"aligncenter\" src=\"https:\/\/ci6.googleusercontent.com\/proxy\/YGulLcfJbnfWnRezJ-pnrBO-jxyYpeOnshTqZRRmbuHOdoFh2IPF8IdCagCNgBp1EYa797NhcXD4YfOHW7TnuX5uBVo1easj39OswdQY_ao4zTaW5JXMIBwB2yVatke_ip4UKvHqm7WWhtQZIA3Zhjogsuzlu6BJquc=s0-d-e1-ft#https:\/\/gallery.mailchimp.com\/89812147ef97f09ae727e0969\/images\/fad3ff91-6323-4860-aa69-de4de641a841.jpg\" width=\"457\" height=\"315\" \/><br \/>\nO Diretor de Suprimentos e Log\u00edstica Edgard Corr\u00eaa representou o Grupo A\u00e7o Cearense na EXPOLOG \u2013 Feira Internacional de Log\u00edstica e no XIV Semin\u00e1rio Internacional de Log\u00edstica no dia 28 em Fortaleza, no Centro de Eventos do Cear\u00e1. O evento, que \u00e9 um dos mais renomados de Log\u00edstica do Brasil t\u00eam por objetivo contribuir para a dissemina\u00e7\u00e3o do potencial e necessidade da Log\u00edstica nos dias atuais com o tema \u201cInova\u00e7\u00e3o, Integra\u00e7\u00e3o e Sustentabilidade\u201d e reuniu os mais importantes players do setor, construindo um interc\u00e2mbio comercial permanente.<br \/>\nEdgard participou como debatedor do Talk Show Intersetorialidade e Multimodalidade, ao lado de Andr\u00e9 Magalh\u00e3es (APM Terminals), Esmeraldo Netto (Logimaster Log\u00edstica Multimodal), Karley Sobreira (Cimentos Apodi) e Edilson Martinez (Costa Brasil Multimodal), que debateram as palestras \u201cO Futuro da cabotagem ap\u00f3s a nova regulamenta\u00e7\u00e3o\u201d, de Gustavo Costa (USP) e \u201cCarga geral\u201d de Bruno Toscano (CTI Cargo \u2013 Fracht Group), tendo como mediador M\u00e1rio Lima (ZPE Cear\u00e1).<br \/>\nPara Edgard Corr\u00eaa, momentos como esse s\u00e3o muito importantes n\u00e3o s\u00f3 para network, mas para discutir as mudan\u00e7as e necessidades do setor log\u00edstico, tendo como fatores a nova regulamenta\u00e7\u00e3o e a economia nacional no contexto mundial. \u201cO XIV Semin\u00e1rio Internacional de Log\u00edstica e a Feira Internacional de Log\u00edstica s\u00e3o eventos renomados e muito importantes, principalmente para nossa regi\u00e3o carente desses eventos. Participar como debatedor n\u00e3o s\u00f3 me deixa honrado, como tamb\u00e9m me d\u00e1 a oportunidade de debater situa\u00e7\u00f5es especificas que poder\u00e3o trazer benef\u00edcios para o Grupo A\u00e7o Cearense e de estar sempre em contato com as inova\u00e7\u00f5es e avan\u00e7os do setor\u201d, comentou.<\/p>\n<p><img loading=\"lazy\" decoding=\"async\" class=\"CToWUd a6T aligncenter\" tabindex=\"0\" src=\"https:\/\/ci4.googleusercontent.com\/proxy\/6H-d92CfRt8K7FYbznTrthwSoWK9k7dHn-E9Vu_2UdFox2Pc3WwX3bI3FisC4qW0GLTYk-ipdOkgRfv1X0l9rHjM307q_AcPUIxCrPwocXIrdkhw4r0mL-80j201dr_JEi93llm6P3jiP1y7jE18zcsNGdKrsJnBc0Y=s0-d-e1-ft#https:\/\/gallery.mailchimp.com\/89812147ef97f09ae727e0969\/images\/9ccd2e37-88d0-4108-b68c-1c90d4a23d5a.jpg\" width=\"550\" height=\"329\" \/><\/p>\n","protected":false},"featured_media":1927,"template":"","meta":{"_acf_changed":false,"inline_featured_image":false},"categoria-noticia":[],"class_list":["post-1952","noticia","type-noticia","status-publish","has-post-thumbnail","hentry"],"acf":{"link":""},"yoast_head":"<!-- This site is optimized with the Yoast SEO plugin v25.9 - https:\/\/yoast.com\/wordpress\/plugins\/seo\/ -->\n<title>Grupo A\u00e7o Cearense participa do XIV Semin\u00e1rio Internacional de Log\u00edstica e Expolog \u2013 Feira Internacional de Log\u00edstica - Grupo A\u00e7o Cearense<\/title>\n<meta name=\"robots\" content=\"index, follow, max-snippet:-1, max-image-preview:large, max-video-preview:-1\" \/>\n<link rel=\"canonical\" href=\"https:\/\/previews.elleven.digital\/acocearense\/noticia\/grupo-aco-cearense-participa-do-xiv-seminario-internacional-de-logistica-e-expolog-feira-internacional-de-logistica\/\" \/>\n<meta property=\"og:locale\" content=\"pt_BR\" \/>\n<meta property=\"og:type\" content=\"article\" \/>\n<meta property=\"og:title\" content=\"Grupo A\u00e7o Cearense participa do XIV Semin\u00e1rio Internacional de Log\u00edstica e Expolog \u2013 Feira Internacional de Log\u00edstica - Grupo A\u00e7o Cearense\" \/>\n<meta property=\"og:description\" content=\"O Diretor de Suprimentos e Log\u00edstica Edgard Corr\u00eaa representou o Grupo A\u00e7o Cearense na EXPOLOG(...)\" \/>\n<meta property=\"og:url\" content=\"https:\/\/previews.elleven.digital\/acocearense\/noticia\/grupo-aco-cearense-participa-do-xiv-seminario-internacional-de-logistica-e-expolog-feira-internacional-de-logistica\/\" \/>\n<meta property=\"og:site_name\" content=\"Grupo A\u00e7o Cearense\" \/>\n<meta property=\"article:modified_time\" content=\"2025-05-07T19:09:16+00:00\" \/>\n<meta property=\"og:image\" content=\"https:\/\/previews.elleven.digital\/acocearense\/wp-content\/uploads\/2025\/05\/unnamed-55.jpg\" \/>\n\t<meta property=\"og:image:width\" content=\"1024\" \/>\n\t<meta property=\"og:image:height\" content=\"613\" \/>\n\t<meta property=\"og:image:type\" content=\"image\/jpeg\" \/>\n<meta name=\"twitter:card\" content=\"summary_large_image\" \/>\n<meta name=\"twitter:label1\" content=\"Est. tempo de leitura\" \/>\n\t<meta name=\"twitter:data1\" content=\"2 minutos\" \/>\n<script type=\"application\/ld+json\" class=\"yoast-schema-graph\">{\"@context\":\"https:\/\/schema.org\",\"@graph\":[{\"@type\":\"WebPage\",\"@id\":\"https:\/\/previews.elleven.digital\/acocearense\/noticia\/grupo-aco-cearense-participa-do-xiv-seminario-internacional-de-logistica-e-expolog-feira-internacional-de-logistica\/\",\"url\":\"https:\/\/previews.elleven.digital\/acocearense\/noticia\/grupo-aco-cearense-participa-do-xiv-seminario-internacional-de-logistica-e-expolog-feira-internacional-de-logistica\/\",\"name\":\"Grupo A\u00e7o Cearense participa do XIV Semin\u00e1rio Internacional de Log\u00edstica e Expolog \u2013 Feira Internacional de Log\u00edstica - Grupo A\u00e7o Cearense\",\"isPartOf\":{\"@id\":\"https:\/\/previews.elleven.digital\/acocearense\/#website\"},\"primaryImageOfPage\":{\"@id\":\"https:\/\/previews.elleven.digital\/acocearense\/noticia\/grupo-aco-cearense-participa-do-xiv-seminario-internacional-de-logistica-e-expolog-feira-internacional-de-logistica\/#primaryimage\"},\"image\":{\"@id\":\"https:\/\/previews.elleven.digital\/acocearense\/noticia\/grupo-aco-cearense-participa-do-xiv-seminario-internacional-de-logistica-e-expolog-feira-internacional-de-logistica\/#primaryimage\"},\"thumbnailUrl\":\"https:\/\/previews.elleven.digital\/acocearense\/wp-content\/uploads\/2025\/05\/unnamed-55.jpg\",\"datePublished\":\"2019-12-04T19:08:37+00:00\",\"dateModified\":\"2025-05-07T19:09:16+00:00\",\"breadcrumb\":{\"@id\":\"https:\/\/previews.elleven.digital\/acocearense\/noticia\/grupo-aco-cearense-participa-do-xiv-seminario-internacional-de-logistica-e-expolog-feira-internacional-de-logistica\/#breadcrumb\"},\"inLanguage\":\"pt-BR\",\"potentialAction\":[{\"@type\":\"ReadAction\",\"target\":[\"https:\/\/previews.elleven.digital\/acocearense\/noticia\/grupo-aco-cearense-participa-do-xiv-seminario-internacional-de-logistica-e-expolog-feira-internacional-de-logistica\/\"]}]},{\"@type\":\"ImageObject\",\"inLanguage\":\"pt-BR\",\"@id\":\"https:\/\/previews.elleven.digital\/acocearense\/noticia\/grupo-aco-cearense-participa-do-xiv-seminario-internacional-de-logistica-e-expolog-feira-internacional-de-logistica\/#primaryimage\",\"url\":\"https:\/\/previews.elleven.digital\/acocearense\/wp-content\/uploads\/2025\/05\/unnamed-55.jpg\",\"contentUrl\":\"https:\/\/previews.elleven.digital\/acocearense\/wp-content\/uploads\/2025\/05\/unnamed-55.jpg\",\"width\":1024,\"height\":613},{\"@type\":\"BreadcrumbList\",\"@id\":\"https:\/\/previews.elleven.digital\/acocearense\/noticia\/grupo-aco-cearense-participa-do-xiv-seminario-internacional-de-logistica-e-expolog-feira-internacional-de-logistica\/#breadcrumb\",\"itemListElement\":[{\"@type\":\"ListItem\",\"position\":1,\"name\":\"In\u00edcio\",\"item\":\"https:\/\/previews.elleven.digital\/acocearense\/\"},{\"@type\":\"ListItem\",\"position\":2,\"name\":\"Not\u00edcias\",\"item\":\"https:\/\/previews.elleven.digital\/acocearense\/noticias\/\"},{\"@type\":\"ListItem\",\"position\":3,\"name\":\"Grupo A\u00e7o Cearense participa do XIV Semin\u00e1rio Internacional de Log\u00edstica e Expolog \u2013 Feira Internacional de Log\u00edstica\"}]},{\"@type\":\"WebSite\",\"@id\":\"https:\/\/previews.elleven.digital\/acocearense\/#website\",\"url\":\"https:\/\/previews.elleven.digital\/acocearense\/\",\"name\":\"A\u00e7o Cearense\",\"description\":\"H\u00e1 mais de 45 anos no mercado brasileiro do a\u00e7o.\",\"alternateName\":\"A\u00e7o Cearense\",\"potentialAction\":[{\"@type\":\"SearchAction\",\"target\":{\"@type\":\"EntryPoint\",\"urlTemplate\":\"https:\/\/previews.elleven.digital\/acocearense\/?s={search_term_string}\"},\"query-input\":{\"@type\":\"PropertyValueSpecification\",\"valueRequired\":true,\"valueName\":\"search_term_string\"}}],\"inLanguage\":\"pt-BR\"}]}<\/script>\n<!-- \/ Yoast SEO plugin. -->","yoast_head_json":{"title":"Grupo A\u00e7o Cearense participa do XIV Semin\u00e1rio Internacional de Log\u00edstica e Expolog \u2013 Feira Internacional de Log\u00edstica - Grupo A\u00e7o Cearense","robots":{"index":"index","follow":"follow","max-snippet":"max-snippet:-1","max-image-preview":"max-image-preview:large","max-video-preview":"max-video-preview:-1"},"canonical":"https:\/\/previews.elleven.digital\/acocearense\/noticia\/grupo-aco-cearense-participa-do-xiv-seminario-internacional-de-logistica-e-expolog-feira-internacional-de-logistica\/","og_locale":"pt_BR","og_type":"article","og_title":"Grupo A\u00e7o Cearense participa do XIV Semin\u00e1rio Internacional de Log\u00edstica e Expolog \u2013 Feira Internacional de Log\u00edstica - Grupo A\u00e7o Cearense","og_description":"O Diretor de Suprimentos e Log\u00edstica Edgard Corr\u00eaa representou o Grupo A\u00e7o Cearense na EXPOLOG(...)","og_url":"https:\/\/previews.elleven.digital\/acocearense\/noticia\/grupo-aco-cearense-participa-do-xiv-seminario-internacional-de-logistica-e-expolog-feira-internacional-de-logistica\/","og_site_name":"Grupo A\u00e7o Cearense","article_modified_time":"2025-05-07T19:09:16+00:00","og_image":[{"width":1024,"height":613,"url":"https:\/\/previews.elleven.digital\/acocearense\/wp-content\/uploads\/2025\/05\/unnamed-55.jpg","type":"image\/jpeg"}],"twitter_card":"summary_large_image","twitter_misc":{"Est. tempo de leitura":"2 minutos"},"schema":{"@context":"https:\/\/schema.org","@graph":[{"@type":"WebPage","@id":"https:\/\/previews.elleven.digital\/acocearense\/noticia\/grupo-aco-cearense-participa-do-xiv-seminario-internacional-de-logistica-e-expolog-feira-internacional-de-logistica\/","url":"https:\/\/previews.elleven.digital\/acocearense\/noticia\/grupo-aco-cearense-participa-do-xiv-seminario-internacional-de-logistica-e-expolog-feira-internacional-de-logistica\/","name":"Grupo A\u00e7o Cearense participa do XIV Semin\u00e1rio Internacional de Log\u00edstica e Expolog \u2013 Feira Internacional de Log\u00edstica - Grupo A\u00e7o Cearense","isPartOf":{"@id":"https:\/\/previews.elleven.digital\/acocearense\/#website"},"primaryImageOfPage":{"@id":"https:\/\/previews.elleven.digital\/acocearense\/noticia\/grupo-aco-cearense-participa-do-xiv-seminario-internacional-de-logistica-e-expolog-feira-internacional-de-logistica\/#primaryimage"},"image":{"@id":"https:\/\/previews.elleven.digital\/acocearense\/noticia\/grupo-aco-cearense-participa-do-xiv-seminario-internacional-de-logistica-e-expolog-feira-internacional-de-logistica\/#primaryimage"},"thumbnailUrl":"https:\/\/previews.elleven.digital\/acocearense\/wp-content\/uploads\/2025\/05\/unnamed-55.jpg","datePublished":"2019-12-04T19:08:37+00:00","dateModified":"2025-05-07T19:09:16+00:00","breadcrumb":{"@id":"https:\/\/previews.elleven.digital\/acocearense\/noticia\/grupo-aco-cearense-participa-do-xiv-seminario-internacional-de-logistica-e-expolog-feira-internacional-de-logistica\/#breadcrumb"},"inLanguage":"pt-BR","potentialAction":[{"@type":"ReadAction","target":["https:\/\/previews.elleven.digital\/acocearense\/noticia\/grupo-aco-cearense-participa-do-xiv-seminario-internacional-de-logistica-e-expolog-feira-internacional-de-logistica\/"]}]},{"@type":"ImageObject","inLanguage":"pt-BR","@id":"https:\/\/previews.elleven.digital\/acocearense\/noticia\/grupo-aco-cearense-participa-do-xiv-seminario-internacional-de-logistica-e-expolog-feira-internacional-de-logistica\/#primaryimage","url":"https:\/\/previews.elleven.digital\/acocearense\/wp-content\/uploads\/2025\/05\/unnamed-55.jpg","contentUrl":"https:\/\/previews.elleven.digital\/acocearense\/wp-content\/uploads\/2025\/05\/unnamed-55.jpg","width":1024,"height":613},{"@type":"BreadcrumbList","@id":"https:\/\/previews.elleven.digital\/acocearense\/noticia\/grupo-aco-cearense-participa-do-xiv-seminario-internacional-de-logistica-e-expolog-feira-internacional-de-logistica\/#breadcrumb","itemListElement":[{"@type":"ListItem","position":1,"name":"In\u00edcio","item":"https:\/\/previews.elleven.digital\/acocearense\/"},{"@type":"ListItem","position":2,"name":"Not\u00edcias","item":"https:\/\/previews.elleven.digital\/acocearense\/noticias\/"},{"@type":"ListItem","position":3,"name":"Grupo A\u00e7o Cearense participa do XIV Semin\u00e1rio Internacional de Log\u00edstica e Expolog \u2013 Feira Internacional de Log\u00edstica"}]},{"@type":"WebSite","@id":"https:\/\/previews.elleven.digital\/acocearense\/#website","url":"https:\/\/previews.elleven.digital\/acocearense\/","name":"A\u00e7o Cearense","description":"H\u00e1 mais de 45 anos no mercado brasileiro do a\u00e7o.","alternateName":"A\u00e7o Cearense","potentialAction":[{"@type":"SearchAction","target":{"@type":"EntryPoint","urlTemplate":"https:\/\/previews.elleven.digital\/acocearense\/?s={search_term_string}"},"query-input":{"@type":"PropertyValueSpecification","valueRequired":true,"valueName":"search_term_string"}}],"inLanguage":"pt-BR"}]}},"_links":{"self":[{"href":"https:\/\/previews.elleven.digital\/acocearense\/wp-json\/wp\/v2\/noticia\/1952","targetHints":{"allow":["GET"]}}],"collection":[{"href":"https:\/\/previews.elleven.digital\/acocearense\/wp-json\/wp\/v2\/noticia"}],"about":[{"href":"https:\/\/previews.elleven.digital\/acocearense\/wp-json\/wp\/v2\/types\/noticia"}],"wp:featuredmedia":[{"embeddable":true,"href":"https:\/\/previews.elleven.digital\/acocearense\/wp-json\/wp\/v2\/media\/1927"}],"wp:attachment":[{"href":"https:\/\/previews.elleven.digital\/acocearense\/wp-json\/wp\/v2\/media?parent=1952"}],"wp:term":[{"taxonomy":"categoria-noticia","embeddable":true,"href":"https:\/\/previews.elleven.digital\/acocearense\/wp-json\/wp\/v2\/categoria-noticia?post=1952"}],"curies":[{"name":"wp","href":"https:\/\/api.w.org\/{rel}","templated":true}]}}