{"id":1942,"date":"2019-11-06T16:06:25","date_gmt":"2019-11-06T19:06:25","guid":{"rendered":"https:\/\/previews.elleven.digital\/acocearense\/?post_type=noticia&#038;p=1942"},"modified":"2025-05-07T16:06:59","modified_gmt":"2025-05-07T19:06:59","slug":"gestores-do-grupo-aco-cearense-participam-de-treinamento-sobre-delegacao","status":"publish","type":"noticia","link":"https:\/\/previews.elleven.digital\/acocearense\/noticia\/gestores-do-grupo-aco-cearense-participam-de-treinamento-sobre-delegacao\/","title":{"rendered":"Gestores do Grupo A\u00e7o Cearense participam de treinamento sobre delega\u00e7\u00e3o"},"content":{"rendered":"<p>Como parte do Programa de Desenvolvimento de L\u00edderes do\u00a0Grupo A\u00e7o Cearense, na manh\u00e3 do dia 01\/11 foi realizado o treinamento Arte de Delegar no Audit\u00f3rio da ACC para os Vice-Presidentes, Diretores, Gerentes e Coordenadores com grande n\u00famero de colaboradores em suas equipes.<br \/>\nA capacita\u00e7\u00e3o foi ministrada pela coaching Mar\u00edlia Fiuza, que realizou exerc\u00edcios pr\u00e1ticos que auxiliam no desenvolvimento da habilidade de delegar. O treinamento foi ao encontro das a\u00e7\u00f5es mapeadas nos CDIs (Compromisso de Desenvolvimento Individual) e do SWOT do Planejamento Estrat\u00e9gico, tratando assuntos como a segmenta\u00e7\u00e3o de atribui\u00e7\u00f5es, dicas de como delegar, segmenta\u00e7\u00e3o dos liderados e monitoramento. \u201cA arte de delegar \u00e9 uma das 3 habilidades b\u00e1sicas para l\u00edderes, executivos e empres\u00e1rios que atuam em equipes\u201d, disse a facilitadora ao falar sobre a import\u00e2ncia do treinamento.<br \/>\nRom\u00e9rio Alencar, Gerente de Engenharia e Manuten\u00e7\u00e3o da A\u00e7o Cearense, comentou: \u201cFoi um momento bastante proveitoso em que aprendemos v\u00e1rios aspectos sobre a delega\u00e7\u00e3o e como ela nos possibilita ter mais sucesso nas atividades. Entendemos que compartilhar responsabilidades tamb\u00e9m \u00e9 uma oportunidade de desenvolver pessoas em nossas equipes, pois ningu\u00e9m consegue chegar longe estando sozinho, \u00e9 preciso ter uma equipe preparada para os desafios e focada nos resultados que precisamos alcan\u00e7ar\u201d.<br \/>\nMarcinei Cruz, Gerente de Altos Fornos da SINOBRAS, tamb\u00e9m falou sobre a capacita\u00e7\u00e3o: \u201cO trabalho da Mar\u00edlia Fiuza \u00e9 espetacular! Eu fiquei muito satisfeito com o treinamento, porque trouxe uma abordagem diferente e me ajudou a ter uma vis\u00e3o melhor de como eu delego as atividades na minha equipe. Eu s\u00f3 tenho a elogiar e dizer que foi bastante \u00fatil e enriquecedor para mim\u201d, disse ele.<br \/>\nCinthia Cavalcanti, Diretora de Desenvolvimento Organizacional e TI, disse: \u201cO treinamento permitiu o desafio de repensar sobre o modelo de gest\u00e3o de comando e controle e sobre a necessidade de exercermos a delega\u00e7\u00e3o. A Mar\u00edlia Fiuza nos fez refletir sobre dicas pr\u00e1ticas para o desenvolvimento dessas compet\u00eancias, bem como o papel da lideran\u00e7a na forma\u00e7\u00e3o de times de alta performance\u201d<\/p>\n","protected":false},"featured_media":1931,"template":"","meta":{"_acf_changed":false,"inline_featured_image":false},"categoria-noticia":[],"class_list":["post-1942","noticia","type-noticia","status-publish","has-post-thumbnail","hentry"],"acf":{"link":""},"yoast_head":"<!-- This site is optimized with the Yoast SEO plugin v25.9 - https:\/\/yoast.com\/wordpress\/plugins\/seo\/ -->\n<title>Gestores do Grupo A\u00e7o Cearense participam de treinamento sobre delega\u00e7\u00e3o - Grupo A\u00e7o Cearense<\/title>\n<meta name=\"robots\" content=\"index, follow, max-snippet:-1, max-image-preview:large, max-video-preview:-1\" \/>\n<link rel=\"canonical\" href=\"https:\/\/previews.elleven.digital\/acocearense\/noticia\/gestores-do-grupo-aco-cearense-participam-de-treinamento-sobre-delegacao\/\" \/>\n<meta property=\"og:locale\" content=\"pt_BR\" \/>\n<meta property=\"og:type\" content=\"article\" \/>\n<meta property=\"og:title\" content=\"Gestores do Grupo A\u00e7o Cearense participam de treinamento sobre delega\u00e7\u00e3o - Grupo A\u00e7o Cearense\" \/>\n<meta property=\"og:description\" content=\"Como parte do Programa de Desenvolvimento de L\u00edderes do\u00a0Grupo A\u00e7o Cearense, na manh\u00e3 do dia(...)\" \/>\n<meta property=\"og:url\" content=\"https:\/\/previews.elleven.digital\/acocearense\/noticia\/gestores-do-grupo-aco-cearense-participam-de-treinamento-sobre-delegacao\/\" \/>\n<meta property=\"og:site_name\" content=\"Grupo A\u00e7o Cearense\" \/>\n<meta property=\"article:modified_time\" content=\"2025-05-07T19:06:59+00:00\" \/>\n<meta property=\"og:image\" content=\"https:\/\/previews.elleven.digital\/acocearense\/wp-content\/uploads\/2025\/05\/unnamed-18.jpg\" \/>\n\t<meta property=\"og:image:width\" content=\"709\" \/>\n\t<meta property=\"og:image:height\" content=\"598\" \/>\n\t<meta property=\"og:image:type\" content=\"image\/jpeg\" \/>\n<meta name=\"twitter:card\" content=\"summary_large_image\" \/>\n<meta name=\"twitter:label1\" content=\"Est. tempo de leitura\" \/>\n\t<meta name=\"twitter:data1\" content=\"2 minutos\" \/>\n<script type=\"application\/ld+json\" class=\"yoast-schema-graph\">{\"@context\":\"https:\/\/schema.org\",\"@graph\":[{\"@type\":\"WebPage\",\"@id\":\"https:\/\/previews.elleven.digital\/acocearense\/noticia\/gestores-do-grupo-aco-cearense-participam-de-treinamento-sobre-delegacao\/\",\"url\":\"https:\/\/previews.elleven.digital\/acocearense\/noticia\/gestores-do-grupo-aco-cearense-participam-de-treinamento-sobre-delegacao\/\",\"name\":\"Gestores do Grupo A\u00e7o Cearense participam de treinamento sobre delega\u00e7\u00e3o - Grupo A\u00e7o Cearense\",\"isPartOf\":{\"@id\":\"https:\/\/previews.elleven.digital\/acocearense\/#website\"},\"primaryImageOfPage\":{\"@id\":\"https:\/\/previews.elleven.digital\/acocearense\/noticia\/gestores-do-grupo-aco-cearense-participam-de-treinamento-sobre-delegacao\/#primaryimage\"},\"image\":{\"@id\":\"https:\/\/previews.elleven.digital\/acocearense\/noticia\/gestores-do-grupo-aco-cearense-participam-de-treinamento-sobre-delegacao\/#primaryimage\"},\"thumbnailUrl\":\"https:\/\/previews.elleven.digital\/acocearense\/wp-content\/uploads\/2025\/05\/unnamed-18.jpg\",\"datePublished\":\"2019-11-06T19:06:25+00:00\",\"dateModified\":\"2025-05-07T19:06:59+00:00\",\"breadcrumb\":{\"@id\":\"https:\/\/previews.elleven.digital\/acocearense\/noticia\/gestores-do-grupo-aco-cearense-participam-de-treinamento-sobre-delegacao\/#breadcrumb\"},\"inLanguage\":\"pt-BR\",\"potentialAction\":[{\"@type\":\"ReadAction\",\"target\":[\"https:\/\/previews.elleven.digital\/acocearense\/noticia\/gestores-do-grupo-aco-cearense-participam-de-treinamento-sobre-delegacao\/\"]}]},{\"@type\":\"ImageObject\",\"inLanguage\":\"pt-BR\",\"@id\":\"https:\/\/previews.elleven.digital\/acocearense\/noticia\/gestores-do-grupo-aco-cearense-participam-de-treinamento-sobre-delegacao\/#primaryimage\",\"url\":\"https:\/\/previews.elleven.digital\/acocearense\/wp-content\/uploads\/2025\/05\/unnamed-18.jpg\",\"contentUrl\":\"https:\/\/previews.elleven.digital\/acocearense\/wp-content\/uploads\/2025\/05\/unnamed-18.jpg\",\"width\":709,\"height\":598},{\"@type\":\"BreadcrumbList\",\"@id\":\"https:\/\/previews.elleven.digital\/acocearense\/noticia\/gestores-do-grupo-aco-cearense-participam-de-treinamento-sobre-delegacao\/#breadcrumb\",\"itemListElement\":[{\"@type\":\"ListItem\",\"position\":1,\"name\":\"In\u00edcio\",\"item\":\"https:\/\/previews.elleven.digital\/acocearense\/\"},{\"@type\":\"ListItem\",\"position\":2,\"name\":\"Not\u00edcias\",\"item\":\"https:\/\/previews.elleven.digital\/acocearense\/noticias\/\"},{\"@type\":\"ListItem\",\"position\":3,\"name\":\"Gestores do Grupo A\u00e7o Cearense participam de treinamento sobre delega\u00e7\u00e3o\"}]},{\"@type\":\"WebSite\",\"@id\":\"https:\/\/previews.elleven.digital\/acocearense\/#website\",\"url\":\"https:\/\/previews.elleven.digital\/acocearense\/\",\"name\":\"A\u00e7o Cearense\",\"description\":\"H\u00e1 mais de 45 anos no mercado brasileiro do a\u00e7o.\",\"alternateName\":\"A\u00e7o Cearense\",\"potentialAction\":[{\"@type\":\"SearchAction\",\"target\":{\"@type\":\"EntryPoint\",\"urlTemplate\":\"https:\/\/previews.elleven.digital\/acocearense\/?s={search_term_string}\"},\"query-input\":{\"@type\":\"PropertyValueSpecification\",\"valueRequired\":true,\"valueName\":\"search_term_string\"}}],\"inLanguage\":\"pt-BR\"}]}<\/script>\n<!-- \/ Yoast SEO plugin. -->","yoast_head_json":{"title":"Gestores do Grupo A\u00e7o Cearense participam de treinamento sobre delega\u00e7\u00e3o - Grupo A\u00e7o Cearense","robots":{"index":"index","follow":"follow","max-snippet":"max-snippet:-1","max-image-preview":"max-image-preview:large","max-video-preview":"max-video-preview:-1"},"canonical":"https:\/\/previews.elleven.digital\/acocearense\/noticia\/gestores-do-grupo-aco-cearense-participam-de-treinamento-sobre-delegacao\/","og_locale":"pt_BR","og_type":"article","og_title":"Gestores do Grupo A\u00e7o Cearense participam de treinamento sobre delega\u00e7\u00e3o - Grupo A\u00e7o Cearense","og_description":"Como parte do Programa de Desenvolvimento de L\u00edderes do\u00a0Grupo A\u00e7o Cearense, na manh\u00e3 do dia(...)","og_url":"https:\/\/previews.elleven.digital\/acocearense\/noticia\/gestores-do-grupo-aco-cearense-participam-de-treinamento-sobre-delegacao\/","og_site_name":"Grupo A\u00e7o Cearense","article_modified_time":"2025-05-07T19:06:59+00:00","og_image":[{"width":709,"height":598,"url":"https:\/\/previews.elleven.digital\/acocearense\/wp-content\/uploads\/2025\/05\/unnamed-18.jpg","type":"image\/jpeg"}],"twitter_card":"summary_large_image","twitter_misc":{"Est. tempo de leitura":"2 minutos"},"schema":{"@context":"https:\/\/schema.org","@graph":[{"@type":"WebPage","@id":"https:\/\/previews.elleven.digital\/acocearense\/noticia\/gestores-do-grupo-aco-cearense-participam-de-treinamento-sobre-delegacao\/","url":"https:\/\/previews.elleven.digital\/acocearense\/noticia\/gestores-do-grupo-aco-cearense-participam-de-treinamento-sobre-delegacao\/","name":"Gestores do Grupo A\u00e7o Cearense participam de treinamento sobre delega\u00e7\u00e3o - Grupo A\u00e7o Cearense","isPartOf":{"@id":"https:\/\/previews.elleven.digital\/acocearense\/#website"},"primaryImageOfPage":{"@id":"https:\/\/previews.elleven.digital\/acocearense\/noticia\/gestores-do-grupo-aco-cearense-participam-de-treinamento-sobre-delegacao\/#primaryimage"},"image":{"@id":"https:\/\/previews.elleven.digital\/acocearense\/noticia\/gestores-do-grupo-aco-cearense-participam-de-treinamento-sobre-delegacao\/#primaryimage"},"thumbnailUrl":"https:\/\/previews.elleven.digital\/acocearense\/wp-content\/uploads\/2025\/05\/unnamed-18.jpg","datePublished":"2019-11-06T19:06:25+00:00","dateModified":"2025-05-07T19:06:59+00:00","breadcrumb":{"@id":"https:\/\/previews.elleven.digital\/acocearense\/noticia\/gestores-do-grupo-aco-cearense-participam-de-treinamento-sobre-delegacao\/#breadcrumb"},"inLanguage":"pt-BR","potentialAction":[{"@type":"ReadAction","target":["https:\/\/previews.elleven.digital\/acocearense\/noticia\/gestores-do-grupo-aco-cearense-participam-de-treinamento-sobre-delegacao\/"]}]},{"@type":"ImageObject","inLanguage":"pt-BR","@id":"https:\/\/previews.elleven.digital\/acocearense\/noticia\/gestores-do-grupo-aco-cearense-participam-de-treinamento-sobre-delegacao\/#primaryimage","url":"https:\/\/previews.elleven.digital\/acocearense\/wp-content\/uploads\/2025\/05\/unnamed-18.jpg","contentUrl":"https:\/\/previews.elleven.digital\/acocearense\/wp-content\/uploads\/2025\/05\/unnamed-18.jpg","width":709,"height":598},{"@type":"BreadcrumbList","@id":"https:\/\/previews.elleven.digital\/acocearense\/noticia\/gestores-do-grupo-aco-cearense-participam-de-treinamento-sobre-delegacao\/#breadcrumb","itemListElement":[{"@type":"ListItem","position":1,"name":"In\u00edcio","item":"https:\/\/previews.elleven.digital\/acocearense\/"},{"@type":"ListItem","position":2,"name":"Not\u00edcias","item":"https:\/\/previews.elleven.digital\/acocearense\/noticias\/"},{"@type":"ListItem","position":3,"name":"Gestores do Grupo A\u00e7o Cearense participam de treinamento sobre delega\u00e7\u00e3o"}]},{"@type":"WebSite","@id":"https:\/\/previews.elleven.digital\/acocearense\/#website","url":"https:\/\/previews.elleven.digital\/acocearense\/","name":"A\u00e7o Cearense","description":"H\u00e1 mais de 45 anos no mercado brasileiro do a\u00e7o.","alternateName":"A\u00e7o Cearense","potentialAction":[{"@type":"SearchAction","target":{"@type":"EntryPoint","urlTemplate":"https:\/\/previews.elleven.digital\/acocearense\/?s={search_term_string}"},"query-input":{"@type":"PropertyValueSpecification","valueRequired":true,"valueName":"search_term_string"}}],"inLanguage":"pt-BR"}]}},"_links":{"self":[{"href":"https:\/\/previews.elleven.digital\/acocearense\/wp-json\/wp\/v2\/noticia\/1942","targetHints":{"allow":["GET"]}}],"collection":[{"href":"https:\/\/previews.elleven.digital\/acocearense\/wp-json\/wp\/v2\/noticia"}],"about":[{"href":"https:\/\/previews.elleven.digital\/acocearense\/wp-json\/wp\/v2\/types\/noticia"}],"wp:featuredmedia":[{"embeddable":true,"href":"https:\/\/previews.elleven.digital\/acocearense\/wp-json\/wp\/v2\/media\/1931"}],"wp:attachment":[{"href":"https:\/\/previews.elleven.digital\/acocearense\/wp-json\/wp\/v2\/media?parent=1942"}],"wp:term":[{"taxonomy":"categoria-noticia","embeddable":true,"href":"https:\/\/previews.elleven.digital\/acocearense\/wp-json\/wp\/v2\/categoria-noticia?post=1942"}],"curies":[{"name":"wp","href":"https:\/\/api.w.org\/{rel}","templated":true}]}}