{"id":1941,"date":"2019-11-02T16:05:49","date_gmt":"2019-11-02T19:05:49","guid":{"rendered":"https:\/\/previews.elleven.digital\/acocearense\/?post_type=noticia&#038;p=1941"},"modified":"2025-05-07T16:06:12","modified_gmt":"2025-05-07T19:06:12","slug":"gestores-da-sinobras-apresentam-ao-prefeito-de-maraba-as-perspectivas-da-empresa-para-2020","status":"publish","type":"noticia","link":"https:\/\/previews.elleven.digital\/acocearense\/noticia\/gestores-da-sinobras-apresentam-ao-prefeito-de-maraba-as-perspectivas-da-empresa-para-2020\/","title":{"rendered":"Gestores da SINOBRAS apresentam ao prefeito de Marab\u00e1 as perspectivas da empresa para 2020"},"content":{"rendered":"<p>O Vice-Presidente de Opera\u00e7\u00f5es da SINOBRAS, Ian Corr\u00eaa, e o Diretor de Sustentabilidade da empresa, Clayton Labes, estiveram nessa semana com o prefeito de Marab\u00e1, Ti\u00e3o Miranda, e com Walmor Costa, Chefe de Gabinete, e Karam El Hajjar, Secret\u00e1rio de Planejamento. Na ocasi\u00e3o, foram apresentados os resultados da sider\u00fargica e as perspectivas para 2020. O Prefeito ficou satisfeito com o que viu e reconheceu o importante papel da empresa como empregadora e indutora do crescimento de Marab\u00e1.<\/p>\n","protected":false},"featured_media":1820,"template":"","meta":{"_acf_changed":false,"inline_featured_image":false},"categoria-noticia":[],"class_list":["post-1941","noticia","type-noticia","status-publish","has-post-thumbnail","hentry"],"acf":{"link":""},"yoast_head":"<!-- This site is optimized with the Yoast SEO plugin v25.9 - https:\/\/yoast.com\/wordpress\/plugins\/seo\/ -->\n<title>Gestores da SINOBRAS apresentam ao prefeito de Marab\u00e1 as perspectivas da empresa para 2020 - Grupo A\u00e7o Cearense<\/title>\n<meta name=\"robots\" content=\"index, follow, max-snippet:-1, max-image-preview:large, max-video-preview:-1\" \/>\n<link rel=\"canonical\" href=\"https:\/\/previews.elleven.digital\/acocearense\/noticia\/gestores-da-sinobras-apresentam-ao-prefeito-de-maraba-as-perspectivas-da-empresa-para-2020\/\" \/>\n<meta property=\"og:locale\" content=\"pt_BR\" \/>\n<meta property=\"og:type\" content=\"article\" \/>\n<meta property=\"og:title\" content=\"Gestores da SINOBRAS apresentam ao prefeito de Marab\u00e1 as perspectivas da empresa para 2020 - Grupo A\u00e7o Cearense\" \/>\n<meta property=\"og:description\" content=\"O Vice-Presidente de Opera\u00e7\u00f5es da SINOBRAS, Ian Corr\u00eaa, e o Diretor de Sustentabilidade da empresa,(...)\" \/>\n<meta property=\"og:url\" content=\"https:\/\/previews.elleven.digital\/acocearense\/noticia\/gestores-da-sinobras-apresentam-ao-prefeito-de-maraba-as-perspectivas-da-empresa-para-2020\/\" \/>\n<meta property=\"og:site_name\" content=\"Grupo A\u00e7o Cearense\" \/>\n<meta property=\"article:modified_time\" content=\"2025-05-07T19:06:12+00:00\" \/>\n<meta property=\"og:image\" content=\"https:\/\/previews.elleven.digital\/acocearense\/wp-content\/uploads\/2025\/05\/gac-1.png\" \/>\n\t<meta property=\"og:image:width\" content=\"383\" \/>\n\t<meta property=\"og:image:height\" content=\"266\" \/>\n\t<meta property=\"og:image:type\" content=\"image\/png\" \/>\n<meta name=\"twitter:card\" content=\"summary_large_image\" \/>\n<meta name=\"twitter:label1\" content=\"Est. tempo de leitura\" \/>\n\t<meta name=\"twitter:data1\" content=\"1 minuto\" \/>\n<script type=\"application\/ld+json\" class=\"yoast-schema-graph\">{\"@context\":\"https:\/\/schema.org\",\"@graph\":[{\"@type\":\"WebPage\",\"@id\":\"https:\/\/previews.elleven.digital\/acocearense\/noticia\/gestores-da-sinobras-apresentam-ao-prefeito-de-maraba-as-perspectivas-da-empresa-para-2020\/\",\"url\":\"https:\/\/previews.elleven.digital\/acocearense\/noticia\/gestores-da-sinobras-apresentam-ao-prefeito-de-maraba-as-perspectivas-da-empresa-para-2020\/\",\"name\":\"Gestores da SINOBRAS apresentam ao prefeito de Marab\u00e1 as perspectivas da empresa para 2020 - Grupo A\u00e7o Cearense\",\"isPartOf\":{\"@id\":\"https:\/\/previews.elleven.digital\/acocearense\/#website\"},\"primaryImageOfPage\":{\"@id\":\"https:\/\/previews.elleven.digital\/acocearense\/noticia\/gestores-da-sinobras-apresentam-ao-prefeito-de-maraba-as-perspectivas-da-empresa-para-2020\/#primaryimage\"},\"image\":{\"@id\":\"https:\/\/previews.elleven.digital\/acocearense\/noticia\/gestores-da-sinobras-apresentam-ao-prefeito-de-maraba-as-perspectivas-da-empresa-para-2020\/#primaryimage\"},\"thumbnailUrl\":\"https:\/\/previews.elleven.digital\/acocearense\/wp-content\/uploads\/2025\/05\/gac-1.png\",\"datePublished\":\"2019-11-02T19:05:49+00:00\",\"dateModified\":\"2025-05-07T19:06:12+00:00\",\"breadcrumb\":{\"@id\":\"https:\/\/previews.elleven.digital\/acocearense\/noticia\/gestores-da-sinobras-apresentam-ao-prefeito-de-maraba-as-perspectivas-da-empresa-para-2020\/#breadcrumb\"},\"inLanguage\":\"pt-BR\",\"potentialAction\":[{\"@type\":\"ReadAction\",\"target\":[\"https:\/\/previews.elleven.digital\/acocearense\/noticia\/gestores-da-sinobras-apresentam-ao-prefeito-de-maraba-as-perspectivas-da-empresa-para-2020\/\"]}]},{\"@type\":\"ImageObject\",\"inLanguage\":\"pt-BR\",\"@id\":\"https:\/\/previews.elleven.digital\/acocearense\/noticia\/gestores-da-sinobras-apresentam-ao-prefeito-de-maraba-as-perspectivas-da-empresa-para-2020\/#primaryimage\",\"url\":\"https:\/\/previews.elleven.digital\/acocearense\/wp-content\/uploads\/2025\/05\/gac-1.png\",\"contentUrl\":\"https:\/\/previews.elleven.digital\/acocearense\/wp-content\/uploads\/2025\/05\/gac-1.png\",\"width\":383,\"height\":266},{\"@type\":\"BreadcrumbList\",\"@id\":\"https:\/\/previews.elleven.digital\/acocearense\/noticia\/gestores-da-sinobras-apresentam-ao-prefeito-de-maraba-as-perspectivas-da-empresa-para-2020\/#breadcrumb\",\"itemListElement\":[{\"@type\":\"ListItem\",\"position\":1,\"name\":\"In\u00edcio\",\"item\":\"https:\/\/previews.elleven.digital\/acocearense\/\"},{\"@type\":\"ListItem\",\"position\":2,\"name\":\"Not\u00edcias\",\"item\":\"https:\/\/previews.elleven.digital\/acocearense\/noticias\/\"},{\"@type\":\"ListItem\",\"position\":3,\"name\":\"Gestores da SINOBRAS apresentam ao prefeito de Marab\u00e1 as perspectivas da empresa para 2020\"}]},{\"@type\":\"WebSite\",\"@id\":\"https:\/\/previews.elleven.digital\/acocearense\/#website\",\"url\":\"https:\/\/previews.elleven.digital\/acocearense\/\",\"name\":\"A\u00e7o Cearense\",\"description\":\"H\u00e1 mais de 45 anos no mercado brasileiro do a\u00e7o.\",\"alternateName\":\"A\u00e7o Cearense\",\"potentialAction\":[{\"@type\":\"SearchAction\",\"target\":{\"@type\":\"EntryPoint\",\"urlTemplate\":\"https:\/\/previews.elleven.digital\/acocearense\/?s={search_term_string}\"},\"query-input\":{\"@type\":\"PropertyValueSpecification\",\"valueRequired\":true,\"valueName\":\"search_term_string\"}}],\"inLanguage\":\"pt-BR\"}]}<\/script>\n<!-- \/ Yoast SEO plugin. -->","yoast_head_json":{"title":"Gestores da SINOBRAS apresentam ao prefeito de Marab\u00e1 as perspectivas da empresa para 2020 - Grupo A\u00e7o Cearense","robots":{"index":"index","follow":"follow","max-snippet":"max-snippet:-1","max-image-preview":"max-image-preview:large","max-video-preview":"max-video-preview:-1"},"canonical":"https:\/\/previews.elleven.digital\/acocearense\/noticia\/gestores-da-sinobras-apresentam-ao-prefeito-de-maraba-as-perspectivas-da-empresa-para-2020\/","og_locale":"pt_BR","og_type":"article","og_title":"Gestores da SINOBRAS apresentam ao prefeito de Marab\u00e1 as perspectivas da empresa para 2020 - Grupo A\u00e7o Cearense","og_description":"O Vice-Presidente de Opera\u00e7\u00f5es da SINOBRAS, Ian Corr\u00eaa, e o Diretor de Sustentabilidade da empresa,(...)","og_url":"https:\/\/previews.elleven.digital\/acocearense\/noticia\/gestores-da-sinobras-apresentam-ao-prefeito-de-maraba-as-perspectivas-da-empresa-para-2020\/","og_site_name":"Grupo A\u00e7o Cearense","article_modified_time":"2025-05-07T19:06:12+00:00","og_image":[{"width":383,"height":266,"url":"https:\/\/previews.elleven.digital\/acocearense\/wp-content\/uploads\/2025\/05\/gac-1.png","type":"image\/png"}],"twitter_card":"summary_large_image","twitter_misc":{"Est. tempo de leitura":"1 minuto"},"schema":{"@context":"https:\/\/schema.org","@graph":[{"@type":"WebPage","@id":"https:\/\/previews.elleven.digital\/acocearense\/noticia\/gestores-da-sinobras-apresentam-ao-prefeito-de-maraba-as-perspectivas-da-empresa-para-2020\/","url":"https:\/\/previews.elleven.digital\/acocearense\/noticia\/gestores-da-sinobras-apresentam-ao-prefeito-de-maraba-as-perspectivas-da-empresa-para-2020\/","name":"Gestores da SINOBRAS apresentam ao prefeito de Marab\u00e1 as perspectivas da empresa para 2020 - Grupo A\u00e7o Cearense","isPartOf":{"@id":"https:\/\/previews.elleven.digital\/acocearense\/#website"},"primaryImageOfPage":{"@id":"https:\/\/previews.elleven.digital\/acocearense\/noticia\/gestores-da-sinobras-apresentam-ao-prefeito-de-maraba-as-perspectivas-da-empresa-para-2020\/#primaryimage"},"image":{"@id":"https:\/\/previews.elleven.digital\/acocearense\/noticia\/gestores-da-sinobras-apresentam-ao-prefeito-de-maraba-as-perspectivas-da-empresa-para-2020\/#primaryimage"},"thumbnailUrl":"https:\/\/previews.elleven.digital\/acocearense\/wp-content\/uploads\/2025\/05\/gac-1.png","datePublished":"2019-11-02T19:05:49+00:00","dateModified":"2025-05-07T19:06:12+00:00","breadcrumb":{"@id":"https:\/\/previews.elleven.digital\/acocearense\/noticia\/gestores-da-sinobras-apresentam-ao-prefeito-de-maraba-as-perspectivas-da-empresa-para-2020\/#breadcrumb"},"inLanguage":"pt-BR","potentialAction":[{"@type":"ReadAction","target":["https:\/\/previews.elleven.digital\/acocearense\/noticia\/gestores-da-sinobras-apresentam-ao-prefeito-de-maraba-as-perspectivas-da-empresa-para-2020\/"]}]},{"@type":"ImageObject","inLanguage":"pt-BR","@id":"https:\/\/previews.elleven.digital\/acocearense\/noticia\/gestores-da-sinobras-apresentam-ao-prefeito-de-maraba-as-perspectivas-da-empresa-para-2020\/#primaryimage","url":"https:\/\/previews.elleven.digital\/acocearense\/wp-content\/uploads\/2025\/05\/gac-1.png","contentUrl":"https:\/\/previews.elleven.digital\/acocearense\/wp-content\/uploads\/2025\/05\/gac-1.png","width":383,"height":266},{"@type":"BreadcrumbList","@id":"https:\/\/previews.elleven.digital\/acocearense\/noticia\/gestores-da-sinobras-apresentam-ao-prefeito-de-maraba-as-perspectivas-da-empresa-para-2020\/#breadcrumb","itemListElement":[{"@type":"ListItem","position":1,"name":"In\u00edcio","item":"https:\/\/previews.elleven.digital\/acocearense\/"},{"@type":"ListItem","position":2,"name":"Not\u00edcias","item":"https:\/\/previews.elleven.digital\/acocearense\/noticias\/"},{"@type":"ListItem","position":3,"name":"Gestores da SINOBRAS apresentam ao prefeito de Marab\u00e1 as perspectivas da empresa para 2020"}]},{"@type":"WebSite","@id":"https:\/\/previews.elleven.digital\/acocearense\/#website","url":"https:\/\/previews.elleven.digital\/acocearense\/","name":"A\u00e7o Cearense","description":"H\u00e1 mais de 45 anos no mercado brasileiro do a\u00e7o.","alternateName":"A\u00e7o Cearense","potentialAction":[{"@type":"SearchAction","target":{"@type":"EntryPoint","urlTemplate":"https:\/\/previews.elleven.digital\/acocearense\/?s={search_term_string}"},"query-input":{"@type":"PropertyValueSpecification","valueRequired":true,"valueName":"search_term_string"}}],"inLanguage":"pt-BR"}]}},"_links":{"self":[{"href":"https:\/\/previews.elleven.digital\/acocearense\/wp-json\/wp\/v2\/noticia\/1941","targetHints":{"allow":["GET"]}}],"collection":[{"href":"https:\/\/previews.elleven.digital\/acocearense\/wp-json\/wp\/v2\/noticia"}],"about":[{"href":"https:\/\/previews.elleven.digital\/acocearense\/wp-json\/wp\/v2\/types\/noticia"}],"wp:featuredmedia":[{"embeddable":true,"href":"https:\/\/previews.elleven.digital\/acocearense\/wp-json\/wp\/v2\/media\/1820"}],"wp:attachment":[{"href":"https:\/\/previews.elleven.digital\/acocearense\/wp-json\/wp\/v2\/media?parent=1941"}],"wp:term":[{"taxonomy":"categoria-noticia","embeddable":true,"href":"https:\/\/previews.elleven.digital\/acocearense\/wp-json\/wp\/v2\/categoria-noticia?post=1941"}],"curies":[{"name":"wp","href":"https:\/\/api.w.org\/{rel}","templated":true}]}}