{"id":1940,"date":"2019-11-01T16:05:02","date_gmt":"2019-11-01T19:05:02","guid":{"rendered":"https:\/\/previews.elleven.digital\/acocearense\/?post_type=noticia&#038;p=1940"},"modified":"2025-05-07T16:05:44","modified_gmt":"2025-05-07T19:05:44","slug":"grupo-aco-cearense-recebe-estudantes-em-suas-empresas","status":"publish","type":"noticia","link":"https:\/\/previews.elleven.digital\/acocearense\/noticia\/grupo-aco-cearense-recebe-estudantes-em-suas-empresas\/","title":{"rendered":"Grupo A\u00e7o Cearense recebe estudantes em suas empresas"},"content":{"rendered":"<p>O Grupo A\u00e7o Cearense recebeu duas visitas em suas empresas na manh\u00e3 dos dias 26 e 27 de Setembro. O objetivo foi proporcionar aos estudantes uma vis\u00e3o t\u00e9cnica das suas futuras profiss\u00f5es.<br \/>\nNo dia 26, representantes das \u00e1reas de RH e SESMT apresentaram a A\u00e7o Cearense Industrial para 9 estudantes do curso de RH \u2013 Seguran\u00e7a e Sa\u00fade do Trabalhador, do Centro Universit\u00e1rio \u2013 Unifametro. J\u00e1 no dia 27, Ronaldo Brito (T\u00e9cnico de Meio Ambiente) recebeu na SINOBRAS 20 alunos do curso T\u00e9cnico em Eletromec\u00e2nica, da Escola T\u00e9cnica Vale dos Caraj\u00e1s.<br \/>\nIsaac Oliveira, estudante do curso de Recursos Humanos \u2013 Unifametro, falou que a visita foi uma experi\u00eancia \u00fanica. \u201cFoi uma satisfa\u00e7\u00e3o poder passar essa manh\u00e3 na A\u00e7o Cearense Industrial. Obrigado a todos os profissionais envolvidos por nos proporcionarem esse momento enriquecedor\u201d.<br \/>\n<img loading=\"lazy\" decoding=\"async\" class=\"alignright size-medium wp-image-6258\" src=\"https:\/\/grupoacocearense.com.br\/wp-content\/uploads\/2019\/11\/estudantes-visitam-empresas-1-300x212.jpg\" sizes=\"auto, (max-width: 300px) 100vw, 300px\" srcset=\"https:\/\/previews.elleven.digital\/acocearense\/wp-content\/uploads\/2019\/11\/estudantes-visitam-empresas-1-300x212.jpg 300w, https:\/\/previews.elleven.digital\/acocearense\/wp-content\/uploads\/2019\/11\/estudantes-visitam-empresas-1-768x542.jpg 768w, https:\/\/previews.elleven.digital\/acocearense\/wp-content\/uploads\/2019\/11\/estudantes-visitam-empresas-1.jpg 1024w\" alt=\"estudantes \" width=\"300\" height=\"212\" \/>A professora do curso T\u00e9cnico em Eletromec\u00e2nica da Escola T\u00e9cnica Vale dos Caraj\u00e1s, Stephannye Lemos, explicou a import\u00e2ncia da experi\u00eancia para os alunos: \u201cEstamos trabalhando a mat\u00e9ria de tecnologia dos materiais, na qual abordamos sobre siderurgia. Essa visita proporcionou aos alunos uma vis\u00e3o pr\u00e1tica da mat\u00e9ria. Eles conheceram todo o processo de produ\u00e7\u00e3o do a\u00e7o, do in\u00edcio ao fim, o que vai contribuir muito para a forma\u00e7\u00e3o acad\u00eamica deles\u201d.<\/p>\n","protected":false},"featured_media":1933,"template":"","meta":{"_acf_changed":false,"inline_featured_image":false},"categoria-noticia":[],"class_list":["post-1940","noticia","type-noticia","status-publish","has-post-thumbnail","hentry"],"acf":{"link":""},"yoast_head":"<!-- This site is optimized with the Yoast SEO plugin v25.9 - https:\/\/yoast.com\/wordpress\/plugins\/seo\/ -->\n<title>Grupo A\u00e7o Cearense recebe estudantes em suas empresas - Grupo A\u00e7o Cearense<\/title>\n<meta name=\"robots\" content=\"index, follow, max-snippet:-1, max-image-preview:large, max-video-preview:-1\" \/>\n<link rel=\"canonical\" href=\"https:\/\/previews.elleven.digital\/acocearense\/noticia\/grupo-aco-cearense-recebe-estudantes-em-suas-empresas\/\" \/>\n<meta property=\"og:locale\" content=\"pt_BR\" \/>\n<meta property=\"og:type\" content=\"article\" \/>\n<meta property=\"og:title\" content=\"Grupo A\u00e7o Cearense recebe estudantes em suas empresas - Grupo A\u00e7o Cearense\" \/>\n<meta property=\"og:description\" content=\"O Grupo A\u00e7o Cearense recebeu duas visitas em suas empresas na manh\u00e3 dos dias 26(...)\" \/>\n<meta property=\"og:url\" content=\"https:\/\/previews.elleven.digital\/acocearense\/noticia\/grupo-aco-cearense-recebe-estudantes-em-suas-empresas\/\" \/>\n<meta property=\"og:site_name\" content=\"Grupo A\u00e7o Cearense\" \/>\n<meta property=\"article:modified_time\" content=\"2025-05-07T19:05:44+00:00\" \/>\n<meta property=\"og:image\" content=\"https:\/\/previews.elleven.digital\/acocearense\/wp-content\/uploads\/2025\/05\/visita-as-empresas-grupo-1-300x225-1.jpg\" \/>\n\t<meta property=\"og:image:width\" content=\"300\" \/>\n\t<meta property=\"og:image:height\" content=\"225\" \/>\n\t<meta property=\"og:image:type\" content=\"image\/jpeg\" \/>\n<meta name=\"twitter:card\" content=\"summary_large_image\" \/>\n<meta name=\"twitter:label1\" content=\"Est. tempo de leitura\" \/>\n\t<meta name=\"twitter:data1\" content=\"2 minutos\" \/>\n<script type=\"application\/ld+json\" class=\"yoast-schema-graph\">{\"@context\":\"https:\/\/schema.org\",\"@graph\":[{\"@type\":\"WebPage\",\"@id\":\"https:\/\/previews.elleven.digital\/acocearense\/noticia\/grupo-aco-cearense-recebe-estudantes-em-suas-empresas\/\",\"url\":\"https:\/\/previews.elleven.digital\/acocearense\/noticia\/grupo-aco-cearense-recebe-estudantes-em-suas-empresas\/\",\"name\":\"Grupo A\u00e7o Cearense recebe estudantes em suas empresas - Grupo A\u00e7o Cearense\",\"isPartOf\":{\"@id\":\"https:\/\/previews.elleven.digital\/acocearense\/#website\"},\"primaryImageOfPage\":{\"@id\":\"https:\/\/previews.elleven.digital\/acocearense\/noticia\/grupo-aco-cearense-recebe-estudantes-em-suas-empresas\/#primaryimage\"},\"image\":{\"@id\":\"https:\/\/previews.elleven.digital\/acocearense\/noticia\/grupo-aco-cearense-recebe-estudantes-em-suas-empresas\/#primaryimage\"},\"thumbnailUrl\":\"https:\/\/previews.elleven.digital\/acocearense\/wp-content\/uploads\/2025\/05\/visita-as-empresas-grupo-1-300x225-1.jpg\",\"datePublished\":\"2019-11-01T19:05:02+00:00\",\"dateModified\":\"2025-05-07T19:05:44+00:00\",\"breadcrumb\":{\"@id\":\"https:\/\/previews.elleven.digital\/acocearense\/noticia\/grupo-aco-cearense-recebe-estudantes-em-suas-empresas\/#breadcrumb\"},\"inLanguage\":\"pt-BR\",\"potentialAction\":[{\"@type\":\"ReadAction\",\"target\":[\"https:\/\/previews.elleven.digital\/acocearense\/noticia\/grupo-aco-cearense-recebe-estudantes-em-suas-empresas\/\"]}]},{\"@type\":\"ImageObject\",\"inLanguage\":\"pt-BR\",\"@id\":\"https:\/\/previews.elleven.digital\/acocearense\/noticia\/grupo-aco-cearense-recebe-estudantes-em-suas-empresas\/#primaryimage\",\"url\":\"https:\/\/previews.elleven.digital\/acocearense\/wp-content\/uploads\/2025\/05\/visita-as-empresas-grupo-1-300x225-1.jpg\",\"contentUrl\":\"https:\/\/previews.elleven.digital\/acocearense\/wp-content\/uploads\/2025\/05\/visita-as-empresas-grupo-1-300x225-1.jpg\",\"width\":300,\"height\":225},{\"@type\":\"BreadcrumbList\",\"@id\":\"https:\/\/previews.elleven.digital\/acocearense\/noticia\/grupo-aco-cearense-recebe-estudantes-em-suas-empresas\/#breadcrumb\",\"itemListElement\":[{\"@type\":\"ListItem\",\"position\":1,\"name\":\"In\u00edcio\",\"item\":\"https:\/\/previews.elleven.digital\/acocearense\/\"},{\"@type\":\"ListItem\",\"position\":2,\"name\":\"Not\u00edcias\",\"item\":\"https:\/\/previews.elleven.digital\/acocearense\/noticias\/\"},{\"@type\":\"ListItem\",\"position\":3,\"name\":\"Grupo A\u00e7o Cearense recebe estudantes em suas empresas\"}]},{\"@type\":\"WebSite\",\"@id\":\"https:\/\/previews.elleven.digital\/acocearense\/#website\",\"url\":\"https:\/\/previews.elleven.digital\/acocearense\/\",\"name\":\"A\u00e7o Cearense\",\"description\":\"H\u00e1 mais de 45 anos no mercado brasileiro do a\u00e7o.\",\"alternateName\":\"A\u00e7o Cearense\",\"potentialAction\":[{\"@type\":\"SearchAction\",\"target\":{\"@type\":\"EntryPoint\",\"urlTemplate\":\"https:\/\/previews.elleven.digital\/acocearense\/?s={search_term_string}\"},\"query-input\":{\"@type\":\"PropertyValueSpecification\",\"valueRequired\":true,\"valueName\":\"search_term_string\"}}],\"inLanguage\":\"pt-BR\"}]}<\/script>\n<!-- \/ Yoast SEO plugin. -->","yoast_head_json":{"title":"Grupo A\u00e7o Cearense recebe estudantes em suas empresas - Grupo A\u00e7o Cearense","robots":{"index":"index","follow":"follow","max-snippet":"max-snippet:-1","max-image-preview":"max-image-preview:large","max-video-preview":"max-video-preview:-1"},"canonical":"https:\/\/previews.elleven.digital\/acocearense\/noticia\/grupo-aco-cearense-recebe-estudantes-em-suas-empresas\/","og_locale":"pt_BR","og_type":"article","og_title":"Grupo A\u00e7o Cearense recebe estudantes em suas empresas - Grupo A\u00e7o Cearense","og_description":"O Grupo A\u00e7o Cearense recebeu duas visitas em suas empresas na manh\u00e3 dos dias 26(...)","og_url":"https:\/\/previews.elleven.digital\/acocearense\/noticia\/grupo-aco-cearense-recebe-estudantes-em-suas-empresas\/","og_site_name":"Grupo A\u00e7o Cearense","article_modified_time":"2025-05-07T19:05:44+00:00","og_image":[{"width":300,"height":225,"url":"https:\/\/previews.elleven.digital\/acocearense\/wp-content\/uploads\/2025\/05\/visita-as-empresas-grupo-1-300x225-1.jpg","type":"image\/jpeg"}],"twitter_card":"summary_large_image","twitter_misc":{"Est. tempo de leitura":"2 minutos"},"schema":{"@context":"https:\/\/schema.org","@graph":[{"@type":"WebPage","@id":"https:\/\/previews.elleven.digital\/acocearense\/noticia\/grupo-aco-cearense-recebe-estudantes-em-suas-empresas\/","url":"https:\/\/previews.elleven.digital\/acocearense\/noticia\/grupo-aco-cearense-recebe-estudantes-em-suas-empresas\/","name":"Grupo A\u00e7o Cearense recebe estudantes em suas empresas - Grupo A\u00e7o Cearense","isPartOf":{"@id":"https:\/\/previews.elleven.digital\/acocearense\/#website"},"primaryImageOfPage":{"@id":"https:\/\/previews.elleven.digital\/acocearense\/noticia\/grupo-aco-cearense-recebe-estudantes-em-suas-empresas\/#primaryimage"},"image":{"@id":"https:\/\/previews.elleven.digital\/acocearense\/noticia\/grupo-aco-cearense-recebe-estudantes-em-suas-empresas\/#primaryimage"},"thumbnailUrl":"https:\/\/previews.elleven.digital\/acocearense\/wp-content\/uploads\/2025\/05\/visita-as-empresas-grupo-1-300x225-1.jpg","datePublished":"2019-11-01T19:05:02+00:00","dateModified":"2025-05-07T19:05:44+00:00","breadcrumb":{"@id":"https:\/\/previews.elleven.digital\/acocearense\/noticia\/grupo-aco-cearense-recebe-estudantes-em-suas-empresas\/#breadcrumb"},"inLanguage":"pt-BR","potentialAction":[{"@type":"ReadAction","target":["https:\/\/previews.elleven.digital\/acocearense\/noticia\/grupo-aco-cearense-recebe-estudantes-em-suas-empresas\/"]}]},{"@type":"ImageObject","inLanguage":"pt-BR","@id":"https:\/\/previews.elleven.digital\/acocearense\/noticia\/grupo-aco-cearense-recebe-estudantes-em-suas-empresas\/#primaryimage","url":"https:\/\/previews.elleven.digital\/acocearense\/wp-content\/uploads\/2025\/05\/visita-as-empresas-grupo-1-300x225-1.jpg","contentUrl":"https:\/\/previews.elleven.digital\/acocearense\/wp-content\/uploads\/2025\/05\/visita-as-empresas-grupo-1-300x225-1.jpg","width":300,"height":225},{"@type":"BreadcrumbList","@id":"https:\/\/previews.elleven.digital\/acocearense\/noticia\/grupo-aco-cearense-recebe-estudantes-em-suas-empresas\/#breadcrumb","itemListElement":[{"@type":"ListItem","position":1,"name":"In\u00edcio","item":"https:\/\/previews.elleven.digital\/acocearense\/"},{"@type":"ListItem","position":2,"name":"Not\u00edcias","item":"https:\/\/previews.elleven.digital\/acocearense\/noticias\/"},{"@type":"ListItem","position":3,"name":"Grupo A\u00e7o Cearense recebe estudantes em suas empresas"}]},{"@type":"WebSite","@id":"https:\/\/previews.elleven.digital\/acocearense\/#website","url":"https:\/\/previews.elleven.digital\/acocearense\/","name":"A\u00e7o Cearense","description":"H\u00e1 mais de 45 anos no mercado brasileiro do a\u00e7o.","alternateName":"A\u00e7o Cearense","potentialAction":[{"@type":"SearchAction","target":{"@type":"EntryPoint","urlTemplate":"https:\/\/previews.elleven.digital\/acocearense\/?s={search_term_string}"},"query-input":{"@type":"PropertyValueSpecification","valueRequired":true,"valueName":"search_term_string"}}],"inLanguage":"pt-BR"}]}},"_links":{"self":[{"href":"https:\/\/previews.elleven.digital\/acocearense\/wp-json\/wp\/v2\/noticia\/1940","targetHints":{"allow":["GET"]}}],"collection":[{"href":"https:\/\/previews.elleven.digital\/acocearense\/wp-json\/wp\/v2\/noticia"}],"about":[{"href":"https:\/\/previews.elleven.digital\/acocearense\/wp-json\/wp\/v2\/types\/noticia"}],"wp:featuredmedia":[{"embeddable":true,"href":"https:\/\/previews.elleven.digital\/acocearense\/wp-json\/wp\/v2\/media\/1933"}],"wp:attachment":[{"href":"https:\/\/previews.elleven.digital\/acocearense\/wp-json\/wp\/v2\/media?parent=1940"}],"wp:term":[{"taxonomy":"categoria-noticia","embeddable":true,"href":"https:\/\/previews.elleven.digital\/acocearense\/wp-json\/wp\/v2\/categoria-noticia?post=1940"}],"curies":[{"name":"wp","href":"https:\/\/api.w.org\/{rel}","templated":true}]}}