{"id":1939,"date":"2019-11-01T16:04:14","date_gmt":"2019-11-01T19:04:14","guid":{"rendered":"https:\/\/previews.elleven.digital\/acocearense\/?post_type=noticia&#038;p=1939"},"modified":"2025-05-07T16:04:51","modified_gmt":"2025-05-07T19:04:51","slug":"workshop-seja-um-lider-de-herois-reune-gestores-de-diversas-empresas-em-fortaleza","status":"publish","type":"noticia","link":"https:\/\/previews.elleven.digital\/acocearense\/noticia\/workshop-seja-um-lider-de-herois-reune-gestores-de-diversas-empresas-em-fortaleza\/","title":{"rendered":"Workshop \u201cSeja um L\u00edder de Her\u00f3is\u201d re\u00fane gestores de diversas empresas em Fortaleza"},"content":{"rendered":"<p>A Vox L\u00edderes, com o apoio do Grupo A\u00e7o Cearense, promoveu o Workshop \u201cSeja um L\u00edder de Her\u00f3is\u201d \u2013 Como criar uma equipe de her\u00f3is imbat\u00edveis, que foi realizado no dia 25\/09. O evento trouxe o escritor Leandro Moreira como palestrante principal.<br \/>\nO conte\u00fado do evento girou em torno da lideran\u00e7a exercida com os colaboradores, como entusiasm\u00e1-los e encant\u00e1-los. \u00a0Al\u00e9m do escritor Leandro, o evento contou tamb\u00e9m com palestras de Aline Ferreira, Vice-Presidente do Grupo A\u00e7o Cearense; Marcelo Pimentel, S\u00f3cio Propriet\u00e1rio da rede Barneys, Butchers e Ollies; Raduan Melo, S\u00f3cio da PWR Gest\u00e3o; e Newton Guimar\u00e3es J\u00fanior, S\u00f3cio Diretor da Vox L\u00edderes educa\u00e7\u00e3o executiva e Gerente de Mercados Especiais do Grupo A\u00e7o Cearense.<br \/>\nMais de 100 colaboradores da A\u00e7o Cearense Comercial e A\u00e7o Cearense Industrial participaram do Workshop. \u201cFoi fant\u00e1stico! Um momento de grande aprendizado, com as experi\u00eancias compartilhadas de lideran\u00e7a, vis\u00e3o empreendedora, engajamento e uma nova abordagem sobre prop\u00f3sito. Agrade\u00e7o a oportunidade de poder participar desse grande evento\u201d, disse Erike Mendes, Gerente de Log\u00edstica da A\u00e7o Cearense.<\/p>\n","protected":false},"featured_media":1935,"template":"","meta":{"_acf_changed":false,"inline_featured_image":false},"categoria-noticia":[],"class_list":["post-1939","noticia","type-noticia","status-publish","has-post-thumbnail","hentry"],"acf":{"link":""},"yoast_head":"<!-- This site is optimized with the Yoast SEO plugin v25.9 - https:\/\/yoast.com\/wordpress\/plugins\/seo\/ -->\n<title>Workshop \u201cSeja um L\u00edder de Her\u00f3is\u201d re\u00fane gestores de diversas empresas em Fortaleza - Grupo A\u00e7o Cearense<\/title>\n<meta name=\"robots\" content=\"index, follow, max-snippet:-1, max-image-preview:large, max-video-preview:-1\" \/>\n<link rel=\"canonical\" href=\"https:\/\/previews.elleven.digital\/acocearense\/noticia\/workshop-seja-um-lider-de-herois-reune-gestores-de-diversas-empresas-em-fortaleza\/\" \/>\n<meta property=\"og:locale\" content=\"pt_BR\" \/>\n<meta property=\"og:type\" content=\"article\" \/>\n<meta property=\"og:title\" content=\"Workshop \u201cSeja um L\u00edder de Her\u00f3is\u201d re\u00fane gestores de diversas empresas em Fortaleza - Grupo A\u00e7o Cearense\" \/>\n<meta property=\"og:description\" content=\"A Vox L\u00edderes, com o apoio do Grupo A\u00e7o Cearense, promoveu o Workshop \u201cSeja um(...)\" \/>\n<meta property=\"og:url\" content=\"https:\/\/previews.elleven.digital\/acocearense\/noticia\/workshop-seja-um-lider-de-herois-reune-gestores-de-diversas-empresas-em-fortaleza\/\" \/>\n<meta property=\"og:site_name\" content=\"Grupo A\u00e7o Cearense\" \/>\n<meta property=\"article:modified_time\" content=\"2025-05-07T19:04:51+00:00\" \/>\n<meta property=\"og:image\" content=\"https:\/\/previews.elleven.digital\/acocearense\/wp-content\/uploads\/2025\/05\/workshop-seja-um-lider.jpg\" \/>\n\t<meta property=\"og:image:width\" content=\"1024\" \/>\n\t<meta property=\"og:image:height\" content=\"724\" \/>\n\t<meta property=\"og:image:type\" content=\"image\/jpeg\" \/>\n<meta name=\"twitter:card\" content=\"summary_large_image\" \/>\n<meta name=\"twitter:label1\" content=\"Est. tempo de leitura\" \/>\n\t<meta name=\"twitter:data1\" content=\"2 minutos\" \/>\n<script type=\"application\/ld+json\" class=\"yoast-schema-graph\">{\"@context\":\"https:\/\/schema.org\",\"@graph\":[{\"@type\":\"WebPage\",\"@id\":\"https:\/\/previews.elleven.digital\/acocearense\/noticia\/workshop-seja-um-lider-de-herois-reune-gestores-de-diversas-empresas-em-fortaleza\/\",\"url\":\"https:\/\/previews.elleven.digital\/acocearense\/noticia\/workshop-seja-um-lider-de-herois-reune-gestores-de-diversas-empresas-em-fortaleza\/\",\"name\":\"Workshop \u201cSeja um L\u00edder de Her\u00f3is\u201d re\u00fane gestores de diversas empresas em Fortaleza - Grupo A\u00e7o Cearense\",\"isPartOf\":{\"@id\":\"https:\/\/previews.elleven.digital\/acocearense\/#website\"},\"primaryImageOfPage\":{\"@id\":\"https:\/\/previews.elleven.digital\/acocearense\/noticia\/workshop-seja-um-lider-de-herois-reune-gestores-de-diversas-empresas-em-fortaleza\/#primaryimage\"},\"image\":{\"@id\":\"https:\/\/previews.elleven.digital\/acocearense\/noticia\/workshop-seja-um-lider-de-herois-reune-gestores-de-diversas-empresas-em-fortaleza\/#primaryimage\"},\"thumbnailUrl\":\"https:\/\/previews.elleven.digital\/acocearense\/wp-content\/uploads\/2025\/05\/workshop-seja-um-lider.jpg\",\"datePublished\":\"2019-11-01T19:04:14+00:00\",\"dateModified\":\"2025-05-07T19:04:51+00:00\",\"breadcrumb\":{\"@id\":\"https:\/\/previews.elleven.digital\/acocearense\/noticia\/workshop-seja-um-lider-de-herois-reune-gestores-de-diversas-empresas-em-fortaleza\/#breadcrumb\"},\"inLanguage\":\"pt-BR\",\"potentialAction\":[{\"@type\":\"ReadAction\",\"target\":[\"https:\/\/previews.elleven.digital\/acocearense\/noticia\/workshop-seja-um-lider-de-herois-reune-gestores-de-diversas-empresas-em-fortaleza\/\"]}]},{\"@type\":\"ImageObject\",\"inLanguage\":\"pt-BR\",\"@id\":\"https:\/\/previews.elleven.digital\/acocearense\/noticia\/workshop-seja-um-lider-de-herois-reune-gestores-de-diversas-empresas-em-fortaleza\/#primaryimage\",\"url\":\"https:\/\/previews.elleven.digital\/acocearense\/wp-content\/uploads\/2025\/05\/workshop-seja-um-lider.jpg\",\"contentUrl\":\"https:\/\/previews.elleven.digital\/acocearense\/wp-content\/uploads\/2025\/05\/workshop-seja-um-lider.jpg\",\"width\":1024,\"height\":724},{\"@type\":\"BreadcrumbList\",\"@id\":\"https:\/\/previews.elleven.digital\/acocearense\/noticia\/workshop-seja-um-lider-de-herois-reune-gestores-de-diversas-empresas-em-fortaleza\/#breadcrumb\",\"itemListElement\":[{\"@type\":\"ListItem\",\"position\":1,\"name\":\"In\u00edcio\",\"item\":\"https:\/\/previews.elleven.digital\/acocearense\/\"},{\"@type\":\"ListItem\",\"position\":2,\"name\":\"Not\u00edcias\",\"item\":\"https:\/\/previews.elleven.digital\/acocearense\/noticias\/\"},{\"@type\":\"ListItem\",\"position\":3,\"name\":\"Workshop \u201cSeja um L\u00edder de Her\u00f3is\u201d re\u00fane gestores de diversas empresas em Fortaleza\"}]},{\"@type\":\"WebSite\",\"@id\":\"https:\/\/previews.elleven.digital\/acocearense\/#website\",\"url\":\"https:\/\/previews.elleven.digital\/acocearense\/\",\"name\":\"A\u00e7o Cearense\",\"description\":\"H\u00e1 mais de 45 anos no mercado brasileiro do a\u00e7o.\",\"alternateName\":\"A\u00e7o Cearense\",\"potentialAction\":[{\"@type\":\"SearchAction\",\"target\":{\"@type\":\"EntryPoint\",\"urlTemplate\":\"https:\/\/previews.elleven.digital\/acocearense\/?s={search_term_string}\"},\"query-input\":{\"@type\":\"PropertyValueSpecification\",\"valueRequired\":true,\"valueName\":\"search_term_string\"}}],\"inLanguage\":\"pt-BR\"}]}<\/script>\n<!-- \/ Yoast SEO plugin. -->","yoast_head_json":{"title":"Workshop \u201cSeja um L\u00edder de Her\u00f3is\u201d re\u00fane gestores de diversas empresas em Fortaleza - Grupo A\u00e7o Cearense","robots":{"index":"index","follow":"follow","max-snippet":"max-snippet:-1","max-image-preview":"max-image-preview:large","max-video-preview":"max-video-preview:-1"},"canonical":"https:\/\/previews.elleven.digital\/acocearense\/noticia\/workshop-seja-um-lider-de-herois-reune-gestores-de-diversas-empresas-em-fortaleza\/","og_locale":"pt_BR","og_type":"article","og_title":"Workshop \u201cSeja um L\u00edder de Her\u00f3is\u201d re\u00fane gestores de diversas empresas em Fortaleza - Grupo A\u00e7o Cearense","og_description":"A Vox L\u00edderes, com o apoio do Grupo A\u00e7o Cearense, promoveu o Workshop \u201cSeja um(...)","og_url":"https:\/\/previews.elleven.digital\/acocearense\/noticia\/workshop-seja-um-lider-de-herois-reune-gestores-de-diversas-empresas-em-fortaleza\/","og_site_name":"Grupo A\u00e7o Cearense","article_modified_time":"2025-05-07T19:04:51+00:00","og_image":[{"width":1024,"height":724,"url":"https:\/\/previews.elleven.digital\/acocearense\/wp-content\/uploads\/2025\/05\/workshop-seja-um-lider.jpg","type":"image\/jpeg"}],"twitter_card":"summary_large_image","twitter_misc":{"Est. tempo de leitura":"2 minutos"},"schema":{"@context":"https:\/\/schema.org","@graph":[{"@type":"WebPage","@id":"https:\/\/previews.elleven.digital\/acocearense\/noticia\/workshop-seja-um-lider-de-herois-reune-gestores-de-diversas-empresas-em-fortaleza\/","url":"https:\/\/previews.elleven.digital\/acocearense\/noticia\/workshop-seja-um-lider-de-herois-reune-gestores-de-diversas-empresas-em-fortaleza\/","name":"Workshop \u201cSeja um L\u00edder de Her\u00f3is\u201d re\u00fane gestores de diversas empresas em Fortaleza - Grupo A\u00e7o Cearense","isPartOf":{"@id":"https:\/\/previews.elleven.digital\/acocearense\/#website"},"primaryImageOfPage":{"@id":"https:\/\/previews.elleven.digital\/acocearense\/noticia\/workshop-seja-um-lider-de-herois-reune-gestores-de-diversas-empresas-em-fortaleza\/#primaryimage"},"image":{"@id":"https:\/\/previews.elleven.digital\/acocearense\/noticia\/workshop-seja-um-lider-de-herois-reune-gestores-de-diversas-empresas-em-fortaleza\/#primaryimage"},"thumbnailUrl":"https:\/\/previews.elleven.digital\/acocearense\/wp-content\/uploads\/2025\/05\/workshop-seja-um-lider.jpg","datePublished":"2019-11-01T19:04:14+00:00","dateModified":"2025-05-07T19:04:51+00:00","breadcrumb":{"@id":"https:\/\/previews.elleven.digital\/acocearense\/noticia\/workshop-seja-um-lider-de-herois-reune-gestores-de-diversas-empresas-em-fortaleza\/#breadcrumb"},"inLanguage":"pt-BR","potentialAction":[{"@type":"ReadAction","target":["https:\/\/previews.elleven.digital\/acocearense\/noticia\/workshop-seja-um-lider-de-herois-reune-gestores-de-diversas-empresas-em-fortaleza\/"]}]},{"@type":"ImageObject","inLanguage":"pt-BR","@id":"https:\/\/previews.elleven.digital\/acocearense\/noticia\/workshop-seja-um-lider-de-herois-reune-gestores-de-diversas-empresas-em-fortaleza\/#primaryimage","url":"https:\/\/previews.elleven.digital\/acocearense\/wp-content\/uploads\/2025\/05\/workshop-seja-um-lider.jpg","contentUrl":"https:\/\/previews.elleven.digital\/acocearense\/wp-content\/uploads\/2025\/05\/workshop-seja-um-lider.jpg","width":1024,"height":724},{"@type":"BreadcrumbList","@id":"https:\/\/previews.elleven.digital\/acocearense\/noticia\/workshop-seja-um-lider-de-herois-reune-gestores-de-diversas-empresas-em-fortaleza\/#breadcrumb","itemListElement":[{"@type":"ListItem","position":1,"name":"In\u00edcio","item":"https:\/\/previews.elleven.digital\/acocearense\/"},{"@type":"ListItem","position":2,"name":"Not\u00edcias","item":"https:\/\/previews.elleven.digital\/acocearense\/noticias\/"},{"@type":"ListItem","position":3,"name":"Workshop \u201cSeja um L\u00edder de Her\u00f3is\u201d re\u00fane gestores de diversas empresas em Fortaleza"}]},{"@type":"WebSite","@id":"https:\/\/previews.elleven.digital\/acocearense\/#website","url":"https:\/\/previews.elleven.digital\/acocearense\/","name":"A\u00e7o Cearense","description":"H\u00e1 mais de 45 anos no mercado brasileiro do a\u00e7o.","alternateName":"A\u00e7o Cearense","potentialAction":[{"@type":"SearchAction","target":{"@type":"EntryPoint","urlTemplate":"https:\/\/previews.elleven.digital\/acocearense\/?s={search_term_string}"},"query-input":{"@type":"PropertyValueSpecification","valueRequired":true,"valueName":"search_term_string"}}],"inLanguage":"pt-BR"}]}},"_links":{"self":[{"href":"https:\/\/previews.elleven.digital\/acocearense\/wp-json\/wp\/v2\/noticia\/1939","targetHints":{"allow":["GET"]}}],"collection":[{"href":"https:\/\/previews.elleven.digital\/acocearense\/wp-json\/wp\/v2\/noticia"}],"about":[{"href":"https:\/\/previews.elleven.digital\/acocearense\/wp-json\/wp\/v2\/types\/noticia"}],"wp:featuredmedia":[{"embeddable":true,"href":"https:\/\/previews.elleven.digital\/acocearense\/wp-json\/wp\/v2\/media\/1935"}],"wp:attachment":[{"href":"https:\/\/previews.elleven.digital\/acocearense\/wp-json\/wp\/v2\/media?parent=1939"}],"wp:term":[{"taxonomy":"categoria-noticia","embeddable":true,"href":"https:\/\/previews.elleven.digital\/acocearense\/wp-json\/wp\/v2\/categoria-noticia?post=1939"}],"curies":[{"name":"wp","href":"https:\/\/api.w.org\/{rel}","templated":true}]}}