{"id":1938,"date":"2019-10-23T16:03:38","date_gmt":"2019-10-23T19:03:38","guid":{"rendered":"https:\/\/previews.elleven.digital\/acocearense\/?post_type=noticia&#038;p=1938"},"modified":"2025-05-07T16:04:11","modified_gmt":"2025-05-07T19:04:11","slug":"estudantes-de-engenharia-da-universidade-federal-do-ceara-visitam-a-aco-cearense-industrial","status":"publish","type":"noticia","link":"https:\/\/previews.elleven.digital\/acocearense\/noticia\/estudantes-de-engenharia-da-universidade-federal-do-ceara-visitam-a-aco-cearense-industrial\/","title":{"rendered":"Estudantes de Engenharia da Universidade Federal do Cear\u00e1 visitam a A\u00e7o Cearense Industrial"},"content":{"rendered":"<p>Com o intuito de conhecer mais sobre o processo industrial da A\u00e7o Cearense, 17 estudantes de Engenharia Metal\u00fargica da Universidade Federal do Cear\u00e1 (UFC), conheceram a ACI Matriz e Filial no dia 18\/10. O Coordenador de Qualidade Welch Oliveira deu as boas-vindas ao grupo. Eveline Brito e Gilberto Pereira, Analistas de Qualidade, explicaram todo o processo produtivo aos estudantes, que tamb\u00e9m foram acompanhados pelo Supervisor de Produ\u00e7\u00e3o Pedro Pinheiro e pelas \u00e1reas de Comunica\u00e7\u00e3o e SESMT. A visita t\u00e9cnica fez parte da programa\u00e7\u00e3o da Semana de Engenharia Metal\u00fargica da Universidade.<\/p>\n","protected":false},"featured_media":1936,"template":"","meta":{"_acf_changed":false,"inline_featured_image":false},"categoria-noticia":[],"class_list":["post-1938","noticia","type-noticia","status-publish","has-post-thumbnail","hentry"],"acf":{"link":""},"yoast_head":"<!-- This site is optimized with the Yoast SEO plugin v25.9 - https:\/\/yoast.com\/wordpress\/plugins\/seo\/ -->\n<title>Estudantes de Engenharia da Universidade Federal do Cear\u00e1 visitam a A\u00e7o Cearense Industrial - Grupo A\u00e7o Cearense<\/title>\n<meta name=\"robots\" content=\"index, follow, max-snippet:-1, max-image-preview:large, max-video-preview:-1\" \/>\n<link rel=\"canonical\" href=\"https:\/\/previews.elleven.digital\/acocearense\/noticia\/estudantes-de-engenharia-da-universidade-federal-do-ceara-visitam-a-aco-cearense-industrial\/\" \/>\n<meta property=\"og:locale\" content=\"pt_BR\" \/>\n<meta property=\"og:type\" content=\"article\" \/>\n<meta property=\"og:title\" content=\"Estudantes de Engenharia da Universidade Federal do Cear\u00e1 visitam a A\u00e7o Cearense Industrial - Grupo A\u00e7o Cearense\" \/>\n<meta property=\"og:description\" content=\"Com o intuito de conhecer mais sobre o processo industrial da A\u00e7o Cearense, 17 estudantes(...)\" \/>\n<meta property=\"og:url\" content=\"https:\/\/previews.elleven.digital\/acocearense\/noticia\/estudantes-de-engenharia-da-universidade-federal-do-ceara-visitam-a-aco-cearense-industrial\/\" \/>\n<meta property=\"og:site_name\" content=\"Grupo A\u00e7o Cearense\" \/>\n<meta property=\"article:modified_time\" content=\"2025-05-07T19:04:11+00:00\" \/>\n<meta property=\"og:image\" content=\"https:\/\/previews.elleven.digital\/acocearense\/wp-content\/uploads\/2025\/05\/unnamed-17.jpg\" \/>\n\t<meta property=\"og:image:width\" content=\"1647\" \/>\n\t<meta property=\"og:image:height\" content=\"1054\" \/>\n\t<meta property=\"og:image:type\" content=\"image\/jpeg\" \/>\n<meta name=\"twitter:card\" content=\"summary_large_image\" \/>\n<meta name=\"twitter:label1\" content=\"Est. tempo de leitura\" \/>\n\t<meta name=\"twitter:data1\" content=\"1 minuto\" \/>\n<script type=\"application\/ld+json\" class=\"yoast-schema-graph\">{\"@context\":\"https:\/\/schema.org\",\"@graph\":[{\"@type\":\"WebPage\",\"@id\":\"https:\/\/previews.elleven.digital\/acocearense\/noticia\/estudantes-de-engenharia-da-universidade-federal-do-ceara-visitam-a-aco-cearense-industrial\/\",\"url\":\"https:\/\/previews.elleven.digital\/acocearense\/noticia\/estudantes-de-engenharia-da-universidade-federal-do-ceara-visitam-a-aco-cearense-industrial\/\",\"name\":\"Estudantes de Engenharia da Universidade Federal do Cear\u00e1 visitam a A\u00e7o Cearense Industrial - Grupo A\u00e7o Cearense\",\"isPartOf\":{\"@id\":\"https:\/\/previews.elleven.digital\/acocearense\/#website\"},\"primaryImageOfPage\":{\"@id\":\"https:\/\/previews.elleven.digital\/acocearense\/noticia\/estudantes-de-engenharia-da-universidade-federal-do-ceara-visitam-a-aco-cearense-industrial\/#primaryimage\"},\"image\":{\"@id\":\"https:\/\/previews.elleven.digital\/acocearense\/noticia\/estudantes-de-engenharia-da-universidade-federal-do-ceara-visitam-a-aco-cearense-industrial\/#primaryimage\"},\"thumbnailUrl\":\"https:\/\/previews.elleven.digital\/acocearense\/wp-content\/uploads\/2025\/05\/unnamed-17.jpg\",\"datePublished\":\"2019-10-23T19:03:38+00:00\",\"dateModified\":\"2025-05-07T19:04:11+00:00\",\"breadcrumb\":{\"@id\":\"https:\/\/previews.elleven.digital\/acocearense\/noticia\/estudantes-de-engenharia-da-universidade-federal-do-ceara-visitam-a-aco-cearense-industrial\/#breadcrumb\"},\"inLanguage\":\"pt-BR\",\"potentialAction\":[{\"@type\":\"ReadAction\",\"target\":[\"https:\/\/previews.elleven.digital\/acocearense\/noticia\/estudantes-de-engenharia-da-universidade-federal-do-ceara-visitam-a-aco-cearense-industrial\/\"]}]},{\"@type\":\"ImageObject\",\"inLanguage\":\"pt-BR\",\"@id\":\"https:\/\/previews.elleven.digital\/acocearense\/noticia\/estudantes-de-engenharia-da-universidade-federal-do-ceara-visitam-a-aco-cearense-industrial\/#primaryimage\",\"url\":\"https:\/\/previews.elleven.digital\/acocearense\/wp-content\/uploads\/2025\/05\/unnamed-17.jpg\",\"contentUrl\":\"https:\/\/previews.elleven.digital\/acocearense\/wp-content\/uploads\/2025\/05\/unnamed-17.jpg\",\"width\":1647,\"height\":1054},{\"@type\":\"BreadcrumbList\",\"@id\":\"https:\/\/previews.elleven.digital\/acocearense\/noticia\/estudantes-de-engenharia-da-universidade-federal-do-ceara-visitam-a-aco-cearense-industrial\/#breadcrumb\",\"itemListElement\":[{\"@type\":\"ListItem\",\"position\":1,\"name\":\"In\u00edcio\",\"item\":\"https:\/\/previews.elleven.digital\/acocearense\/\"},{\"@type\":\"ListItem\",\"position\":2,\"name\":\"Not\u00edcias\",\"item\":\"https:\/\/previews.elleven.digital\/acocearense\/noticias\/\"},{\"@type\":\"ListItem\",\"position\":3,\"name\":\"Estudantes de Engenharia da Universidade Federal do Cear\u00e1 visitam a A\u00e7o Cearense Industrial\"}]},{\"@type\":\"WebSite\",\"@id\":\"https:\/\/previews.elleven.digital\/acocearense\/#website\",\"url\":\"https:\/\/previews.elleven.digital\/acocearense\/\",\"name\":\"A\u00e7o Cearense\",\"description\":\"H\u00e1 mais de 45 anos no mercado brasileiro do a\u00e7o.\",\"alternateName\":\"A\u00e7o Cearense\",\"potentialAction\":[{\"@type\":\"SearchAction\",\"target\":{\"@type\":\"EntryPoint\",\"urlTemplate\":\"https:\/\/previews.elleven.digital\/acocearense\/?s={search_term_string}\"},\"query-input\":{\"@type\":\"PropertyValueSpecification\",\"valueRequired\":true,\"valueName\":\"search_term_string\"}}],\"inLanguage\":\"pt-BR\"}]}<\/script>\n<!-- \/ Yoast SEO plugin. -->","yoast_head_json":{"title":"Estudantes de Engenharia da Universidade Federal do Cear\u00e1 visitam a A\u00e7o Cearense Industrial - Grupo A\u00e7o Cearense","robots":{"index":"index","follow":"follow","max-snippet":"max-snippet:-1","max-image-preview":"max-image-preview:large","max-video-preview":"max-video-preview:-1"},"canonical":"https:\/\/previews.elleven.digital\/acocearense\/noticia\/estudantes-de-engenharia-da-universidade-federal-do-ceara-visitam-a-aco-cearense-industrial\/","og_locale":"pt_BR","og_type":"article","og_title":"Estudantes de Engenharia da Universidade Federal do Cear\u00e1 visitam a A\u00e7o Cearense Industrial - Grupo A\u00e7o Cearense","og_description":"Com o intuito de conhecer mais sobre o processo industrial da A\u00e7o Cearense, 17 estudantes(...)","og_url":"https:\/\/previews.elleven.digital\/acocearense\/noticia\/estudantes-de-engenharia-da-universidade-federal-do-ceara-visitam-a-aco-cearense-industrial\/","og_site_name":"Grupo A\u00e7o Cearense","article_modified_time":"2025-05-07T19:04:11+00:00","og_image":[{"width":1647,"height":1054,"url":"https:\/\/previews.elleven.digital\/acocearense\/wp-content\/uploads\/2025\/05\/unnamed-17.jpg","type":"image\/jpeg"}],"twitter_card":"summary_large_image","twitter_misc":{"Est. tempo de leitura":"1 minuto"},"schema":{"@context":"https:\/\/schema.org","@graph":[{"@type":"WebPage","@id":"https:\/\/previews.elleven.digital\/acocearense\/noticia\/estudantes-de-engenharia-da-universidade-federal-do-ceara-visitam-a-aco-cearense-industrial\/","url":"https:\/\/previews.elleven.digital\/acocearense\/noticia\/estudantes-de-engenharia-da-universidade-federal-do-ceara-visitam-a-aco-cearense-industrial\/","name":"Estudantes de Engenharia da Universidade Federal do Cear\u00e1 visitam a A\u00e7o Cearense Industrial - Grupo A\u00e7o Cearense","isPartOf":{"@id":"https:\/\/previews.elleven.digital\/acocearense\/#website"},"primaryImageOfPage":{"@id":"https:\/\/previews.elleven.digital\/acocearense\/noticia\/estudantes-de-engenharia-da-universidade-federal-do-ceara-visitam-a-aco-cearense-industrial\/#primaryimage"},"image":{"@id":"https:\/\/previews.elleven.digital\/acocearense\/noticia\/estudantes-de-engenharia-da-universidade-federal-do-ceara-visitam-a-aco-cearense-industrial\/#primaryimage"},"thumbnailUrl":"https:\/\/previews.elleven.digital\/acocearense\/wp-content\/uploads\/2025\/05\/unnamed-17.jpg","datePublished":"2019-10-23T19:03:38+00:00","dateModified":"2025-05-07T19:04:11+00:00","breadcrumb":{"@id":"https:\/\/previews.elleven.digital\/acocearense\/noticia\/estudantes-de-engenharia-da-universidade-federal-do-ceara-visitam-a-aco-cearense-industrial\/#breadcrumb"},"inLanguage":"pt-BR","potentialAction":[{"@type":"ReadAction","target":["https:\/\/previews.elleven.digital\/acocearense\/noticia\/estudantes-de-engenharia-da-universidade-federal-do-ceara-visitam-a-aco-cearense-industrial\/"]}]},{"@type":"ImageObject","inLanguage":"pt-BR","@id":"https:\/\/previews.elleven.digital\/acocearense\/noticia\/estudantes-de-engenharia-da-universidade-federal-do-ceara-visitam-a-aco-cearense-industrial\/#primaryimage","url":"https:\/\/previews.elleven.digital\/acocearense\/wp-content\/uploads\/2025\/05\/unnamed-17.jpg","contentUrl":"https:\/\/previews.elleven.digital\/acocearense\/wp-content\/uploads\/2025\/05\/unnamed-17.jpg","width":1647,"height":1054},{"@type":"BreadcrumbList","@id":"https:\/\/previews.elleven.digital\/acocearense\/noticia\/estudantes-de-engenharia-da-universidade-federal-do-ceara-visitam-a-aco-cearense-industrial\/#breadcrumb","itemListElement":[{"@type":"ListItem","position":1,"name":"In\u00edcio","item":"https:\/\/previews.elleven.digital\/acocearense\/"},{"@type":"ListItem","position":2,"name":"Not\u00edcias","item":"https:\/\/previews.elleven.digital\/acocearense\/noticias\/"},{"@type":"ListItem","position":3,"name":"Estudantes de Engenharia da Universidade Federal do Cear\u00e1 visitam a A\u00e7o Cearense Industrial"}]},{"@type":"WebSite","@id":"https:\/\/previews.elleven.digital\/acocearense\/#website","url":"https:\/\/previews.elleven.digital\/acocearense\/","name":"A\u00e7o Cearense","description":"H\u00e1 mais de 45 anos no mercado brasileiro do a\u00e7o.","alternateName":"A\u00e7o Cearense","potentialAction":[{"@type":"SearchAction","target":{"@type":"EntryPoint","urlTemplate":"https:\/\/previews.elleven.digital\/acocearense\/?s={search_term_string}"},"query-input":{"@type":"PropertyValueSpecification","valueRequired":true,"valueName":"search_term_string"}}],"inLanguage":"pt-BR"}]}},"_links":{"self":[{"href":"https:\/\/previews.elleven.digital\/acocearense\/wp-json\/wp\/v2\/noticia\/1938","targetHints":{"allow":["GET"]}}],"collection":[{"href":"https:\/\/previews.elleven.digital\/acocearense\/wp-json\/wp\/v2\/noticia"}],"about":[{"href":"https:\/\/previews.elleven.digital\/acocearense\/wp-json\/wp\/v2\/types\/noticia"}],"wp:featuredmedia":[{"embeddable":true,"href":"https:\/\/previews.elleven.digital\/acocearense\/wp-json\/wp\/v2\/media\/1936"}],"wp:attachment":[{"href":"https:\/\/previews.elleven.digital\/acocearense\/wp-json\/wp\/v2\/media?parent=1938"}],"wp:term":[{"taxonomy":"categoria-noticia","embeddable":true,"href":"https:\/\/previews.elleven.digital\/acocearense\/wp-json\/wp\/v2\/categoria-noticia?post=1938"}],"curies":[{"name":"wp","href":"https:\/\/api.w.org\/{rel}","templated":true}]}}