{"id":1925,"date":"2019-10-23T15:58:22","date_gmt":"2019-10-23T18:58:22","guid":{"rendered":"https:\/\/previews.elleven.digital\/acocearense\/?post_type=noticia&#038;p=1925"},"modified":"2025-05-07T16:03:34","modified_gmt":"2025-05-07T19:03:34","slug":"aco-cearense-industrial-na-semana-interna-de-prevencao-de-acidentes-da-companhia-siderurgica-do-pecem","status":"publish","type":"noticia","link":"https:\/\/previews.elleven.digital\/acocearense\/noticia\/aco-cearense-industrial-na-semana-interna-de-prevencao-de-acidentes-da-companhia-siderurgica-do-pecem\/","title":{"rendered":"A\u00e7o Cearense Industrial na Semana Interna de Preven\u00e7\u00e3o de Acidentes da Companhia Sider\u00fargica do Pec\u00e9m"},"content":{"rendered":"<p>Na sexta, 18\/10, 11 colaboradores, integrantes da\u00a0Companhia Sider\u00fargica do Pec\u00e9m e da equipe de A\u00e7o Cearense Industrial Produ\u00e7\u00e3o da\u00a0 Matriz, fizeram uma apresenta\u00e7\u00e3o de teatro sobre Comportamento Seguro na Semana Interna de Preven\u00e7\u00e3o de Acidentes (SIPAT) da Companhia Sider\u00fargica do Pec\u00e9m (CSP), buscando, mesmo com um tom l\u00fadico de com\u00e9dia, trazer uma reflex\u00e3o profunda sobre a import\u00e2ncia da preven\u00e7\u00e3o de acidentes.<br \/>\nO convite da CSP surgiu a partir do Encontro de Seguran\u00e7a do Trabalho do Instituto A\u00e7o Brasil, realizado em abril deste ano na ACI, em que houve uma apresenta\u00e7\u00e3o de teatro feita por esses colaboradores. O Grupo A\u00e7o Cearense que foi convidado especialmente para o evento \u00e9 composto de 5 atores e 6 t\u00e9cnicos para o apoio art\u00edstico de figurino, dire\u00e7\u00e3o de arte e audiovisual.<br \/>\nMilton Lima, Diretor Industrial do , comentou sobre a participa\u00e7\u00e3o no evento: \u201cEu agrade\u00e7o a contribui\u00e7\u00e3o e a criatividade dessa equipe de teatro na busca da redu\u00e7\u00e3o de acidentes, isso mostra o quanto temos o compromisso com a nossa pol\u00edtica e ferramentas de seguran\u00e7a, levando e compartilhando a import\u00e2ncia disso para al\u00e9m de nossa empresa. Parabenizo a todos esses colaboradores que s\u00e3o participativos, tanto na solu\u00e7\u00e3o como aplica\u00e7\u00e3o das quest\u00f5es de seguran\u00e7a\u201d, concluiu.<br \/>\nA encena\u00e7\u00e3o apresentada conta a hist\u00f3ria da morte, que visita a CSP para fiscalizar quem cumpre as normas de seguran\u00e7a, por\u00e9m gra\u00e7as aos procedimentos e padr\u00f5es bem definidos da empresa, todos est\u00e3o salvos.<\/p>\n","protected":false},"featured_media":1937,"template":"","meta":{"_acf_changed":false,"inline_featured_image":false},"categoria-noticia":[],"class_list":["post-1925","noticia","type-noticia","status-publish","has-post-thumbnail","hentry"],"acf":{"link":""},"yoast_head":"<!-- This site is optimized with the Yoast SEO plugin v25.9 - https:\/\/yoast.com\/wordpress\/plugins\/seo\/ -->\n<title>A\u00e7o Cearense Industrial na Semana Interna de Preven\u00e7\u00e3o de Acidentes da Companhia Sider\u00fargica do Pec\u00e9m - Grupo A\u00e7o Cearense<\/title>\n<meta name=\"robots\" content=\"index, follow, max-snippet:-1, max-image-preview:large, max-video-preview:-1\" \/>\n<link rel=\"canonical\" href=\"https:\/\/previews.elleven.digital\/acocearense\/noticia\/aco-cearense-industrial-na-semana-interna-de-prevencao-de-acidentes-da-companhia-siderurgica-do-pecem\/\" \/>\n<meta property=\"og:locale\" content=\"pt_BR\" \/>\n<meta property=\"og:type\" content=\"article\" \/>\n<meta property=\"og:title\" content=\"A\u00e7o Cearense Industrial na Semana Interna de Preven\u00e7\u00e3o de Acidentes da Companhia Sider\u00fargica do Pec\u00e9m - Grupo A\u00e7o Cearense\" \/>\n<meta property=\"og:description\" content=\"Na sexta, 18\/10, 11 colaboradores, integrantes da\u00a0Companhia Sider\u00fargica do Pec\u00e9m e da equipe de A\u00e7o(...)\" \/>\n<meta property=\"og:url\" content=\"https:\/\/previews.elleven.digital\/acocearense\/noticia\/aco-cearense-industrial-na-semana-interna-de-prevencao-de-acidentes-da-companhia-siderurgica-do-pecem\/\" \/>\n<meta property=\"og:site_name\" content=\"Grupo A\u00e7o Cearense\" \/>\n<meta property=\"article:modified_time\" content=\"2025-05-07T19:03:34+00:00\" \/>\n<meta property=\"og:image\" content=\"https:\/\/previews.elleven.digital\/acocearense\/wp-content\/uploads\/2025\/05\/Design-sem-nome-2-2.png\" \/>\n\t<meta property=\"og:image:width\" content=\"400\" \/>\n\t<meta property=\"og:image:height\" content=\"300\" \/>\n\t<meta property=\"og:image:type\" content=\"image\/png\" \/>\n<meta name=\"twitter:card\" content=\"summary_large_image\" \/>\n<meta name=\"twitter:label1\" content=\"Est. tempo de leitura\" \/>\n\t<meta name=\"twitter:data1\" content=\"2 minutos\" \/>\n<script type=\"application\/ld+json\" class=\"yoast-schema-graph\">{\"@context\":\"https:\/\/schema.org\",\"@graph\":[{\"@type\":\"WebPage\",\"@id\":\"https:\/\/previews.elleven.digital\/acocearense\/noticia\/aco-cearense-industrial-na-semana-interna-de-prevencao-de-acidentes-da-companhia-siderurgica-do-pecem\/\",\"url\":\"https:\/\/previews.elleven.digital\/acocearense\/noticia\/aco-cearense-industrial-na-semana-interna-de-prevencao-de-acidentes-da-companhia-siderurgica-do-pecem\/\",\"name\":\"A\u00e7o Cearense Industrial na Semana Interna de Preven\u00e7\u00e3o de Acidentes da Companhia Sider\u00fargica do Pec\u00e9m - Grupo A\u00e7o Cearense\",\"isPartOf\":{\"@id\":\"https:\/\/previews.elleven.digital\/acocearense\/#website\"},\"primaryImageOfPage\":{\"@id\":\"https:\/\/previews.elleven.digital\/acocearense\/noticia\/aco-cearense-industrial-na-semana-interna-de-prevencao-de-acidentes-da-companhia-siderurgica-do-pecem\/#primaryimage\"},\"image\":{\"@id\":\"https:\/\/previews.elleven.digital\/acocearense\/noticia\/aco-cearense-industrial-na-semana-interna-de-prevencao-de-acidentes-da-companhia-siderurgica-do-pecem\/#primaryimage\"},\"thumbnailUrl\":\"https:\/\/previews.elleven.digital\/acocearense\/wp-content\/uploads\/2025\/05\/Design-sem-nome-2-2.png\",\"datePublished\":\"2019-10-23T18:58:22+00:00\",\"dateModified\":\"2025-05-07T19:03:34+00:00\",\"breadcrumb\":{\"@id\":\"https:\/\/previews.elleven.digital\/acocearense\/noticia\/aco-cearense-industrial-na-semana-interna-de-prevencao-de-acidentes-da-companhia-siderurgica-do-pecem\/#breadcrumb\"},\"inLanguage\":\"pt-BR\",\"potentialAction\":[{\"@type\":\"ReadAction\",\"target\":[\"https:\/\/previews.elleven.digital\/acocearense\/noticia\/aco-cearense-industrial-na-semana-interna-de-prevencao-de-acidentes-da-companhia-siderurgica-do-pecem\/\"]}]},{\"@type\":\"ImageObject\",\"inLanguage\":\"pt-BR\",\"@id\":\"https:\/\/previews.elleven.digital\/acocearense\/noticia\/aco-cearense-industrial-na-semana-interna-de-prevencao-de-acidentes-da-companhia-siderurgica-do-pecem\/#primaryimage\",\"url\":\"https:\/\/previews.elleven.digital\/acocearense\/wp-content\/uploads\/2025\/05\/Design-sem-nome-2-2.png\",\"contentUrl\":\"https:\/\/previews.elleven.digital\/acocearense\/wp-content\/uploads\/2025\/05\/Design-sem-nome-2-2.png\",\"width\":400,\"height\":300},{\"@type\":\"BreadcrumbList\",\"@id\":\"https:\/\/previews.elleven.digital\/acocearense\/noticia\/aco-cearense-industrial-na-semana-interna-de-prevencao-de-acidentes-da-companhia-siderurgica-do-pecem\/#breadcrumb\",\"itemListElement\":[{\"@type\":\"ListItem\",\"position\":1,\"name\":\"In\u00edcio\",\"item\":\"https:\/\/previews.elleven.digital\/acocearense\/\"},{\"@type\":\"ListItem\",\"position\":2,\"name\":\"Not\u00edcias\",\"item\":\"https:\/\/previews.elleven.digital\/acocearense\/noticias\/\"},{\"@type\":\"ListItem\",\"position\":3,\"name\":\"A\u00e7o Cearense Industrial na Semana Interna de Preven\u00e7\u00e3o de Acidentes da Companhia Sider\u00fargica do Pec\u00e9m\"}]},{\"@type\":\"WebSite\",\"@id\":\"https:\/\/previews.elleven.digital\/acocearense\/#website\",\"url\":\"https:\/\/previews.elleven.digital\/acocearense\/\",\"name\":\"A\u00e7o Cearense\",\"description\":\"H\u00e1 mais de 45 anos no mercado brasileiro do a\u00e7o.\",\"alternateName\":\"A\u00e7o Cearense\",\"potentialAction\":[{\"@type\":\"SearchAction\",\"target\":{\"@type\":\"EntryPoint\",\"urlTemplate\":\"https:\/\/previews.elleven.digital\/acocearense\/?s={search_term_string}\"},\"query-input\":{\"@type\":\"PropertyValueSpecification\",\"valueRequired\":true,\"valueName\":\"search_term_string\"}}],\"inLanguage\":\"pt-BR\"}]}<\/script>\n<!-- \/ Yoast SEO plugin. -->","yoast_head_json":{"title":"A\u00e7o Cearense Industrial na Semana Interna de Preven\u00e7\u00e3o de Acidentes da Companhia Sider\u00fargica do Pec\u00e9m - Grupo A\u00e7o Cearense","robots":{"index":"index","follow":"follow","max-snippet":"max-snippet:-1","max-image-preview":"max-image-preview:large","max-video-preview":"max-video-preview:-1"},"canonical":"https:\/\/previews.elleven.digital\/acocearense\/noticia\/aco-cearense-industrial-na-semana-interna-de-prevencao-de-acidentes-da-companhia-siderurgica-do-pecem\/","og_locale":"pt_BR","og_type":"article","og_title":"A\u00e7o Cearense Industrial na Semana Interna de Preven\u00e7\u00e3o de Acidentes da Companhia Sider\u00fargica do Pec\u00e9m - Grupo A\u00e7o Cearense","og_description":"Na sexta, 18\/10, 11 colaboradores, integrantes da\u00a0Companhia Sider\u00fargica do Pec\u00e9m e da equipe de A\u00e7o(...)","og_url":"https:\/\/previews.elleven.digital\/acocearense\/noticia\/aco-cearense-industrial-na-semana-interna-de-prevencao-de-acidentes-da-companhia-siderurgica-do-pecem\/","og_site_name":"Grupo A\u00e7o Cearense","article_modified_time":"2025-05-07T19:03:34+00:00","og_image":[{"width":400,"height":300,"url":"https:\/\/previews.elleven.digital\/acocearense\/wp-content\/uploads\/2025\/05\/Design-sem-nome-2-2.png","type":"image\/png"}],"twitter_card":"summary_large_image","twitter_misc":{"Est. tempo de leitura":"2 minutos"},"schema":{"@context":"https:\/\/schema.org","@graph":[{"@type":"WebPage","@id":"https:\/\/previews.elleven.digital\/acocearense\/noticia\/aco-cearense-industrial-na-semana-interna-de-prevencao-de-acidentes-da-companhia-siderurgica-do-pecem\/","url":"https:\/\/previews.elleven.digital\/acocearense\/noticia\/aco-cearense-industrial-na-semana-interna-de-prevencao-de-acidentes-da-companhia-siderurgica-do-pecem\/","name":"A\u00e7o Cearense Industrial na Semana Interna de Preven\u00e7\u00e3o de Acidentes da Companhia Sider\u00fargica do Pec\u00e9m - Grupo A\u00e7o Cearense","isPartOf":{"@id":"https:\/\/previews.elleven.digital\/acocearense\/#website"},"primaryImageOfPage":{"@id":"https:\/\/previews.elleven.digital\/acocearense\/noticia\/aco-cearense-industrial-na-semana-interna-de-prevencao-de-acidentes-da-companhia-siderurgica-do-pecem\/#primaryimage"},"image":{"@id":"https:\/\/previews.elleven.digital\/acocearense\/noticia\/aco-cearense-industrial-na-semana-interna-de-prevencao-de-acidentes-da-companhia-siderurgica-do-pecem\/#primaryimage"},"thumbnailUrl":"https:\/\/previews.elleven.digital\/acocearense\/wp-content\/uploads\/2025\/05\/Design-sem-nome-2-2.png","datePublished":"2019-10-23T18:58:22+00:00","dateModified":"2025-05-07T19:03:34+00:00","breadcrumb":{"@id":"https:\/\/previews.elleven.digital\/acocearense\/noticia\/aco-cearense-industrial-na-semana-interna-de-prevencao-de-acidentes-da-companhia-siderurgica-do-pecem\/#breadcrumb"},"inLanguage":"pt-BR","potentialAction":[{"@type":"ReadAction","target":["https:\/\/previews.elleven.digital\/acocearense\/noticia\/aco-cearense-industrial-na-semana-interna-de-prevencao-de-acidentes-da-companhia-siderurgica-do-pecem\/"]}]},{"@type":"ImageObject","inLanguage":"pt-BR","@id":"https:\/\/previews.elleven.digital\/acocearense\/noticia\/aco-cearense-industrial-na-semana-interna-de-prevencao-de-acidentes-da-companhia-siderurgica-do-pecem\/#primaryimage","url":"https:\/\/previews.elleven.digital\/acocearense\/wp-content\/uploads\/2025\/05\/Design-sem-nome-2-2.png","contentUrl":"https:\/\/previews.elleven.digital\/acocearense\/wp-content\/uploads\/2025\/05\/Design-sem-nome-2-2.png","width":400,"height":300},{"@type":"BreadcrumbList","@id":"https:\/\/previews.elleven.digital\/acocearense\/noticia\/aco-cearense-industrial-na-semana-interna-de-prevencao-de-acidentes-da-companhia-siderurgica-do-pecem\/#breadcrumb","itemListElement":[{"@type":"ListItem","position":1,"name":"In\u00edcio","item":"https:\/\/previews.elleven.digital\/acocearense\/"},{"@type":"ListItem","position":2,"name":"Not\u00edcias","item":"https:\/\/previews.elleven.digital\/acocearense\/noticias\/"},{"@type":"ListItem","position":3,"name":"A\u00e7o Cearense Industrial na Semana Interna de Preven\u00e7\u00e3o de Acidentes da Companhia Sider\u00fargica do Pec\u00e9m"}]},{"@type":"WebSite","@id":"https:\/\/previews.elleven.digital\/acocearense\/#website","url":"https:\/\/previews.elleven.digital\/acocearense\/","name":"A\u00e7o Cearense","description":"H\u00e1 mais de 45 anos no mercado brasileiro do a\u00e7o.","alternateName":"A\u00e7o Cearense","potentialAction":[{"@type":"SearchAction","target":{"@type":"EntryPoint","urlTemplate":"https:\/\/previews.elleven.digital\/acocearense\/?s={search_term_string}"},"query-input":{"@type":"PropertyValueSpecification","valueRequired":true,"valueName":"search_term_string"}}],"inLanguage":"pt-BR"}]}},"_links":{"self":[{"href":"https:\/\/previews.elleven.digital\/acocearense\/wp-json\/wp\/v2\/noticia\/1925","targetHints":{"allow":["GET"]}}],"collection":[{"href":"https:\/\/previews.elleven.digital\/acocearense\/wp-json\/wp\/v2\/noticia"}],"about":[{"href":"https:\/\/previews.elleven.digital\/acocearense\/wp-json\/wp\/v2\/types\/noticia"}],"wp:featuredmedia":[{"embeddable":true,"href":"https:\/\/previews.elleven.digital\/acocearense\/wp-json\/wp\/v2\/media\/1937"}],"wp:attachment":[{"href":"https:\/\/previews.elleven.digital\/acocearense\/wp-json\/wp\/v2\/media?parent=1925"}],"wp:term":[{"taxonomy":"categoria-noticia","embeddable":true,"href":"https:\/\/previews.elleven.digital\/acocearense\/wp-json\/wp\/v2\/categoria-noticia?post=1925"}],"curies":[{"name":"wp","href":"https:\/\/api.w.org\/{rel}","templated":true}]}}