{"id":1924,"date":"2019-10-23T15:57:53","date_gmt":"2019-10-23T18:57:53","guid":{"rendered":"https:\/\/previews.elleven.digital\/acocearense\/?post_type=noticia&#038;p=1924"},"modified":"2025-05-07T15:58:18","modified_gmt":"2025-05-07T18:58:18","slug":"aco-cearense-industrial-ganha-premio-por-programa-de-reuso-e-economia-de-agua","status":"publish","type":"noticia","link":"https:\/\/previews.elleven.digital\/acocearense\/noticia\/aco-cearense-industrial-ganha-premio-por-programa-de-reuso-e-economia-de-agua\/","title":{"rendered":"A\u00e7o Cearense Industrial ganha pr\u00eamio por programa de reuso e economia de \u00e1gua"},"content":{"rendered":"<p>A\u00a0A\u00e7o Cearense Industrial Matriz recebeu, no dia 18\/10, o Pr\u00eamio SUEZ Proof not Promises (Prova n\u00e3o Promessas) pelo trabalho realizado na manuten\u00e7\u00e3o do tratamento de \u00e1gua do sistema de resfriamento, em que houve redu\u00e7\u00e3o de interrup\u00e7\u00f5es de m\u00e1quina e, ao mesmo tempo, economia de \u00e1gua. A cerim\u00f4nia ocorreu no Hotel Mercure Fortaleza.<br \/>\nO Pr\u00eamio tem por objetivo destacar trabalhos realizados pelas empresas na \u00e1rea ambiental. A premia\u00e7\u00e3o acontece em diversos pa\u00edses e leva em considera\u00e7\u00e3o a comprova\u00e7\u00e3o da economia realizada em energia e \u00e1gua. Por meio da premia\u00e7\u00e3o que escolhe os melhores projetos que comprovem essas mudan\u00e7as, as empresas s\u00e3o incentivadas a inovar e adotar boas pr\u00e1ticas.<br \/>\n<img loading=\"lazy\" decoding=\"async\" class=\"size-medium wp-image-6453 alignright\" src=\"https:\/\/grupoacocearense.com.br\/wp-content\/uploads\/2019\/12\/unnamed-14-260x300.jpg\" sizes=\"auto, (max-width: 260px) 100vw, 260px\" srcset=\"https:\/\/previews.elleven.digital\/acocearense\/wp-content\/uploads\/2019\/12\/unnamed-14-260x300.jpg 260w, https:\/\/previews.elleven.digital\/acocearense\/wp-content\/uploads\/2019\/12\/unnamed-14-768x886.jpg 768w, https:\/\/previews.elleven.digital\/acocearense\/wp-content\/uploads\/2019\/12\/unnamed-14-888x1024.jpg 888w, https:\/\/previews.elleven.digital\/acocearense\/wp-content\/uploads\/2019\/12\/unnamed-14.jpg 1110w\" alt=\"Representando a ACI, Rosemeire Matos, Diretora Administrativa da empresa\" width=\"260\" height=\"300\" \/>Representando a A\u00e7o Cearense Industrial, Rosemeire Matos, Diretora Administrativa da empresa, falou sobre a conquista: \u201c\u00c9 um grande prazer receber esse trof\u00e9u, fomos reconhecidos por realizar um trabalho bem feito, ent\u00e3o eu s\u00f3 tenho que agradecer a SUEZ e toda a nossa equipe que trabalhou t\u00e3o bem a ponto de fazer uma economia para a empresa. Hoje n\u00f3s temos uma \u00e1gua de melhor qualidade com uma melhor reutiliza\u00e7\u00e3o. Agrade\u00e7o e estou muito feliz com este resultado\u201d, disse ela durante o evento.<br \/>\nKleber Anast\u00e1cio, Coordenador de Manuten\u00e7\u00e3o da A\u00e7o Cearense Industrial e respons\u00e1vel pela iniciativa, comentou: \u201cAl\u00e9m da economia, com esse trabalho conseguimos reverter quest\u00f5es de corros\u00e3o e entupimento no nosso sistema de resfriamento de \u00e1gua industrial, que causava interrup\u00e7\u00f5es de m\u00e1quinas e paradas de produ\u00e7\u00e3o\u201d.<br \/>\nCom o projeto, a\u00a0A\u00e7o Cearense Industrial\u00a0j\u00e1 conseguiu reduzir o consumo de 1.800.000 litros de \u00e1gua por ano, gerando uma economia anual de R$ 92.552,00.<\/p>\n","protected":false},"featured_media":1906,"template":"","meta":{"_acf_changed":false,"inline_featured_image":false},"categoria-noticia":[],"class_list":["post-1924","noticia","type-noticia","status-publish","has-post-thumbnail","hentry"],"acf":{"link":""},"yoast_head":"<!-- This site is optimized with the Yoast SEO plugin v25.9 - https:\/\/yoast.com\/wordpress\/plugins\/seo\/ -->\n<title>A\u00e7o Cearense Industrial ganha pr\u00eamio por programa de reuso e economia de \u00e1gua - Grupo A\u00e7o Cearense<\/title>\n<meta name=\"robots\" content=\"index, follow, max-snippet:-1, max-image-preview:large, max-video-preview:-1\" \/>\n<link rel=\"canonical\" href=\"https:\/\/previews.elleven.digital\/acocearense\/noticia\/aco-cearense-industrial-ganha-premio-por-programa-de-reuso-e-economia-de-agua\/\" \/>\n<meta property=\"og:locale\" content=\"pt_BR\" \/>\n<meta property=\"og:type\" content=\"article\" \/>\n<meta property=\"og:title\" content=\"A\u00e7o Cearense Industrial ganha pr\u00eamio por programa de reuso e economia de \u00e1gua - Grupo A\u00e7o Cearense\" \/>\n<meta property=\"og:description\" content=\"A\u00a0A\u00e7o Cearense Industrial Matriz recebeu, no dia 18\/10, o Pr\u00eamio SUEZ Proof not Promises (Prova(...)\" \/>\n<meta property=\"og:url\" content=\"https:\/\/previews.elleven.digital\/acocearense\/noticia\/aco-cearense-industrial-ganha-premio-por-programa-de-reuso-e-economia-de-agua\/\" \/>\n<meta property=\"og:site_name\" content=\"Grupo A\u00e7o Cearense\" \/>\n<meta property=\"article:modified_time\" content=\"2025-05-07T18:58:18+00:00\" \/>\n<meta property=\"og:image\" content=\"https:\/\/previews.elleven.digital\/acocearense\/wp-content\/uploads\/2025\/05\/unnamed-10.jpg\" \/>\n\t<meta property=\"og:image:width\" content=\"1280\" \/>\n\t<meta property=\"og:image:height\" content=\"960\" \/>\n\t<meta property=\"og:image:type\" content=\"image\/jpeg\" \/>\n<meta name=\"twitter:card\" content=\"summary_large_image\" \/>\n<meta name=\"twitter:label1\" content=\"Est. tempo de leitura\" \/>\n\t<meta name=\"twitter:data1\" content=\"1 minuto\" \/>\n<script type=\"application\/ld+json\" class=\"yoast-schema-graph\">{\"@context\":\"https:\/\/schema.org\",\"@graph\":[{\"@type\":\"WebPage\",\"@id\":\"https:\/\/previews.elleven.digital\/acocearense\/noticia\/aco-cearense-industrial-ganha-premio-por-programa-de-reuso-e-economia-de-agua\/\",\"url\":\"https:\/\/previews.elleven.digital\/acocearense\/noticia\/aco-cearense-industrial-ganha-premio-por-programa-de-reuso-e-economia-de-agua\/\",\"name\":\"A\u00e7o Cearense Industrial ganha pr\u00eamio por programa de reuso e economia de \u00e1gua - Grupo A\u00e7o Cearense\",\"isPartOf\":{\"@id\":\"https:\/\/previews.elleven.digital\/acocearense\/#website\"},\"primaryImageOfPage\":{\"@id\":\"https:\/\/previews.elleven.digital\/acocearense\/noticia\/aco-cearense-industrial-ganha-premio-por-programa-de-reuso-e-economia-de-agua\/#primaryimage\"},\"image\":{\"@id\":\"https:\/\/previews.elleven.digital\/acocearense\/noticia\/aco-cearense-industrial-ganha-premio-por-programa-de-reuso-e-economia-de-agua\/#primaryimage\"},\"thumbnailUrl\":\"https:\/\/previews.elleven.digital\/acocearense\/wp-content\/uploads\/2025\/05\/unnamed-10.jpg\",\"datePublished\":\"2019-10-23T18:57:53+00:00\",\"dateModified\":\"2025-05-07T18:58:18+00:00\",\"breadcrumb\":{\"@id\":\"https:\/\/previews.elleven.digital\/acocearense\/noticia\/aco-cearense-industrial-ganha-premio-por-programa-de-reuso-e-economia-de-agua\/#breadcrumb\"},\"inLanguage\":\"pt-BR\",\"potentialAction\":[{\"@type\":\"ReadAction\",\"target\":[\"https:\/\/previews.elleven.digital\/acocearense\/noticia\/aco-cearense-industrial-ganha-premio-por-programa-de-reuso-e-economia-de-agua\/\"]}]},{\"@type\":\"ImageObject\",\"inLanguage\":\"pt-BR\",\"@id\":\"https:\/\/previews.elleven.digital\/acocearense\/noticia\/aco-cearense-industrial-ganha-premio-por-programa-de-reuso-e-economia-de-agua\/#primaryimage\",\"url\":\"https:\/\/previews.elleven.digital\/acocearense\/wp-content\/uploads\/2025\/05\/unnamed-10.jpg\",\"contentUrl\":\"https:\/\/previews.elleven.digital\/acocearense\/wp-content\/uploads\/2025\/05\/unnamed-10.jpg\",\"width\":1280,\"height\":960},{\"@type\":\"BreadcrumbList\",\"@id\":\"https:\/\/previews.elleven.digital\/acocearense\/noticia\/aco-cearense-industrial-ganha-premio-por-programa-de-reuso-e-economia-de-agua\/#breadcrumb\",\"itemListElement\":[{\"@type\":\"ListItem\",\"position\":1,\"name\":\"In\u00edcio\",\"item\":\"https:\/\/previews.elleven.digital\/acocearense\/\"},{\"@type\":\"ListItem\",\"position\":2,\"name\":\"Not\u00edcias\",\"item\":\"https:\/\/previews.elleven.digital\/acocearense\/noticias\/\"},{\"@type\":\"ListItem\",\"position\":3,\"name\":\"A\u00e7o Cearense Industrial ganha pr\u00eamio por programa de reuso e economia de \u00e1gua\"}]},{\"@type\":\"WebSite\",\"@id\":\"https:\/\/previews.elleven.digital\/acocearense\/#website\",\"url\":\"https:\/\/previews.elleven.digital\/acocearense\/\",\"name\":\"A\u00e7o Cearense\",\"description\":\"H\u00e1 mais de 45 anos no mercado brasileiro do a\u00e7o.\",\"alternateName\":\"A\u00e7o Cearense\",\"potentialAction\":[{\"@type\":\"SearchAction\",\"target\":{\"@type\":\"EntryPoint\",\"urlTemplate\":\"https:\/\/previews.elleven.digital\/acocearense\/?s={search_term_string}\"},\"query-input\":{\"@type\":\"PropertyValueSpecification\",\"valueRequired\":true,\"valueName\":\"search_term_string\"}}],\"inLanguage\":\"pt-BR\"}]}<\/script>\n<!-- \/ Yoast SEO plugin. -->","yoast_head_json":{"title":"A\u00e7o Cearense Industrial ganha pr\u00eamio por programa de reuso e economia de \u00e1gua - Grupo A\u00e7o Cearense","robots":{"index":"index","follow":"follow","max-snippet":"max-snippet:-1","max-image-preview":"max-image-preview:large","max-video-preview":"max-video-preview:-1"},"canonical":"https:\/\/previews.elleven.digital\/acocearense\/noticia\/aco-cearense-industrial-ganha-premio-por-programa-de-reuso-e-economia-de-agua\/","og_locale":"pt_BR","og_type":"article","og_title":"A\u00e7o Cearense Industrial ganha pr\u00eamio por programa de reuso e economia de \u00e1gua - Grupo A\u00e7o Cearense","og_description":"A\u00a0A\u00e7o Cearense Industrial Matriz recebeu, no dia 18\/10, o Pr\u00eamio SUEZ Proof not Promises (Prova(...)","og_url":"https:\/\/previews.elleven.digital\/acocearense\/noticia\/aco-cearense-industrial-ganha-premio-por-programa-de-reuso-e-economia-de-agua\/","og_site_name":"Grupo A\u00e7o Cearense","article_modified_time":"2025-05-07T18:58:18+00:00","og_image":[{"width":1280,"height":960,"url":"https:\/\/previews.elleven.digital\/acocearense\/wp-content\/uploads\/2025\/05\/unnamed-10.jpg","type":"image\/jpeg"}],"twitter_card":"summary_large_image","twitter_misc":{"Est. tempo de leitura":"1 minuto"},"schema":{"@context":"https:\/\/schema.org","@graph":[{"@type":"WebPage","@id":"https:\/\/previews.elleven.digital\/acocearense\/noticia\/aco-cearense-industrial-ganha-premio-por-programa-de-reuso-e-economia-de-agua\/","url":"https:\/\/previews.elleven.digital\/acocearense\/noticia\/aco-cearense-industrial-ganha-premio-por-programa-de-reuso-e-economia-de-agua\/","name":"A\u00e7o Cearense Industrial ganha pr\u00eamio por programa de reuso e economia de \u00e1gua - Grupo A\u00e7o Cearense","isPartOf":{"@id":"https:\/\/previews.elleven.digital\/acocearense\/#website"},"primaryImageOfPage":{"@id":"https:\/\/previews.elleven.digital\/acocearense\/noticia\/aco-cearense-industrial-ganha-premio-por-programa-de-reuso-e-economia-de-agua\/#primaryimage"},"image":{"@id":"https:\/\/previews.elleven.digital\/acocearense\/noticia\/aco-cearense-industrial-ganha-premio-por-programa-de-reuso-e-economia-de-agua\/#primaryimage"},"thumbnailUrl":"https:\/\/previews.elleven.digital\/acocearense\/wp-content\/uploads\/2025\/05\/unnamed-10.jpg","datePublished":"2019-10-23T18:57:53+00:00","dateModified":"2025-05-07T18:58:18+00:00","breadcrumb":{"@id":"https:\/\/previews.elleven.digital\/acocearense\/noticia\/aco-cearense-industrial-ganha-premio-por-programa-de-reuso-e-economia-de-agua\/#breadcrumb"},"inLanguage":"pt-BR","potentialAction":[{"@type":"ReadAction","target":["https:\/\/previews.elleven.digital\/acocearense\/noticia\/aco-cearense-industrial-ganha-premio-por-programa-de-reuso-e-economia-de-agua\/"]}]},{"@type":"ImageObject","inLanguage":"pt-BR","@id":"https:\/\/previews.elleven.digital\/acocearense\/noticia\/aco-cearense-industrial-ganha-premio-por-programa-de-reuso-e-economia-de-agua\/#primaryimage","url":"https:\/\/previews.elleven.digital\/acocearense\/wp-content\/uploads\/2025\/05\/unnamed-10.jpg","contentUrl":"https:\/\/previews.elleven.digital\/acocearense\/wp-content\/uploads\/2025\/05\/unnamed-10.jpg","width":1280,"height":960},{"@type":"BreadcrumbList","@id":"https:\/\/previews.elleven.digital\/acocearense\/noticia\/aco-cearense-industrial-ganha-premio-por-programa-de-reuso-e-economia-de-agua\/#breadcrumb","itemListElement":[{"@type":"ListItem","position":1,"name":"In\u00edcio","item":"https:\/\/previews.elleven.digital\/acocearense\/"},{"@type":"ListItem","position":2,"name":"Not\u00edcias","item":"https:\/\/previews.elleven.digital\/acocearense\/noticias\/"},{"@type":"ListItem","position":3,"name":"A\u00e7o Cearense Industrial ganha pr\u00eamio por programa de reuso e economia de \u00e1gua"}]},{"@type":"WebSite","@id":"https:\/\/previews.elleven.digital\/acocearense\/#website","url":"https:\/\/previews.elleven.digital\/acocearense\/","name":"A\u00e7o Cearense","description":"H\u00e1 mais de 45 anos no mercado brasileiro do a\u00e7o.","alternateName":"A\u00e7o Cearense","potentialAction":[{"@type":"SearchAction","target":{"@type":"EntryPoint","urlTemplate":"https:\/\/previews.elleven.digital\/acocearense\/?s={search_term_string}"},"query-input":{"@type":"PropertyValueSpecification","valueRequired":true,"valueName":"search_term_string"}}],"inLanguage":"pt-BR"}]}},"_links":{"self":[{"href":"https:\/\/previews.elleven.digital\/acocearense\/wp-json\/wp\/v2\/noticia\/1924","targetHints":{"allow":["GET"]}}],"collection":[{"href":"https:\/\/previews.elleven.digital\/acocearense\/wp-json\/wp\/v2\/noticia"}],"about":[{"href":"https:\/\/previews.elleven.digital\/acocearense\/wp-json\/wp\/v2\/types\/noticia"}],"wp:featuredmedia":[{"embeddable":true,"href":"https:\/\/previews.elleven.digital\/acocearense\/wp-json\/wp\/v2\/media\/1906"}],"wp:attachment":[{"href":"https:\/\/previews.elleven.digital\/acocearense\/wp-json\/wp\/v2\/media?parent=1924"}],"wp:term":[{"taxonomy":"categoria-noticia","embeddable":true,"href":"https:\/\/previews.elleven.digital\/acocearense\/wp-json\/wp\/v2\/categoria-noticia?post=1924"}],"curies":[{"name":"wp","href":"https:\/\/api.w.org\/{rel}","templated":true}]}}