{"id":1923,"date":"2019-10-20T15:57:15","date_gmt":"2019-10-20T18:57:15","guid":{"rendered":"https:\/\/previews.elleven.digital\/acocearense\/?post_type=noticia&#038;p=1923"},"modified":"2025-05-07T15:57:50","modified_gmt":"2025-05-07T18:57:50","slug":"instituto-aco-cearense-realiza-programacoes-no-dia-das-criancas","status":"publish","type":"noticia","link":"https:\/\/previews.elleven.digital\/acocearense\/noticia\/instituto-aco-cearense-realiza-programacoes-no-dia-das-criancas\/","title":{"rendered":"Instituto A\u00e7o Cearense realiza programa\u00e7\u00f5es no Dia das Crian\u00e7as"},"content":{"rendered":"<p>Com a finalidade de celebrar o Dia das Crian\u00e7as com as institui\u00e7\u00f5es apoiadas, o Instituto A\u00e7o Cearense (IAC) promoveu uma s\u00e9rie de a\u00e7\u00f5es divertidas para as crian\u00e7as atendidas por entidades localizadas em Caucaia \u2013 CE e Marab\u00e1 \u2013 PA.<br \/>\nNo dia 11, 49 crian\u00e7as da Associa\u00e7\u00e3o Escola de Campe\u00f5es (AEC), localizada em Caucaia, passaram a manh\u00e3 no Shopping Benfica e assistiram sess\u00e3o de cinema e show de teatro, al\u00e9m de brincarem e lancharem. A a\u00e7\u00e3o foi realizada em parceria com o Shopping Benfica por meio do Projeto Manh\u00e3 Feliz 2019. No dia seguinte (12), em parceria com o SESC Fortaleza, o Instituto A\u00e7o Cearense levou mais 70 crian\u00e7as da AEC para uma manh\u00e3 de brincadeiras e divers\u00e3o no SESC, com direito a pipoca, algod\u00e3o doce e lanche. Para finalizar a semana, o Instituto A\u00e7o Cearense e a Escola de Campe\u00f5es fizeram uma programa\u00e7\u00e3o especial em um s\u00edtio, no s\u00e1bado (19), para 160 crian\u00e7as de 6 a 12 anos atendidas pela institui\u00e7\u00e3o. Houve brincadeiras, banho de piscina, lanche, guloseimas, entrega de presentes e brinquedos.<br \/>\nPara Maria dos Prazeres, m\u00e3e do Jo\u00e3o Abra\u00e3o, aluno da AEC, que participou da programa\u00e7\u00e3o do dia 11, que teve a sess\u00e3o de cinema, o momento foi marcante. \u201cNunca t\u00ednhamos vindo ao cinema. Adorei assistir o filme com o meu filho. At\u00e9 agora n\u00e3o estou acreditando que depois de 40 anos de idade consegui vir ao cinema. Estou sendo crian\u00e7a de novo\u201d, comentou emocionada.<br \/>\nEm Marab\u00e1, no dia 15\/10 , o Instituto levou 45 crian\u00e7as da Funda\u00e7\u00e3o de Assist\u00eancia \u00e0 Crian\u00e7a e ao Adolescente \u2013 FUNCAD, localizada em Marab\u00e1 \u2013 bairro Amap\u00e1, para um passeio no Parque Zoobot\u00e2nico de Marab\u00e1. As crian\u00e7as conheceram as 35 esp\u00e9cies diferentes abrigadas pela institui\u00e7\u00e3o, entre jabutis, papagaios, araras, gavi\u00f5es, macacos, on\u00e7as, veado, antas e porco do mato. \u201cFoi muito legal! Conhecemos v\u00e1rios bichos. Nunca tinha visto uma on\u00e7a pintada de perto\u201d, disse Heitor Sedrigo, de 7 anos.<\/p>\n","protected":false},"featured_media":1907,"template":"","meta":{"_acf_changed":false,"inline_featured_image":false},"categoria-noticia":[],"class_list":["post-1923","noticia","type-noticia","status-publish","has-post-thumbnail","hentry"],"acf":{"link":""},"yoast_head":"<!-- This site is optimized with the Yoast SEO plugin v25.9 - https:\/\/yoast.com\/wordpress\/plugins\/seo\/ -->\n<title>Instituto A\u00e7o Cearense realiza programa\u00e7\u00f5es no Dia das Crian\u00e7as - Grupo A\u00e7o Cearense<\/title>\n<meta name=\"robots\" content=\"index, follow, max-snippet:-1, max-image-preview:large, max-video-preview:-1\" \/>\n<link rel=\"canonical\" href=\"https:\/\/previews.elleven.digital\/acocearense\/noticia\/instituto-aco-cearense-realiza-programacoes-no-dia-das-criancas\/\" \/>\n<meta property=\"og:locale\" content=\"pt_BR\" \/>\n<meta property=\"og:type\" content=\"article\" \/>\n<meta property=\"og:title\" content=\"Instituto A\u00e7o Cearense realiza programa\u00e7\u00f5es no Dia das Crian\u00e7as - Grupo A\u00e7o Cearense\" \/>\n<meta property=\"og:description\" content=\"Com a finalidade de celebrar o Dia das Crian\u00e7as com as institui\u00e7\u00f5es apoiadas, o Instituto(...)\" \/>\n<meta property=\"og:url\" content=\"https:\/\/previews.elleven.digital\/acocearense\/noticia\/instituto-aco-cearense-realiza-programacoes-no-dia-das-criancas\/\" \/>\n<meta property=\"og:site_name\" content=\"Grupo A\u00e7o Cearense\" \/>\n<meta property=\"article:modified_time\" content=\"2025-05-07T18:57:50+00:00\" \/>\n<meta property=\"og:image\" content=\"https:\/\/previews.elleven.digital\/acocearense\/wp-content\/uploads\/2025\/05\/dia-das-crianas-1.jpg\" \/>\n\t<meta property=\"og:image:width\" content=\"1024\" \/>\n\t<meta property=\"og:image:height\" content=\"724\" \/>\n\t<meta property=\"og:image:type\" content=\"image\/jpeg\" \/>\n<meta name=\"twitter:card\" content=\"summary_large_image\" \/>\n<meta name=\"twitter:label1\" content=\"Est. tempo de leitura\" \/>\n\t<meta name=\"twitter:data1\" content=\"2 minutos\" \/>\n<script type=\"application\/ld+json\" class=\"yoast-schema-graph\">{\"@context\":\"https:\/\/schema.org\",\"@graph\":[{\"@type\":\"WebPage\",\"@id\":\"https:\/\/previews.elleven.digital\/acocearense\/noticia\/instituto-aco-cearense-realiza-programacoes-no-dia-das-criancas\/\",\"url\":\"https:\/\/previews.elleven.digital\/acocearense\/noticia\/instituto-aco-cearense-realiza-programacoes-no-dia-das-criancas\/\",\"name\":\"Instituto A\u00e7o Cearense realiza programa\u00e7\u00f5es no Dia das Crian\u00e7as - Grupo A\u00e7o Cearense\",\"isPartOf\":{\"@id\":\"https:\/\/previews.elleven.digital\/acocearense\/#website\"},\"primaryImageOfPage\":{\"@id\":\"https:\/\/previews.elleven.digital\/acocearense\/noticia\/instituto-aco-cearense-realiza-programacoes-no-dia-das-criancas\/#primaryimage\"},\"image\":{\"@id\":\"https:\/\/previews.elleven.digital\/acocearense\/noticia\/instituto-aco-cearense-realiza-programacoes-no-dia-das-criancas\/#primaryimage\"},\"thumbnailUrl\":\"https:\/\/previews.elleven.digital\/acocearense\/wp-content\/uploads\/2025\/05\/dia-das-crianas-1.jpg\",\"datePublished\":\"2019-10-20T18:57:15+00:00\",\"dateModified\":\"2025-05-07T18:57:50+00:00\",\"breadcrumb\":{\"@id\":\"https:\/\/previews.elleven.digital\/acocearense\/noticia\/instituto-aco-cearense-realiza-programacoes-no-dia-das-criancas\/#breadcrumb\"},\"inLanguage\":\"pt-BR\",\"potentialAction\":[{\"@type\":\"ReadAction\",\"target\":[\"https:\/\/previews.elleven.digital\/acocearense\/noticia\/instituto-aco-cearense-realiza-programacoes-no-dia-das-criancas\/\"]}]},{\"@type\":\"ImageObject\",\"inLanguage\":\"pt-BR\",\"@id\":\"https:\/\/previews.elleven.digital\/acocearense\/noticia\/instituto-aco-cearense-realiza-programacoes-no-dia-das-criancas\/#primaryimage\",\"url\":\"https:\/\/previews.elleven.digital\/acocearense\/wp-content\/uploads\/2025\/05\/dia-das-crianas-1.jpg\",\"contentUrl\":\"https:\/\/previews.elleven.digital\/acocearense\/wp-content\/uploads\/2025\/05\/dia-das-crianas-1.jpg\",\"width\":1024,\"height\":724},{\"@type\":\"BreadcrumbList\",\"@id\":\"https:\/\/previews.elleven.digital\/acocearense\/noticia\/instituto-aco-cearense-realiza-programacoes-no-dia-das-criancas\/#breadcrumb\",\"itemListElement\":[{\"@type\":\"ListItem\",\"position\":1,\"name\":\"In\u00edcio\",\"item\":\"https:\/\/previews.elleven.digital\/acocearense\/\"},{\"@type\":\"ListItem\",\"position\":2,\"name\":\"Not\u00edcias\",\"item\":\"https:\/\/previews.elleven.digital\/acocearense\/noticias\/\"},{\"@type\":\"ListItem\",\"position\":3,\"name\":\"Instituto A\u00e7o Cearense realiza programa\u00e7\u00f5es no Dia das Crian\u00e7as\"}]},{\"@type\":\"WebSite\",\"@id\":\"https:\/\/previews.elleven.digital\/acocearense\/#website\",\"url\":\"https:\/\/previews.elleven.digital\/acocearense\/\",\"name\":\"A\u00e7o Cearense\",\"description\":\"H\u00e1 mais de 45 anos no mercado brasileiro do a\u00e7o.\",\"alternateName\":\"A\u00e7o Cearense\",\"potentialAction\":[{\"@type\":\"SearchAction\",\"target\":{\"@type\":\"EntryPoint\",\"urlTemplate\":\"https:\/\/previews.elleven.digital\/acocearense\/?s={search_term_string}\"},\"query-input\":{\"@type\":\"PropertyValueSpecification\",\"valueRequired\":true,\"valueName\":\"search_term_string\"}}],\"inLanguage\":\"pt-BR\"}]}<\/script>\n<!-- \/ Yoast SEO plugin. -->","yoast_head_json":{"title":"Instituto A\u00e7o Cearense realiza programa\u00e7\u00f5es no Dia das Crian\u00e7as - Grupo A\u00e7o Cearense","robots":{"index":"index","follow":"follow","max-snippet":"max-snippet:-1","max-image-preview":"max-image-preview:large","max-video-preview":"max-video-preview:-1"},"canonical":"https:\/\/previews.elleven.digital\/acocearense\/noticia\/instituto-aco-cearense-realiza-programacoes-no-dia-das-criancas\/","og_locale":"pt_BR","og_type":"article","og_title":"Instituto A\u00e7o Cearense realiza programa\u00e7\u00f5es no Dia das Crian\u00e7as - Grupo A\u00e7o Cearense","og_description":"Com a finalidade de celebrar o Dia das Crian\u00e7as com as institui\u00e7\u00f5es apoiadas, o Instituto(...)","og_url":"https:\/\/previews.elleven.digital\/acocearense\/noticia\/instituto-aco-cearense-realiza-programacoes-no-dia-das-criancas\/","og_site_name":"Grupo A\u00e7o Cearense","article_modified_time":"2025-05-07T18:57:50+00:00","og_image":[{"width":1024,"height":724,"url":"https:\/\/previews.elleven.digital\/acocearense\/wp-content\/uploads\/2025\/05\/dia-das-crianas-1.jpg","type":"image\/jpeg"}],"twitter_card":"summary_large_image","twitter_misc":{"Est. tempo de leitura":"2 minutos"},"schema":{"@context":"https:\/\/schema.org","@graph":[{"@type":"WebPage","@id":"https:\/\/previews.elleven.digital\/acocearense\/noticia\/instituto-aco-cearense-realiza-programacoes-no-dia-das-criancas\/","url":"https:\/\/previews.elleven.digital\/acocearense\/noticia\/instituto-aco-cearense-realiza-programacoes-no-dia-das-criancas\/","name":"Instituto A\u00e7o Cearense realiza programa\u00e7\u00f5es no Dia das Crian\u00e7as - Grupo A\u00e7o Cearense","isPartOf":{"@id":"https:\/\/previews.elleven.digital\/acocearense\/#website"},"primaryImageOfPage":{"@id":"https:\/\/previews.elleven.digital\/acocearense\/noticia\/instituto-aco-cearense-realiza-programacoes-no-dia-das-criancas\/#primaryimage"},"image":{"@id":"https:\/\/previews.elleven.digital\/acocearense\/noticia\/instituto-aco-cearense-realiza-programacoes-no-dia-das-criancas\/#primaryimage"},"thumbnailUrl":"https:\/\/previews.elleven.digital\/acocearense\/wp-content\/uploads\/2025\/05\/dia-das-crianas-1.jpg","datePublished":"2019-10-20T18:57:15+00:00","dateModified":"2025-05-07T18:57:50+00:00","breadcrumb":{"@id":"https:\/\/previews.elleven.digital\/acocearense\/noticia\/instituto-aco-cearense-realiza-programacoes-no-dia-das-criancas\/#breadcrumb"},"inLanguage":"pt-BR","potentialAction":[{"@type":"ReadAction","target":["https:\/\/previews.elleven.digital\/acocearense\/noticia\/instituto-aco-cearense-realiza-programacoes-no-dia-das-criancas\/"]}]},{"@type":"ImageObject","inLanguage":"pt-BR","@id":"https:\/\/previews.elleven.digital\/acocearense\/noticia\/instituto-aco-cearense-realiza-programacoes-no-dia-das-criancas\/#primaryimage","url":"https:\/\/previews.elleven.digital\/acocearense\/wp-content\/uploads\/2025\/05\/dia-das-crianas-1.jpg","contentUrl":"https:\/\/previews.elleven.digital\/acocearense\/wp-content\/uploads\/2025\/05\/dia-das-crianas-1.jpg","width":1024,"height":724},{"@type":"BreadcrumbList","@id":"https:\/\/previews.elleven.digital\/acocearense\/noticia\/instituto-aco-cearense-realiza-programacoes-no-dia-das-criancas\/#breadcrumb","itemListElement":[{"@type":"ListItem","position":1,"name":"In\u00edcio","item":"https:\/\/previews.elleven.digital\/acocearense\/"},{"@type":"ListItem","position":2,"name":"Not\u00edcias","item":"https:\/\/previews.elleven.digital\/acocearense\/noticias\/"},{"@type":"ListItem","position":3,"name":"Instituto A\u00e7o Cearense realiza programa\u00e7\u00f5es no Dia das Crian\u00e7as"}]},{"@type":"WebSite","@id":"https:\/\/previews.elleven.digital\/acocearense\/#website","url":"https:\/\/previews.elleven.digital\/acocearense\/","name":"A\u00e7o Cearense","description":"H\u00e1 mais de 45 anos no mercado brasileiro do a\u00e7o.","alternateName":"A\u00e7o Cearense","potentialAction":[{"@type":"SearchAction","target":{"@type":"EntryPoint","urlTemplate":"https:\/\/previews.elleven.digital\/acocearense\/?s={search_term_string}"},"query-input":{"@type":"PropertyValueSpecification","valueRequired":true,"valueName":"search_term_string"}}],"inLanguage":"pt-BR"}]}},"_links":{"self":[{"href":"https:\/\/previews.elleven.digital\/acocearense\/wp-json\/wp\/v2\/noticia\/1923","targetHints":{"allow":["GET"]}}],"collection":[{"href":"https:\/\/previews.elleven.digital\/acocearense\/wp-json\/wp\/v2\/noticia"}],"about":[{"href":"https:\/\/previews.elleven.digital\/acocearense\/wp-json\/wp\/v2\/types\/noticia"}],"wp:featuredmedia":[{"embeddable":true,"href":"https:\/\/previews.elleven.digital\/acocearense\/wp-json\/wp\/v2\/media\/1907"}],"wp:attachment":[{"href":"https:\/\/previews.elleven.digital\/acocearense\/wp-json\/wp\/v2\/media?parent=1923"}],"wp:term":[{"taxonomy":"categoria-noticia","embeddable":true,"href":"https:\/\/previews.elleven.digital\/acocearense\/wp-json\/wp\/v2\/categoria-noticia?post=1923"}],"curies":[{"name":"wp","href":"https:\/\/api.w.org\/{rel}","templated":true}]}}