{"id":1921,"date":"2019-10-16T15:56:03","date_gmt":"2019-10-16T18:56:03","guid":{"rendered":"https:\/\/previews.elleven.digital\/acocearense\/?post_type=noticia&#038;p=1921"},"modified":"2025-05-07T15:56:35","modified_gmt":"2025-05-07T18:56:35","slug":"40-anos-do-grupo-aco-cearense","status":"publish","type":"noticia","link":"https:\/\/previews.elleven.digital\/acocearense\/noticia\/40-anos-do-grupo-aco-cearense\/","title":{"rendered":"40 anos do Grupo A\u00e7o Cearense"},"content":{"rendered":"<p>Ontem, 15\/10 o Grupo A\u00e7o Cearense completou quatro d\u00e9cadas de atua\u00e7\u00e3o e credibilidade no mercado nacional do a\u00e7o. A data foi comemorada em todas as empresas, com os seus quase 4 mil colaboradores, com um bolo, parab\u00e9ns, discursos e ora\u00e7\u00e3o.<br \/>\nO Presidente Vilmar Ferreira e diretores estiveram presentes nas comemora\u00e7\u00f5es para celebrar a data junto com os colaboradores que ajudam a construir a hist\u00f3ria de sucesso do Grupo. Nos depoimentos a seguir \u00e9 poss\u00edvel perceber carinho e satisfa\u00e7\u00e3o em fazer parte do GAC:<\/p>\n<div id=\"attachment_6419\" class=\"wp-caption alignleft\"><img loading=\"lazy\" decoding=\"async\" class=\" wp-image-6419\" src=\"https:\/\/grupoacocearense.com.br\/wp-content\/uploads\/2019\/12\/unnamed-2-289x300.jpg\" sizes=\"auto, (max-width: 214px) 100vw, 214px\" srcset=\"https:\/\/previews.elleven.digital\/acocearense\/wp-content\/uploads\/2019\/12\/unnamed-2-289x300.jpg 289w, https:\/\/previews.elleven.digital\/acocearense\/wp-content\/uploads\/2019\/12\/unnamed-2-768x797.jpg 768w, https:\/\/previews.elleven.digital\/acocearense\/wp-content\/uploads\/2019\/12\/unnamed-2-987x1024.jpg 987w, https:\/\/previews.elleven.digital\/acocearense\/wp-content\/uploads\/2019\/12\/unnamed-2.jpg 1873w\" alt=\"Vera Lima, Analista de Cr\u00e9ditos da ACC\" width=\"214\" height=\"222\" aria-describedby=\"caption-attachment-6419\" \/><\/p>\n<p id=\"caption-attachment-6419\" class=\"wp-caption-text\">Vera Lima, Analista de Cr\u00e9ditos da ACC<\/p>\n<\/div>\n<p>\u201cEu fiquei muito honrada e grata, por ter sido escolhida pelo Sr. Vilmar para receber o primeiro peda\u00e7o do bolo de comemora\u00e7\u00e3o dos 40 anos do GAC. Hoje, com 28 anos de empresa, estou feliz e realizada profissionalmente. Tudo o que tenho, agrade\u00e7o a Deus e ao Grupo A\u00e7o Cearense!\u201d \u2013 Vera Lima, Analista de Cr\u00e9ditos da ACC.<\/p>\n<div id=\"attachment_6420\" class=\"wp-caption alignright\"><img loading=\"lazy\" decoding=\"async\" class=\" wp-image-6420\" src=\"https:\/\/grupoacocearense.com.br\/wp-content\/uploads\/2019\/12\/unnamed-3-285x300.jpg\" sizes=\"auto, (max-width: 161px) 100vw, 161px\" srcset=\"https:\/\/previews.elleven.digital\/acocearense\/wp-content\/uploads\/2019\/12\/unnamed-3-285x300.jpg 285w, https:\/\/previews.elleven.digital\/acocearense\/wp-content\/uploads\/2019\/12\/unnamed-3.jpg 473w\" alt=\"Ad\u00e3o Silva \u2013 T\u00e9cnico de Seguran\u00e7a da SINOBRAS Florestal.\" width=\"161\" height=\"169\" aria-describedby=\"caption-attachment-6420\" \/><\/p>\n<p id=\"caption-attachment-6420\" class=\"wp-caption-text\">Ad\u00e3o Silva \u2013 T\u00e9cnico de Seguran\u00e7a da SINOBRAS Florestal.<\/p>\n<\/div>\n<p>\u201cPara mim \u00e9 motivo de muito orgulho e satisfa\u00e7\u00e3o poder trabalhar em um grande grupo como o GAC. S\u00f3 tenho a agradecer a Deus, em primeiro lugar, e ao Grupo por ter me dado a oportunidade de conhecer e trabalhar na SINOBRAS Florestal. Estou feliz por fazer parte dessa hist\u00f3ria! \u00c9 gratificante poder presenciar e acompanhar as mudan\u00e7as e as melhorias cont\u00ednuas no decorrer desses 10 anos que tenho na empresa. Para os pr\u00f3ximos anos, espero que a uni\u00e3o que temos continue e nos fa\u00e7a crescer cada vez mais. Que o Grupo permane\u00e7a prosperando para continuar entre os melhores e que venham mais e mais anos de vit\u00f3rias e sucesso para todos n\u00f3s\u201d \u2013 Ad\u00e3o Silva \u2013 T\u00e9cnico de Seguran\u00e7a da SINOBRAS Florestal.<\/p>\n<div id=\"attachment_6421\" class=\"wp-caption alignleft\"><img loading=\"lazy\" decoding=\"async\" class=\" wp-image-6421\" src=\"https:\/\/grupoacocearense.com.br\/wp-content\/uploads\/2019\/12\/unnamed-4-249x300.jpg\" sizes=\"auto, (max-width: 161px) 100vw, 161px\" srcset=\"https:\/\/previews.elleven.digital\/acocearense\/wp-content\/uploads\/2019\/12\/unnamed-4-249x300.jpg 249w, https:\/\/previews.elleven.digital\/acocearense\/wp-content\/uploads\/2019\/12\/unnamed-4.jpg 320w\" alt=\"Valderi Guimar\u00e3es, da Gest\u00e3o de Frota da ACI Matriz.\" width=\"161\" height=\"194\" aria-describedby=\"caption-attachment-6421\" \/><\/p>\n<p id=\"caption-attachment-6421\" class=\"wp-caption-text\">Valderi Guimar\u00e3es, da Gest\u00e3o de Frota da ACI Matriz.<\/p>\n<\/div>\n<p>\u201cEm todos esses 20 anos no GAC, tudo que eu fiz foi com muita dedica\u00e7\u00e3o e gosto, sem nunca querer me acomodar, vencendo os desafios diariamente. Comecei aqui varrendo o ch\u00e3o, passei pelas \u00e1reas do MEP, Expedi\u00e7\u00e3o e estou h\u00e1 5 anos como motorista. Agrade\u00e7o a Deus por chegarmos at\u00e9 aqui e pe\u00e7o muita sa\u00fade, for\u00e7a e coragem para seguirmos em frente\u201d \u2013 Valderi Guimar\u00e3es, da Gest\u00e3o de Frota da ACI Matriz.<\/p>\n<div id=\"attachment_6422\" class=\"wp-caption alignright\"><img loading=\"lazy\" decoding=\"async\" class=\" wp-image-6422\" src=\"https:\/\/grupoacocearense.com.br\/wp-content\/uploads\/2019\/12\/unnamed-4-1-277x300.jpg\" sizes=\"auto, (max-width: 196px) 100vw, 196px\" srcset=\"https:\/\/previews.elleven.digital\/acocearense\/wp-content\/uploads\/2019\/12\/unnamed-4-1-277x300.jpg 277w, https:\/\/previews.elleven.digital\/acocearense\/wp-content\/uploads\/2019\/12\/unnamed-4-1-768x832.jpg 768w, https:\/\/previews.elleven.digital\/acocearense\/wp-content\/uploads\/2019\/12\/unnamed-4-1-945x1024.jpg 945w, https:\/\/previews.elleven.digital\/acocearense\/wp-content\/uploads\/2019\/12\/unnamed-4-1.jpg 960w\" alt=\"Renato Sabino, Analista de Sistemas da TI da SINOBRAS\" width=\"196\" height=\"212\" aria-describedby=\"caption-attachment-6422\" \/><\/p>\n<p id=\"caption-attachment-6422\" class=\"wp-caption-text\">Renato Sabino, Analista de Sistemas da TI da SINOBRAS<\/p>\n<\/div>\n<p>\u201cEntrar no Grupo A\u00e7o Cearense foi muito gratificante, pois o ambiente de trabalho proporciona uma constante evolu\u00e7\u00e3o como profissional. Saber que o meu trabalho contribui para o crescimento de um Grupo que h\u00e1 40 anos atua no mercado sider\u00fargico brasileiro de forma sustent\u00e1vel \u00e9 bastante recompensador. A minha expectativa para os pr\u00f3ximos anos do GAC \u00e9 de muito crescimento. Sou muito feliz por fazer parte dessa hist\u00f3ria!\u201d \u2013 Renato Sabino, Analista de Sistemas da TI da SINOBRAS.<\/p>\n<p><img loading=\"lazy\" decoding=\"async\" class=\"wp-image-6423 aligncenter\" src=\"https:\/\/grupoacocearense.com.br\/wp-content\/uploads\/2019\/12\/unnamed-5-300x212.jpg\" sizes=\"auto, (max-width: 454px) 100vw, 454px\" srcset=\"https:\/\/previews.elleven.digital\/acocearense\/wp-content\/uploads\/2019\/12\/unnamed-5-300x212.jpg 300w, https:\/\/previews.elleven.digital\/acocearense\/wp-content\/uploads\/2019\/12\/unnamed-5-768x543.jpg 768w, https:\/\/previews.elleven.digital\/acocearense\/wp-content\/uploads\/2019\/12\/unnamed-5.jpg 1024w\" alt=\" melhores momentos:\" width=\"454\" height=\"321\" \/><\/p>\n","protected":false},"featured_media":1909,"template":"","meta":{"_acf_changed":false,"inline_featured_image":false},"categoria-noticia":[],"class_list":["post-1921","noticia","type-noticia","status-publish","has-post-thumbnail","hentry"],"acf":{"link":""},"yoast_head":"<!-- This site is optimized with the Yoast SEO plugin v25.9 - https:\/\/yoast.com\/wordpress\/plugins\/seo\/ -->\n<title>40 anos do Grupo A\u00e7o Cearense - Grupo A\u00e7o Cearense<\/title>\n<meta name=\"robots\" content=\"index, follow, max-snippet:-1, max-image-preview:large, max-video-preview:-1\" \/>\n<link rel=\"canonical\" href=\"https:\/\/previews.elleven.digital\/acocearense\/noticia\/40-anos-do-grupo-aco-cearense\/\" \/>\n<meta property=\"og:locale\" content=\"pt_BR\" \/>\n<meta property=\"og:type\" content=\"article\" \/>\n<meta property=\"og:title\" content=\"40 anos do Grupo A\u00e7o Cearense - Grupo A\u00e7o Cearense\" \/>\n<meta property=\"og:description\" content=\"Ontem, 15\/10 o Grupo A\u00e7o Cearense completou quatro d\u00e9cadas de atua\u00e7\u00e3o e credibilidade no mercado(...)\" \/>\n<meta property=\"og:url\" content=\"https:\/\/previews.elleven.digital\/acocearense\/noticia\/40-anos-do-grupo-aco-cearense\/\" \/>\n<meta property=\"og:site_name\" content=\"Grupo A\u00e7o Cearense\" \/>\n<meta property=\"article:modified_time\" content=\"2025-05-07T18:56:35+00:00\" \/>\n<meta property=\"og:image\" content=\"https:\/\/previews.elleven.digital\/acocearense\/wp-content\/uploads\/2025\/05\/unnamed-5.jpg\" \/>\n\t<meta property=\"og:image:width\" content=\"1024\" \/>\n\t<meta property=\"og:image:height\" content=\"724\" \/>\n\t<meta property=\"og:image:type\" content=\"image\/jpeg\" \/>\n<meta name=\"twitter:card\" content=\"summary_large_image\" \/>\n<meta name=\"twitter:label1\" content=\"Est. tempo de leitura\" \/>\n\t<meta name=\"twitter:data1\" content=\"1 minuto\" \/>\n<script type=\"application\/ld+json\" class=\"yoast-schema-graph\">{\"@context\":\"https:\/\/schema.org\",\"@graph\":[{\"@type\":\"WebPage\",\"@id\":\"https:\/\/previews.elleven.digital\/acocearense\/noticia\/40-anos-do-grupo-aco-cearense\/\",\"url\":\"https:\/\/previews.elleven.digital\/acocearense\/noticia\/40-anos-do-grupo-aco-cearense\/\",\"name\":\"40 anos do Grupo A\u00e7o Cearense - Grupo A\u00e7o Cearense\",\"isPartOf\":{\"@id\":\"https:\/\/previews.elleven.digital\/acocearense\/#website\"},\"primaryImageOfPage\":{\"@id\":\"https:\/\/previews.elleven.digital\/acocearense\/noticia\/40-anos-do-grupo-aco-cearense\/#primaryimage\"},\"image\":{\"@id\":\"https:\/\/previews.elleven.digital\/acocearense\/noticia\/40-anos-do-grupo-aco-cearense\/#primaryimage\"},\"thumbnailUrl\":\"https:\/\/previews.elleven.digital\/acocearense\/wp-content\/uploads\/2025\/05\/unnamed-5.jpg\",\"datePublished\":\"2019-10-16T18:56:03+00:00\",\"dateModified\":\"2025-05-07T18:56:35+00:00\",\"breadcrumb\":{\"@id\":\"https:\/\/previews.elleven.digital\/acocearense\/noticia\/40-anos-do-grupo-aco-cearense\/#breadcrumb\"},\"inLanguage\":\"pt-BR\",\"potentialAction\":[{\"@type\":\"ReadAction\",\"target\":[\"https:\/\/previews.elleven.digital\/acocearense\/noticia\/40-anos-do-grupo-aco-cearense\/\"]}]},{\"@type\":\"ImageObject\",\"inLanguage\":\"pt-BR\",\"@id\":\"https:\/\/previews.elleven.digital\/acocearense\/noticia\/40-anos-do-grupo-aco-cearense\/#primaryimage\",\"url\":\"https:\/\/previews.elleven.digital\/acocearense\/wp-content\/uploads\/2025\/05\/unnamed-5.jpg\",\"contentUrl\":\"https:\/\/previews.elleven.digital\/acocearense\/wp-content\/uploads\/2025\/05\/unnamed-5.jpg\",\"width\":1024,\"height\":724},{\"@type\":\"BreadcrumbList\",\"@id\":\"https:\/\/previews.elleven.digital\/acocearense\/noticia\/40-anos-do-grupo-aco-cearense\/#breadcrumb\",\"itemListElement\":[{\"@type\":\"ListItem\",\"position\":1,\"name\":\"In\u00edcio\",\"item\":\"https:\/\/previews.elleven.digital\/acocearense\/\"},{\"@type\":\"ListItem\",\"position\":2,\"name\":\"Not\u00edcias\",\"item\":\"https:\/\/previews.elleven.digital\/acocearense\/noticias\/\"},{\"@type\":\"ListItem\",\"position\":3,\"name\":\"40 anos do Grupo A\u00e7o Cearense\"}]},{\"@type\":\"WebSite\",\"@id\":\"https:\/\/previews.elleven.digital\/acocearense\/#website\",\"url\":\"https:\/\/previews.elleven.digital\/acocearense\/\",\"name\":\"A\u00e7o Cearense\",\"description\":\"H\u00e1 mais de 45 anos no mercado brasileiro do a\u00e7o.\",\"alternateName\":\"A\u00e7o Cearense\",\"potentialAction\":[{\"@type\":\"SearchAction\",\"target\":{\"@type\":\"EntryPoint\",\"urlTemplate\":\"https:\/\/previews.elleven.digital\/acocearense\/?s={search_term_string}\"},\"query-input\":{\"@type\":\"PropertyValueSpecification\",\"valueRequired\":true,\"valueName\":\"search_term_string\"}}],\"inLanguage\":\"pt-BR\"}]}<\/script>\n<!-- \/ Yoast SEO plugin. -->","yoast_head_json":{"title":"40 anos do Grupo A\u00e7o Cearense - Grupo A\u00e7o Cearense","robots":{"index":"index","follow":"follow","max-snippet":"max-snippet:-1","max-image-preview":"max-image-preview:large","max-video-preview":"max-video-preview:-1"},"canonical":"https:\/\/previews.elleven.digital\/acocearense\/noticia\/40-anos-do-grupo-aco-cearense\/","og_locale":"pt_BR","og_type":"article","og_title":"40 anos do Grupo A\u00e7o Cearense - Grupo A\u00e7o Cearense","og_description":"Ontem, 15\/10 o Grupo A\u00e7o Cearense completou quatro d\u00e9cadas de atua\u00e7\u00e3o e credibilidade no mercado(...)","og_url":"https:\/\/previews.elleven.digital\/acocearense\/noticia\/40-anos-do-grupo-aco-cearense\/","og_site_name":"Grupo A\u00e7o Cearense","article_modified_time":"2025-05-07T18:56:35+00:00","og_image":[{"width":1024,"height":724,"url":"https:\/\/previews.elleven.digital\/acocearense\/wp-content\/uploads\/2025\/05\/unnamed-5.jpg","type":"image\/jpeg"}],"twitter_card":"summary_large_image","twitter_misc":{"Est. tempo de leitura":"1 minuto"},"schema":{"@context":"https:\/\/schema.org","@graph":[{"@type":"WebPage","@id":"https:\/\/previews.elleven.digital\/acocearense\/noticia\/40-anos-do-grupo-aco-cearense\/","url":"https:\/\/previews.elleven.digital\/acocearense\/noticia\/40-anos-do-grupo-aco-cearense\/","name":"40 anos do Grupo A\u00e7o Cearense - Grupo A\u00e7o Cearense","isPartOf":{"@id":"https:\/\/previews.elleven.digital\/acocearense\/#website"},"primaryImageOfPage":{"@id":"https:\/\/previews.elleven.digital\/acocearense\/noticia\/40-anos-do-grupo-aco-cearense\/#primaryimage"},"image":{"@id":"https:\/\/previews.elleven.digital\/acocearense\/noticia\/40-anos-do-grupo-aco-cearense\/#primaryimage"},"thumbnailUrl":"https:\/\/previews.elleven.digital\/acocearense\/wp-content\/uploads\/2025\/05\/unnamed-5.jpg","datePublished":"2019-10-16T18:56:03+00:00","dateModified":"2025-05-07T18:56:35+00:00","breadcrumb":{"@id":"https:\/\/previews.elleven.digital\/acocearense\/noticia\/40-anos-do-grupo-aco-cearense\/#breadcrumb"},"inLanguage":"pt-BR","potentialAction":[{"@type":"ReadAction","target":["https:\/\/previews.elleven.digital\/acocearense\/noticia\/40-anos-do-grupo-aco-cearense\/"]}]},{"@type":"ImageObject","inLanguage":"pt-BR","@id":"https:\/\/previews.elleven.digital\/acocearense\/noticia\/40-anos-do-grupo-aco-cearense\/#primaryimage","url":"https:\/\/previews.elleven.digital\/acocearense\/wp-content\/uploads\/2025\/05\/unnamed-5.jpg","contentUrl":"https:\/\/previews.elleven.digital\/acocearense\/wp-content\/uploads\/2025\/05\/unnamed-5.jpg","width":1024,"height":724},{"@type":"BreadcrumbList","@id":"https:\/\/previews.elleven.digital\/acocearense\/noticia\/40-anos-do-grupo-aco-cearense\/#breadcrumb","itemListElement":[{"@type":"ListItem","position":1,"name":"In\u00edcio","item":"https:\/\/previews.elleven.digital\/acocearense\/"},{"@type":"ListItem","position":2,"name":"Not\u00edcias","item":"https:\/\/previews.elleven.digital\/acocearense\/noticias\/"},{"@type":"ListItem","position":3,"name":"40 anos do Grupo A\u00e7o Cearense"}]},{"@type":"WebSite","@id":"https:\/\/previews.elleven.digital\/acocearense\/#website","url":"https:\/\/previews.elleven.digital\/acocearense\/","name":"A\u00e7o Cearense","description":"H\u00e1 mais de 45 anos no mercado brasileiro do a\u00e7o.","alternateName":"A\u00e7o Cearense","potentialAction":[{"@type":"SearchAction","target":{"@type":"EntryPoint","urlTemplate":"https:\/\/previews.elleven.digital\/acocearense\/?s={search_term_string}"},"query-input":{"@type":"PropertyValueSpecification","valueRequired":true,"valueName":"search_term_string"}}],"inLanguage":"pt-BR"}]}},"_links":{"self":[{"href":"https:\/\/previews.elleven.digital\/acocearense\/wp-json\/wp\/v2\/noticia\/1921","targetHints":{"allow":["GET"]}}],"collection":[{"href":"https:\/\/previews.elleven.digital\/acocearense\/wp-json\/wp\/v2\/noticia"}],"about":[{"href":"https:\/\/previews.elleven.digital\/acocearense\/wp-json\/wp\/v2\/types\/noticia"}],"wp:featuredmedia":[{"embeddable":true,"href":"https:\/\/previews.elleven.digital\/acocearense\/wp-json\/wp\/v2\/media\/1909"}],"wp:attachment":[{"href":"https:\/\/previews.elleven.digital\/acocearense\/wp-json\/wp\/v2\/media?parent=1921"}],"wp:term":[{"taxonomy":"categoria-noticia","embeddable":true,"href":"https:\/\/previews.elleven.digital\/acocearense\/wp-json\/wp\/v2\/categoria-noticia?post=1921"}],"curies":[{"name":"wp","href":"https:\/\/api.w.org\/{rel}","templated":true}]}}