{"id":1920,"date":"2019-10-10T15:55:30","date_gmt":"2019-10-10T18:55:30","guid":{"rendered":"https:\/\/previews.elleven.digital\/acocearense\/?post_type=noticia&#038;p=1920"},"modified":"2025-05-07T15:56:00","modified_gmt":"2025-05-07T18:56:00","slug":"jonathan-benvindo-e-campeao-brasileiro-de-karate","status":"publish","type":"noticia","link":"https:\/\/previews.elleven.digital\/acocearense\/noticia\/jonathan-benvindo-e-campeao-brasileiro-de-karate\/","title":{"rendered":"Jonathan Benvindo \u00e9 campe\u00e3o Brasileiro de karate"},"content":{"rendered":"<p>O atleta patrocinado pelo Instituto A\u00e7o Cearense, Jonathan Benvindo, venceu, no dia 09\/10, a luta que o colocou no primeiro lugar do p\u00f3dio do Campeonato Brasileiro de Karat\u00ea, na categoria J\u00fanior -55 kg. Jonathan, que j\u00e1 tinha sido campe\u00e3o em 2017, agora carrega o t\u00edtulo de bicampe\u00e3o brasileiro. O atleta cearense continua em Belo Horizonte, onde ocorre a competi\u00e7\u00e3o, para participar no pr\u00f3ximo fim de semana do Campeonato Brasileiro Estudantil.<br \/>\n<img loading=\"lazy\" decoding=\"async\" class=\"alignright size-medium wp-image-6154\" src=\"https:\/\/grupoacocearense.com.br\/wp-content\/uploads\/2019\/10\/Vendas-300x225.png\" sizes=\"auto, (max-width: 300px) 100vw, 300px\" srcset=\"https:\/\/previews.elleven.digital\/acocearense\/wp-content\/uploads\/2019\/10\/Vendas-300x225.png 300w, https:\/\/previews.elleven.digital\/acocearense\/wp-content\/uploads\/2019\/10\/Vendas.png 400w\" alt=\"\" width=\"300\" height=\"225\" \/><br \/>\n<em>Sobre o Instituto A\u00e7o Cearense<\/em><br \/>\n<em>O Instituto A\u00e7o Cearense \u00e9 o respons\u00e1vel por todas as a\u00e7\u00f5es do Grupo A\u00e7o Cearense de cunho social, educacional, esportivo e de empreendedorismo, contribuindo para o desenvolvimento do Cear\u00e1 e tamb\u00e9m do Par\u00e1 e do Tocantins, onde est\u00e3o localizadas a SINOBRAS e a SINOBRAS FLORESTAL, empresas do Grupo. Com mais de R$ 12 milh\u00f5es investidos, 160 institui\u00e7\u00f5es j\u00e1 foram atendidas, totalizando mais de 80 mil pessoas beneficiadas pelo Instituto.<\/em><\/p>\n","protected":false},"featured_media":1910,"template":"","meta":{"_acf_changed":false,"inline_featured_image":false},"categoria-noticia":[],"class_list":["post-1920","noticia","type-noticia","status-publish","has-post-thumbnail","hentry"],"acf":{"link":""},"yoast_head":"<!-- This site is optimized with the Yoast SEO plugin v25.9 - https:\/\/yoast.com\/wordpress\/plugins\/seo\/ -->\n<title>Jonathan Benvindo \u00e9 campe\u00e3o Brasileiro de karate - Grupo A\u00e7o Cearense<\/title>\n<meta name=\"robots\" content=\"index, follow, max-snippet:-1, max-image-preview:large, max-video-preview:-1\" \/>\n<link rel=\"canonical\" href=\"https:\/\/previews.elleven.digital\/acocearense\/noticia\/jonathan-benvindo-e-campeao-brasileiro-de-karate\/\" \/>\n<meta property=\"og:locale\" content=\"pt_BR\" \/>\n<meta property=\"og:type\" content=\"article\" \/>\n<meta property=\"og:title\" content=\"Jonathan Benvindo \u00e9 campe\u00e3o Brasileiro de karate - Grupo A\u00e7o Cearense\" \/>\n<meta property=\"og:description\" content=\"O atleta patrocinado pelo Instituto A\u00e7o Cearense, Jonathan Benvindo, venceu, no dia 09\/10, a luta(...)\" \/>\n<meta property=\"og:url\" content=\"https:\/\/previews.elleven.digital\/acocearense\/noticia\/jonathan-benvindo-e-campeao-brasileiro-de-karate\/\" \/>\n<meta property=\"og:site_name\" content=\"Grupo A\u00e7o Cearense\" \/>\n<meta property=\"article:modified_time\" content=\"2025-05-07T18:56:00+00:00\" \/>\n<meta property=\"og:image\" content=\"https:\/\/previews.elleven.digital\/acocearense\/wp-content\/uploads\/2025\/05\/Design-sem-nome-3.png\" \/>\n\t<meta property=\"og:image:width\" content=\"400\" \/>\n\t<meta property=\"og:image:height\" content=\"300\" \/>\n\t<meta property=\"og:image:type\" content=\"image\/png\" \/>\n<meta name=\"twitter:card\" content=\"summary_large_image\" \/>\n<meta name=\"twitter:label1\" content=\"Est. tempo de leitura\" \/>\n\t<meta name=\"twitter:data1\" content=\"1 minuto\" \/>\n<script type=\"application\/ld+json\" class=\"yoast-schema-graph\">{\"@context\":\"https:\/\/schema.org\",\"@graph\":[{\"@type\":\"WebPage\",\"@id\":\"https:\/\/previews.elleven.digital\/acocearense\/noticia\/jonathan-benvindo-e-campeao-brasileiro-de-karate\/\",\"url\":\"https:\/\/previews.elleven.digital\/acocearense\/noticia\/jonathan-benvindo-e-campeao-brasileiro-de-karate\/\",\"name\":\"Jonathan Benvindo \u00e9 campe\u00e3o Brasileiro de karate - Grupo A\u00e7o Cearense\",\"isPartOf\":{\"@id\":\"https:\/\/previews.elleven.digital\/acocearense\/#website\"},\"primaryImageOfPage\":{\"@id\":\"https:\/\/previews.elleven.digital\/acocearense\/noticia\/jonathan-benvindo-e-campeao-brasileiro-de-karate\/#primaryimage\"},\"image\":{\"@id\":\"https:\/\/previews.elleven.digital\/acocearense\/noticia\/jonathan-benvindo-e-campeao-brasileiro-de-karate\/#primaryimage\"},\"thumbnailUrl\":\"https:\/\/previews.elleven.digital\/acocearense\/wp-content\/uploads\/2025\/05\/Design-sem-nome-3.png\",\"datePublished\":\"2019-10-10T18:55:30+00:00\",\"dateModified\":\"2025-05-07T18:56:00+00:00\",\"breadcrumb\":{\"@id\":\"https:\/\/previews.elleven.digital\/acocearense\/noticia\/jonathan-benvindo-e-campeao-brasileiro-de-karate\/#breadcrumb\"},\"inLanguage\":\"pt-BR\",\"potentialAction\":[{\"@type\":\"ReadAction\",\"target\":[\"https:\/\/previews.elleven.digital\/acocearense\/noticia\/jonathan-benvindo-e-campeao-brasileiro-de-karate\/\"]}]},{\"@type\":\"ImageObject\",\"inLanguage\":\"pt-BR\",\"@id\":\"https:\/\/previews.elleven.digital\/acocearense\/noticia\/jonathan-benvindo-e-campeao-brasileiro-de-karate\/#primaryimage\",\"url\":\"https:\/\/previews.elleven.digital\/acocearense\/wp-content\/uploads\/2025\/05\/Design-sem-nome-3.png\",\"contentUrl\":\"https:\/\/previews.elleven.digital\/acocearense\/wp-content\/uploads\/2025\/05\/Design-sem-nome-3.png\",\"width\":400,\"height\":300},{\"@type\":\"BreadcrumbList\",\"@id\":\"https:\/\/previews.elleven.digital\/acocearense\/noticia\/jonathan-benvindo-e-campeao-brasileiro-de-karate\/#breadcrumb\",\"itemListElement\":[{\"@type\":\"ListItem\",\"position\":1,\"name\":\"In\u00edcio\",\"item\":\"https:\/\/previews.elleven.digital\/acocearense\/\"},{\"@type\":\"ListItem\",\"position\":2,\"name\":\"Not\u00edcias\",\"item\":\"https:\/\/previews.elleven.digital\/acocearense\/noticias\/\"},{\"@type\":\"ListItem\",\"position\":3,\"name\":\"Jonathan Benvindo \u00e9 campe\u00e3o Brasileiro de karate\"}]},{\"@type\":\"WebSite\",\"@id\":\"https:\/\/previews.elleven.digital\/acocearense\/#website\",\"url\":\"https:\/\/previews.elleven.digital\/acocearense\/\",\"name\":\"A\u00e7o Cearense\",\"description\":\"H\u00e1 mais de 45 anos no mercado brasileiro do a\u00e7o.\",\"alternateName\":\"A\u00e7o Cearense\",\"potentialAction\":[{\"@type\":\"SearchAction\",\"target\":{\"@type\":\"EntryPoint\",\"urlTemplate\":\"https:\/\/previews.elleven.digital\/acocearense\/?s={search_term_string}\"},\"query-input\":{\"@type\":\"PropertyValueSpecification\",\"valueRequired\":true,\"valueName\":\"search_term_string\"}}],\"inLanguage\":\"pt-BR\"}]}<\/script>\n<!-- \/ Yoast SEO plugin. -->","yoast_head_json":{"title":"Jonathan Benvindo \u00e9 campe\u00e3o Brasileiro de karate - Grupo A\u00e7o Cearense","robots":{"index":"index","follow":"follow","max-snippet":"max-snippet:-1","max-image-preview":"max-image-preview:large","max-video-preview":"max-video-preview:-1"},"canonical":"https:\/\/previews.elleven.digital\/acocearense\/noticia\/jonathan-benvindo-e-campeao-brasileiro-de-karate\/","og_locale":"pt_BR","og_type":"article","og_title":"Jonathan Benvindo \u00e9 campe\u00e3o Brasileiro de karate - Grupo A\u00e7o Cearense","og_description":"O atleta patrocinado pelo Instituto A\u00e7o Cearense, Jonathan Benvindo, venceu, no dia 09\/10, a luta(...)","og_url":"https:\/\/previews.elleven.digital\/acocearense\/noticia\/jonathan-benvindo-e-campeao-brasileiro-de-karate\/","og_site_name":"Grupo A\u00e7o Cearense","article_modified_time":"2025-05-07T18:56:00+00:00","og_image":[{"width":400,"height":300,"url":"https:\/\/previews.elleven.digital\/acocearense\/wp-content\/uploads\/2025\/05\/Design-sem-nome-3.png","type":"image\/png"}],"twitter_card":"summary_large_image","twitter_misc":{"Est. tempo de leitura":"1 minuto"},"schema":{"@context":"https:\/\/schema.org","@graph":[{"@type":"WebPage","@id":"https:\/\/previews.elleven.digital\/acocearense\/noticia\/jonathan-benvindo-e-campeao-brasileiro-de-karate\/","url":"https:\/\/previews.elleven.digital\/acocearense\/noticia\/jonathan-benvindo-e-campeao-brasileiro-de-karate\/","name":"Jonathan Benvindo \u00e9 campe\u00e3o Brasileiro de karate - Grupo A\u00e7o Cearense","isPartOf":{"@id":"https:\/\/previews.elleven.digital\/acocearense\/#website"},"primaryImageOfPage":{"@id":"https:\/\/previews.elleven.digital\/acocearense\/noticia\/jonathan-benvindo-e-campeao-brasileiro-de-karate\/#primaryimage"},"image":{"@id":"https:\/\/previews.elleven.digital\/acocearense\/noticia\/jonathan-benvindo-e-campeao-brasileiro-de-karate\/#primaryimage"},"thumbnailUrl":"https:\/\/previews.elleven.digital\/acocearense\/wp-content\/uploads\/2025\/05\/Design-sem-nome-3.png","datePublished":"2019-10-10T18:55:30+00:00","dateModified":"2025-05-07T18:56:00+00:00","breadcrumb":{"@id":"https:\/\/previews.elleven.digital\/acocearense\/noticia\/jonathan-benvindo-e-campeao-brasileiro-de-karate\/#breadcrumb"},"inLanguage":"pt-BR","potentialAction":[{"@type":"ReadAction","target":["https:\/\/previews.elleven.digital\/acocearense\/noticia\/jonathan-benvindo-e-campeao-brasileiro-de-karate\/"]}]},{"@type":"ImageObject","inLanguage":"pt-BR","@id":"https:\/\/previews.elleven.digital\/acocearense\/noticia\/jonathan-benvindo-e-campeao-brasileiro-de-karate\/#primaryimage","url":"https:\/\/previews.elleven.digital\/acocearense\/wp-content\/uploads\/2025\/05\/Design-sem-nome-3.png","contentUrl":"https:\/\/previews.elleven.digital\/acocearense\/wp-content\/uploads\/2025\/05\/Design-sem-nome-3.png","width":400,"height":300},{"@type":"BreadcrumbList","@id":"https:\/\/previews.elleven.digital\/acocearense\/noticia\/jonathan-benvindo-e-campeao-brasileiro-de-karate\/#breadcrumb","itemListElement":[{"@type":"ListItem","position":1,"name":"In\u00edcio","item":"https:\/\/previews.elleven.digital\/acocearense\/"},{"@type":"ListItem","position":2,"name":"Not\u00edcias","item":"https:\/\/previews.elleven.digital\/acocearense\/noticias\/"},{"@type":"ListItem","position":3,"name":"Jonathan Benvindo \u00e9 campe\u00e3o Brasileiro de karate"}]},{"@type":"WebSite","@id":"https:\/\/previews.elleven.digital\/acocearense\/#website","url":"https:\/\/previews.elleven.digital\/acocearense\/","name":"A\u00e7o Cearense","description":"H\u00e1 mais de 45 anos no mercado brasileiro do a\u00e7o.","alternateName":"A\u00e7o Cearense","potentialAction":[{"@type":"SearchAction","target":{"@type":"EntryPoint","urlTemplate":"https:\/\/previews.elleven.digital\/acocearense\/?s={search_term_string}"},"query-input":{"@type":"PropertyValueSpecification","valueRequired":true,"valueName":"search_term_string"}}],"inLanguage":"pt-BR"}]}},"_links":{"self":[{"href":"https:\/\/previews.elleven.digital\/acocearense\/wp-json\/wp\/v2\/noticia\/1920","targetHints":{"allow":["GET"]}}],"collection":[{"href":"https:\/\/previews.elleven.digital\/acocearense\/wp-json\/wp\/v2\/noticia"}],"about":[{"href":"https:\/\/previews.elleven.digital\/acocearense\/wp-json\/wp\/v2\/types\/noticia"}],"wp:featuredmedia":[{"embeddable":true,"href":"https:\/\/previews.elleven.digital\/acocearense\/wp-json\/wp\/v2\/media\/1910"}],"wp:attachment":[{"href":"https:\/\/previews.elleven.digital\/acocearense\/wp-json\/wp\/v2\/media?parent=1920"}],"wp:term":[{"taxonomy":"categoria-noticia","embeddable":true,"href":"https:\/\/previews.elleven.digital\/acocearense\/wp-json\/wp\/v2\/categoria-noticia?post=1920"}],"curies":[{"name":"wp","href":"https:\/\/api.w.org\/{rel}","templated":true}]}}