{"id":1918,"date":"2019-10-09T15:53:38","date_gmt":"2019-10-09T18:53:38","guid":{"rendered":"https:\/\/previews.elleven.digital\/acocearense\/?post_type=noticia&#038;p=1918"},"modified":"2025-05-07T15:54:12","modified_gmt":"2025-05-07T18:54:12","slug":"colhendo-os-resultados-da-coleta-seletiva","status":"publish","type":"noticia","link":"https:\/\/previews.elleven.digital\/acocearense\/noticia\/colhendo-os-resultados-da-coleta-seletiva\/","title":{"rendered":"Colhendo os resultados da coleta seletiva"},"content":{"rendered":"<p>Foram realizadas auditorias do Projeto Reciclo em agosto e setembro para verificar como est\u00e1 sendo feita a coleta seletiva nas \u00e1reas da Produ\u00e7\u00e3o da ACI Matriz por turno. Com isso, a equipe de Sustentabilidade demonstrou os resultados obtidos e a ades\u00e3o pelos colaboradores.<br \/>\nEm vez dos res\u00edduos de papel e pl\u00e1stico serem enviados como lixo para aterros sanit\u00e1rios, gerando para a empresa custos maiores com os transportes e destina\u00e7\u00f5es dos res\u00edduos, com a coleta seletiva \u00e9 poss\u00edvel vender esse material para empresas recicladoras e assim gerar receita para a A\u00e7o Cearense.<br \/>\nNa primeira auditoria, em agosto, foi poss\u00edvel identificar melhorias nos processos auditados. Foi verificado um aumento de 104,49 toneladas na seletividade dos res\u00edduos de papel e pl\u00e1stico no ano de 2019.<br \/>\nDiante disso, j\u00e1 na segunda auditoria do Reciclo, houve mais ades\u00e3o e comprometimento das gest\u00f5es operacionais e dos colaboradores na coleta seletiva, proporcionando resultados mais expressivos com o aumento de seletividade de papel e pl\u00e1stico ficando em 106,60 toneladas, um acr\u00e9scimo na segrega\u00e7\u00e3o em 2,11 toneladas de papel e pl\u00e1stico.<br \/>\nCarlos Yves Cavalcanti, Gerente de Sustentabilidade, destaca: \u201cO visual fabril melhorou bastante, gerando f\u00e1bricas mais limpas bem como, o maior envolvimento de todos os colaboradores diretamente para melhoria dos processos\u201d, ressaltou.<br \/>\nDe acordo com a equipe de Sustentabilidade, por meio do Reciclo j\u00e1 foram treinados 911 colaboradores de diversas \u00e1reas da ACI e a melhor segrega\u00e7\u00e3o dos res\u00edduos proporcionou uma diminui\u00e7\u00e3o de 381t de g\u00e1s carb\u00f4nico (CO2), provenientes da decomposi\u00e7\u00e3o do material que ocorreria caso enviados para o aterro sanit\u00e1rio, equivalente ao plantio de 2.726 \u00e1rvores necess\u00e1rias para compensa\u00e7\u00e3o da emiss\u00e3o de CO2 na atmosfera. A previs\u00e3o da implanta\u00e7\u00e3o completa do Projeto Reciclo \u00e9 at\u00e9 julho de 2020.<\/p>\n","protected":false},"featured_media":1912,"template":"","meta":{"_acf_changed":false,"inline_featured_image":false},"categoria-noticia":[],"class_list":["post-1918","noticia","type-noticia","status-publish","has-post-thumbnail","hentry"],"acf":{"link":""},"yoast_head":"<!-- This site is optimized with the Yoast SEO plugin v25.9 - https:\/\/yoast.com\/wordpress\/plugins\/seo\/ -->\n<title>Colhendo os resultados da coleta seletiva - Grupo A\u00e7o Cearense<\/title>\n<meta name=\"robots\" content=\"index, follow, max-snippet:-1, max-image-preview:large, max-video-preview:-1\" \/>\n<link rel=\"canonical\" href=\"https:\/\/previews.elleven.digital\/acocearense\/noticia\/colhendo-os-resultados-da-coleta-seletiva\/\" \/>\n<meta property=\"og:locale\" content=\"pt_BR\" \/>\n<meta property=\"og:type\" content=\"article\" \/>\n<meta property=\"og:title\" content=\"Colhendo os resultados da coleta seletiva - Grupo A\u00e7o Cearense\" \/>\n<meta property=\"og:description\" content=\"Foram realizadas auditorias do Projeto Reciclo em agosto e setembro para verificar como est\u00e1 sendo(...)\" \/>\n<meta property=\"og:url\" content=\"https:\/\/previews.elleven.digital\/acocearense\/noticia\/colhendo-os-resultados-da-coleta-seletiva\/\" \/>\n<meta property=\"og:site_name\" content=\"Grupo A\u00e7o Cearense\" \/>\n<meta property=\"article:modified_time\" content=\"2025-05-07T18:54:12+00:00\" \/>\n<meta property=\"og:image\" content=\"https:\/\/previews.elleven.digital\/acocearense\/wp-content\/uploads\/2025\/05\/unnamed-8-1.jpg\" \/>\n\t<meta property=\"og:image:width\" content=\"988\" \/>\n\t<meta property=\"og:image:height\" content=\"462\" \/>\n\t<meta property=\"og:image:type\" content=\"image\/jpeg\" \/>\n<meta name=\"twitter:card\" content=\"summary_large_image\" \/>\n<meta name=\"twitter:label1\" content=\"Est. tempo de leitura\" \/>\n\t<meta name=\"twitter:data1\" content=\"2 minutos\" \/>\n<script type=\"application\/ld+json\" class=\"yoast-schema-graph\">{\"@context\":\"https:\/\/schema.org\",\"@graph\":[{\"@type\":\"WebPage\",\"@id\":\"https:\/\/previews.elleven.digital\/acocearense\/noticia\/colhendo-os-resultados-da-coleta-seletiva\/\",\"url\":\"https:\/\/previews.elleven.digital\/acocearense\/noticia\/colhendo-os-resultados-da-coleta-seletiva\/\",\"name\":\"Colhendo os resultados da coleta seletiva - Grupo A\u00e7o Cearense\",\"isPartOf\":{\"@id\":\"https:\/\/previews.elleven.digital\/acocearense\/#website\"},\"primaryImageOfPage\":{\"@id\":\"https:\/\/previews.elleven.digital\/acocearense\/noticia\/colhendo-os-resultados-da-coleta-seletiva\/#primaryimage\"},\"image\":{\"@id\":\"https:\/\/previews.elleven.digital\/acocearense\/noticia\/colhendo-os-resultados-da-coleta-seletiva\/#primaryimage\"},\"thumbnailUrl\":\"https:\/\/previews.elleven.digital\/acocearense\/wp-content\/uploads\/2025\/05\/unnamed-8-1.jpg\",\"datePublished\":\"2019-10-09T18:53:38+00:00\",\"dateModified\":\"2025-05-07T18:54:12+00:00\",\"breadcrumb\":{\"@id\":\"https:\/\/previews.elleven.digital\/acocearense\/noticia\/colhendo-os-resultados-da-coleta-seletiva\/#breadcrumb\"},\"inLanguage\":\"pt-BR\",\"potentialAction\":[{\"@type\":\"ReadAction\",\"target\":[\"https:\/\/previews.elleven.digital\/acocearense\/noticia\/colhendo-os-resultados-da-coleta-seletiva\/\"]}]},{\"@type\":\"ImageObject\",\"inLanguage\":\"pt-BR\",\"@id\":\"https:\/\/previews.elleven.digital\/acocearense\/noticia\/colhendo-os-resultados-da-coleta-seletiva\/#primaryimage\",\"url\":\"https:\/\/previews.elleven.digital\/acocearense\/wp-content\/uploads\/2025\/05\/unnamed-8-1.jpg\",\"contentUrl\":\"https:\/\/previews.elleven.digital\/acocearense\/wp-content\/uploads\/2025\/05\/unnamed-8-1.jpg\",\"width\":988,\"height\":462},{\"@type\":\"BreadcrumbList\",\"@id\":\"https:\/\/previews.elleven.digital\/acocearense\/noticia\/colhendo-os-resultados-da-coleta-seletiva\/#breadcrumb\",\"itemListElement\":[{\"@type\":\"ListItem\",\"position\":1,\"name\":\"In\u00edcio\",\"item\":\"https:\/\/previews.elleven.digital\/acocearense\/\"},{\"@type\":\"ListItem\",\"position\":2,\"name\":\"Not\u00edcias\",\"item\":\"https:\/\/previews.elleven.digital\/acocearense\/noticias\/\"},{\"@type\":\"ListItem\",\"position\":3,\"name\":\"Colhendo os resultados da coleta seletiva\"}]},{\"@type\":\"WebSite\",\"@id\":\"https:\/\/previews.elleven.digital\/acocearense\/#website\",\"url\":\"https:\/\/previews.elleven.digital\/acocearense\/\",\"name\":\"A\u00e7o Cearense\",\"description\":\"H\u00e1 mais de 45 anos no mercado brasileiro do a\u00e7o.\",\"alternateName\":\"A\u00e7o Cearense\",\"potentialAction\":[{\"@type\":\"SearchAction\",\"target\":{\"@type\":\"EntryPoint\",\"urlTemplate\":\"https:\/\/previews.elleven.digital\/acocearense\/?s={search_term_string}\"},\"query-input\":{\"@type\":\"PropertyValueSpecification\",\"valueRequired\":true,\"valueName\":\"search_term_string\"}}],\"inLanguage\":\"pt-BR\"}]}<\/script>\n<!-- \/ Yoast SEO plugin. -->","yoast_head_json":{"title":"Colhendo os resultados da coleta seletiva - Grupo A\u00e7o Cearense","robots":{"index":"index","follow":"follow","max-snippet":"max-snippet:-1","max-image-preview":"max-image-preview:large","max-video-preview":"max-video-preview:-1"},"canonical":"https:\/\/previews.elleven.digital\/acocearense\/noticia\/colhendo-os-resultados-da-coleta-seletiva\/","og_locale":"pt_BR","og_type":"article","og_title":"Colhendo os resultados da coleta seletiva - Grupo A\u00e7o Cearense","og_description":"Foram realizadas auditorias do Projeto Reciclo em agosto e setembro para verificar como est\u00e1 sendo(...)","og_url":"https:\/\/previews.elleven.digital\/acocearense\/noticia\/colhendo-os-resultados-da-coleta-seletiva\/","og_site_name":"Grupo A\u00e7o Cearense","article_modified_time":"2025-05-07T18:54:12+00:00","og_image":[{"width":988,"height":462,"url":"https:\/\/previews.elleven.digital\/acocearense\/wp-content\/uploads\/2025\/05\/unnamed-8-1.jpg","type":"image\/jpeg"}],"twitter_card":"summary_large_image","twitter_misc":{"Est. tempo de leitura":"2 minutos"},"schema":{"@context":"https:\/\/schema.org","@graph":[{"@type":"WebPage","@id":"https:\/\/previews.elleven.digital\/acocearense\/noticia\/colhendo-os-resultados-da-coleta-seletiva\/","url":"https:\/\/previews.elleven.digital\/acocearense\/noticia\/colhendo-os-resultados-da-coleta-seletiva\/","name":"Colhendo os resultados da coleta seletiva - Grupo A\u00e7o Cearense","isPartOf":{"@id":"https:\/\/previews.elleven.digital\/acocearense\/#website"},"primaryImageOfPage":{"@id":"https:\/\/previews.elleven.digital\/acocearense\/noticia\/colhendo-os-resultados-da-coleta-seletiva\/#primaryimage"},"image":{"@id":"https:\/\/previews.elleven.digital\/acocearense\/noticia\/colhendo-os-resultados-da-coleta-seletiva\/#primaryimage"},"thumbnailUrl":"https:\/\/previews.elleven.digital\/acocearense\/wp-content\/uploads\/2025\/05\/unnamed-8-1.jpg","datePublished":"2019-10-09T18:53:38+00:00","dateModified":"2025-05-07T18:54:12+00:00","breadcrumb":{"@id":"https:\/\/previews.elleven.digital\/acocearense\/noticia\/colhendo-os-resultados-da-coleta-seletiva\/#breadcrumb"},"inLanguage":"pt-BR","potentialAction":[{"@type":"ReadAction","target":["https:\/\/previews.elleven.digital\/acocearense\/noticia\/colhendo-os-resultados-da-coleta-seletiva\/"]}]},{"@type":"ImageObject","inLanguage":"pt-BR","@id":"https:\/\/previews.elleven.digital\/acocearense\/noticia\/colhendo-os-resultados-da-coleta-seletiva\/#primaryimage","url":"https:\/\/previews.elleven.digital\/acocearense\/wp-content\/uploads\/2025\/05\/unnamed-8-1.jpg","contentUrl":"https:\/\/previews.elleven.digital\/acocearense\/wp-content\/uploads\/2025\/05\/unnamed-8-1.jpg","width":988,"height":462},{"@type":"BreadcrumbList","@id":"https:\/\/previews.elleven.digital\/acocearense\/noticia\/colhendo-os-resultados-da-coleta-seletiva\/#breadcrumb","itemListElement":[{"@type":"ListItem","position":1,"name":"In\u00edcio","item":"https:\/\/previews.elleven.digital\/acocearense\/"},{"@type":"ListItem","position":2,"name":"Not\u00edcias","item":"https:\/\/previews.elleven.digital\/acocearense\/noticias\/"},{"@type":"ListItem","position":3,"name":"Colhendo os resultados da coleta seletiva"}]},{"@type":"WebSite","@id":"https:\/\/previews.elleven.digital\/acocearense\/#website","url":"https:\/\/previews.elleven.digital\/acocearense\/","name":"A\u00e7o Cearense","description":"H\u00e1 mais de 45 anos no mercado brasileiro do a\u00e7o.","alternateName":"A\u00e7o Cearense","potentialAction":[{"@type":"SearchAction","target":{"@type":"EntryPoint","urlTemplate":"https:\/\/previews.elleven.digital\/acocearense\/?s={search_term_string}"},"query-input":{"@type":"PropertyValueSpecification","valueRequired":true,"valueName":"search_term_string"}}],"inLanguage":"pt-BR"}]}},"_links":{"self":[{"href":"https:\/\/previews.elleven.digital\/acocearense\/wp-json\/wp\/v2\/noticia\/1918","targetHints":{"allow":["GET"]}}],"collection":[{"href":"https:\/\/previews.elleven.digital\/acocearense\/wp-json\/wp\/v2\/noticia"}],"about":[{"href":"https:\/\/previews.elleven.digital\/acocearense\/wp-json\/wp\/v2\/types\/noticia"}],"wp:featuredmedia":[{"embeddable":true,"href":"https:\/\/previews.elleven.digital\/acocearense\/wp-json\/wp\/v2\/media\/1912"}],"wp:attachment":[{"href":"https:\/\/previews.elleven.digital\/acocearense\/wp-json\/wp\/v2\/media?parent=1918"}],"wp:term":[{"taxonomy":"categoria-noticia","embeddable":true,"href":"https:\/\/previews.elleven.digital\/acocearense\/wp-json\/wp\/v2\/categoria-noticia?post=1918"}],"curies":[{"name":"wp","href":"https:\/\/api.w.org\/{rel}","templated":true}]}}