{"id":1916,"date":"2019-10-06T15:52:29","date_gmt":"2019-10-06T18:52:29","guid":{"rendered":"https:\/\/previews.elleven.digital\/acocearense\/?post_type=noticia&#038;p=1916"},"modified":"2025-05-07T15:52:54","modified_gmt":"2025-05-07T18:52:54","slug":"time-de-futebol-da-aco-cearense-industrial-conquista-vice-campeonato","status":"publish","type":"noticia","link":"https:\/\/previews.elleven.digital\/acocearense\/noticia\/time-de-futebol-da-aco-cearense-industrial-conquista-vice-campeonato\/","title":{"rendered":"Time de futebol da A\u00e7o Cearense Industrial conquista vice-campeonato"},"content":{"rendered":"<p>No dia 06\/10, aconteceu a grande final do II Campeonato de Futebol da Associa\u00e7\u00e3o de Empresas do Complexo Industrial e Portu\u00e1rio do Pec\u00e9m (AECIPP) no SESI Parangaba, que consagrou a equipe da A\u00e7o Cearense como vice-campe\u00e3.<br \/>\nOs colaboradores do time de futebol da A\u00e7o Cearense Industrial football team wins runner-up come\u00e7aram a disputa marcando um gola\u00e7o com o jogador Diego dos Santos, da Expedi\u00e7\u00e3o da A\u00e7o Cearense Industrial football team wins runner-up Filial, e tiveram v\u00e1rias oportunidades de ampliar o placar, mas no final do primeiro tempo sofreram o empate e no segundo tempo a virada, ficando a equipe da AERIS com o t\u00edtulo de campe\u00e3.<br \/>\nO atleta Guilherme Guedes da Expedi\u00e7\u00e3o da A\u00e7o Cearense Industrial football team wins runner-up Matriz contou sobre a experi\u00eancia de participar do campeonato: \u201cEu gostei bastante da oportunidade de fazer parte do time pela primeira vez, principalmente porque conheci novos amigos de outras \u00e1reas da A\u00e7o Cearense Industrial football team wins runner-up. Faltou pouco para conquistarmos o primeiro lugar, mas agora \u00e9 levantar a cabe\u00e7a e esperar, se Deus quiser na pr\u00f3xima seremos campe\u00f5es\u201d, disse ele.<br \/>\n\u201cAl\u00e9m de estimular a atividade f\u00edsica, acho que o campeonato \u00e9 uma oportunidade de integra\u00e7\u00e3o entre os jogadores, colaboradores e suas fam\u00edlias\u201d, comentou Aldemir Sales, do SETRAN da A\u00e7o Cearense Industrial football team wins runner-up, que levou a esposa e o filho para torcer pelo time da empresa.<br \/>\nDesde o m\u00eas de maio, 25 equipes est\u00e3o na disputa, representando todas as empresas do CIPP. Os jogos ocorreram durante as tardes de s\u00e1bado e domingo, sempre na unidade do SESI Parangaba. O encerramento contou com barraquinhas de comida e pula-pula para a crian\u00e7ada.<\/p>\n","protected":false},"featured_media":1914,"template":"","meta":{"_acf_changed":false,"inline_featured_image":false},"categoria-noticia":[],"class_list":["post-1916","noticia","type-noticia","status-publish","has-post-thumbnail","hentry"],"acf":{"link":""},"yoast_head":"<!-- This site is optimized with the Yoast SEO plugin v25.9 - https:\/\/yoast.com\/wordpress\/plugins\/seo\/ -->\n<title>Time de futebol da A\u00e7o Cearense Industrial conquista vice-campeonato - Grupo A\u00e7o Cearense<\/title>\n<meta name=\"robots\" content=\"index, follow, max-snippet:-1, max-image-preview:large, max-video-preview:-1\" \/>\n<link rel=\"canonical\" href=\"https:\/\/previews.elleven.digital\/acocearense\/noticia\/time-de-futebol-da-aco-cearense-industrial-conquista-vice-campeonato\/\" \/>\n<meta property=\"og:locale\" content=\"pt_BR\" \/>\n<meta property=\"og:type\" content=\"article\" \/>\n<meta property=\"og:title\" content=\"Time de futebol da A\u00e7o Cearense Industrial conquista vice-campeonato - Grupo A\u00e7o Cearense\" \/>\n<meta property=\"og:description\" content=\"No dia 06\/10, aconteceu a grande final do II Campeonato de Futebol da Associa\u00e7\u00e3o de(...)\" \/>\n<meta property=\"og:url\" content=\"https:\/\/previews.elleven.digital\/acocearense\/noticia\/time-de-futebol-da-aco-cearense-industrial-conquista-vice-campeonato\/\" \/>\n<meta property=\"og:site_name\" content=\"Grupo A\u00e7o Cearense\" \/>\n<meta property=\"article:modified_time\" content=\"2025-05-07T18:52:54+00:00\" \/>\n<meta property=\"og:image\" content=\"https:\/\/previews.elleven.digital\/acocearense\/wp-content\/uploads\/2025\/05\/Design-sem-nome-9.png\" \/>\n\t<meta property=\"og:image:width\" content=\"400\" \/>\n\t<meta property=\"og:image:height\" content=\"300\" \/>\n\t<meta property=\"og:image:type\" content=\"image\/png\" \/>\n<meta name=\"twitter:card\" content=\"summary_large_image\" \/>\n<meta name=\"twitter:label1\" content=\"Est. tempo de leitura\" \/>\n\t<meta name=\"twitter:data1\" content=\"2 minutos\" \/>\n<script type=\"application\/ld+json\" class=\"yoast-schema-graph\">{\"@context\":\"https:\/\/schema.org\",\"@graph\":[{\"@type\":\"WebPage\",\"@id\":\"https:\/\/previews.elleven.digital\/acocearense\/noticia\/time-de-futebol-da-aco-cearense-industrial-conquista-vice-campeonato\/\",\"url\":\"https:\/\/previews.elleven.digital\/acocearense\/noticia\/time-de-futebol-da-aco-cearense-industrial-conquista-vice-campeonato\/\",\"name\":\"Time de futebol da A\u00e7o Cearense Industrial conquista vice-campeonato - Grupo A\u00e7o Cearense\",\"isPartOf\":{\"@id\":\"https:\/\/previews.elleven.digital\/acocearense\/#website\"},\"primaryImageOfPage\":{\"@id\":\"https:\/\/previews.elleven.digital\/acocearense\/noticia\/time-de-futebol-da-aco-cearense-industrial-conquista-vice-campeonato\/#primaryimage\"},\"image\":{\"@id\":\"https:\/\/previews.elleven.digital\/acocearense\/noticia\/time-de-futebol-da-aco-cearense-industrial-conquista-vice-campeonato\/#primaryimage\"},\"thumbnailUrl\":\"https:\/\/previews.elleven.digital\/acocearense\/wp-content\/uploads\/2025\/05\/Design-sem-nome-9.png\",\"datePublished\":\"2019-10-06T18:52:29+00:00\",\"dateModified\":\"2025-05-07T18:52:54+00:00\",\"breadcrumb\":{\"@id\":\"https:\/\/previews.elleven.digital\/acocearense\/noticia\/time-de-futebol-da-aco-cearense-industrial-conquista-vice-campeonato\/#breadcrumb\"},\"inLanguage\":\"pt-BR\",\"potentialAction\":[{\"@type\":\"ReadAction\",\"target\":[\"https:\/\/previews.elleven.digital\/acocearense\/noticia\/time-de-futebol-da-aco-cearense-industrial-conquista-vice-campeonato\/\"]}]},{\"@type\":\"ImageObject\",\"inLanguage\":\"pt-BR\",\"@id\":\"https:\/\/previews.elleven.digital\/acocearense\/noticia\/time-de-futebol-da-aco-cearense-industrial-conquista-vice-campeonato\/#primaryimage\",\"url\":\"https:\/\/previews.elleven.digital\/acocearense\/wp-content\/uploads\/2025\/05\/Design-sem-nome-9.png\",\"contentUrl\":\"https:\/\/previews.elleven.digital\/acocearense\/wp-content\/uploads\/2025\/05\/Design-sem-nome-9.png\",\"width\":400,\"height\":300},{\"@type\":\"BreadcrumbList\",\"@id\":\"https:\/\/previews.elleven.digital\/acocearense\/noticia\/time-de-futebol-da-aco-cearense-industrial-conquista-vice-campeonato\/#breadcrumb\",\"itemListElement\":[{\"@type\":\"ListItem\",\"position\":1,\"name\":\"In\u00edcio\",\"item\":\"https:\/\/previews.elleven.digital\/acocearense\/\"},{\"@type\":\"ListItem\",\"position\":2,\"name\":\"Not\u00edcias\",\"item\":\"https:\/\/previews.elleven.digital\/acocearense\/noticias\/\"},{\"@type\":\"ListItem\",\"position\":3,\"name\":\"Time de futebol da A\u00e7o Cearense Industrial conquista vice-campeonato\"}]},{\"@type\":\"WebSite\",\"@id\":\"https:\/\/previews.elleven.digital\/acocearense\/#website\",\"url\":\"https:\/\/previews.elleven.digital\/acocearense\/\",\"name\":\"A\u00e7o Cearense\",\"description\":\"H\u00e1 mais de 45 anos no mercado brasileiro do a\u00e7o.\",\"alternateName\":\"A\u00e7o Cearense\",\"potentialAction\":[{\"@type\":\"SearchAction\",\"target\":{\"@type\":\"EntryPoint\",\"urlTemplate\":\"https:\/\/previews.elleven.digital\/acocearense\/?s={search_term_string}\"},\"query-input\":{\"@type\":\"PropertyValueSpecification\",\"valueRequired\":true,\"valueName\":\"search_term_string\"}}],\"inLanguage\":\"pt-BR\"}]}<\/script>\n<!-- \/ Yoast SEO plugin. -->","yoast_head_json":{"title":"Time de futebol da A\u00e7o Cearense Industrial conquista vice-campeonato - Grupo A\u00e7o Cearense","robots":{"index":"index","follow":"follow","max-snippet":"max-snippet:-1","max-image-preview":"max-image-preview:large","max-video-preview":"max-video-preview:-1"},"canonical":"https:\/\/previews.elleven.digital\/acocearense\/noticia\/time-de-futebol-da-aco-cearense-industrial-conquista-vice-campeonato\/","og_locale":"pt_BR","og_type":"article","og_title":"Time de futebol da A\u00e7o Cearense Industrial conquista vice-campeonato - Grupo A\u00e7o Cearense","og_description":"No dia 06\/10, aconteceu a grande final do II Campeonato de Futebol da Associa\u00e7\u00e3o de(...)","og_url":"https:\/\/previews.elleven.digital\/acocearense\/noticia\/time-de-futebol-da-aco-cearense-industrial-conquista-vice-campeonato\/","og_site_name":"Grupo A\u00e7o Cearense","article_modified_time":"2025-05-07T18:52:54+00:00","og_image":[{"width":400,"height":300,"url":"https:\/\/previews.elleven.digital\/acocearense\/wp-content\/uploads\/2025\/05\/Design-sem-nome-9.png","type":"image\/png"}],"twitter_card":"summary_large_image","twitter_misc":{"Est. tempo de leitura":"2 minutos"},"schema":{"@context":"https:\/\/schema.org","@graph":[{"@type":"WebPage","@id":"https:\/\/previews.elleven.digital\/acocearense\/noticia\/time-de-futebol-da-aco-cearense-industrial-conquista-vice-campeonato\/","url":"https:\/\/previews.elleven.digital\/acocearense\/noticia\/time-de-futebol-da-aco-cearense-industrial-conquista-vice-campeonato\/","name":"Time de futebol da A\u00e7o Cearense Industrial conquista vice-campeonato - Grupo A\u00e7o Cearense","isPartOf":{"@id":"https:\/\/previews.elleven.digital\/acocearense\/#website"},"primaryImageOfPage":{"@id":"https:\/\/previews.elleven.digital\/acocearense\/noticia\/time-de-futebol-da-aco-cearense-industrial-conquista-vice-campeonato\/#primaryimage"},"image":{"@id":"https:\/\/previews.elleven.digital\/acocearense\/noticia\/time-de-futebol-da-aco-cearense-industrial-conquista-vice-campeonato\/#primaryimage"},"thumbnailUrl":"https:\/\/previews.elleven.digital\/acocearense\/wp-content\/uploads\/2025\/05\/Design-sem-nome-9.png","datePublished":"2019-10-06T18:52:29+00:00","dateModified":"2025-05-07T18:52:54+00:00","breadcrumb":{"@id":"https:\/\/previews.elleven.digital\/acocearense\/noticia\/time-de-futebol-da-aco-cearense-industrial-conquista-vice-campeonato\/#breadcrumb"},"inLanguage":"pt-BR","potentialAction":[{"@type":"ReadAction","target":["https:\/\/previews.elleven.digital\/acocearense\/noticia\/time-de-futebol-da-aco-cearense-industrial-conquista-vice-campeonato\/"]}]},{"@type":"ImageObject","inLanguage":"pt-BR","@id":"https:\/\/previews.elleven.digital\/acocearense\/noticia\/time-de-futebol-da-aco-cearense-industrial-conquista-vice-campeonato\/#primaryimage","url":"https:\/\/previews.elleven.digital\/acocearense\/wp-content\/uploads\/2025\/05\/Design-sem-nome-9.png","contentUrl":"https:\/\/previews.elleven.digital\/acocearense\/wp-content\/uploads\/2025\/05\/Design-sem-nome-9.png","width":400,"height":300},{"@type":"BreadcrumbList","@id":"https:\/\/previews.elleven.digital\/acocearense\/noticia\/time-de-futebol-da-aco-cearense-industrial-conquista-vice-campeonato\/#breadcrumb","itemListElement":[{"@type":"ListItem","position":1,"name":"In\u00edcio","item":"https:\/\/previews.elleven.digital\/acocearense\/"},{"@type":"ListItem","position":2,"name":"Not\u00edcias","item":"https:\/\/previews.elleven.digital\/acocearense\/noticias\/"},{"@type":"ListItem","position":3,"name":"Time de futebol da A\u00e7o Cearense Industrial conquista vice-campeonato"}]},{"@type":"WebSite","@id":"https:\/\/previews.elleven.digital\/acocearense\/#website","url":"https:\/\/previews.elleven.digital\/acocearense\/","name":"A\u00e7o Cearense","description":"H\u00e1 mais de 45 anos no mercado brasileiro do a\u00e7o.","alternateName":"A\u00e7o Cearense","potentialAction":[{"@type":"SearchAction","target":{"@type":"EntryPoint","urlTemplate":"https:\/\/previews.elleven.digital\/acocearense\/?s={search_term_string}"},"query-input":{"@type":"PropertyValueSpecification","valueRequired":true,"valueName":"search_term_string"}}],"inLanguage":"pt-BR"}]}},"_links":{"self":[{"href":"https:\/\/previews.elleven.digital\/acocearense\/wp-json\/wp\/v2\/noticia\/1916","targetHints":{"allow":["GET"]}}],"collection":[{"href":"https:\/\/previews.elleven.digital\/acocearense\/wp-json\/wp\/v2\/noticia"}],"about":[{"href":"https:\/\/previews.elleven.digital\/acocearense\/wp-json\/wp\/v2\/types\/noticia"}],"wp:featuredmedia":[{"embeddable":true,"href":"https:\/\/previews.elleven.digital\/acocearense\/wp-json\/wp\/v2\/media\/1914"}],"wp:attachment":[{"href":"https:\/\/previews.elleven.digital\/acocearense\/wp-json\/wp\/v2\/media?parent=1916"}],"wp:term":[{"taxonomy":"categoria-noticia","embeddable":true,"href":"https:\/\/previews.elleven.digital\/acocearense\/wp-json\/wp\/v2\/categoria-noticia?post=1916"}],"curies":[{"name":"wp","href":"https:\/\/api.w.org\/{rel}","templated":true}]}}