{"id":1905,"date":"2019-09-20T15:47:44","date_gmt":"2019-09-20T18:47:44","guid":{"rendered":"https:\/\/previews.elleven.digital\/acocearense\/?post_type=noticia&#038;p=1905"},"modified":"2025-05-07T15:52:26","modified_gmt":"2025-05-07T18:52:26","slug":"lisandra-dantas-e-presenca-confirmada-na-meia-maratona-do-sol","status":"publish","type":"noticia","link":"https:\/\/previews.elleven.digital\/acocearense\/noticia\/lisandra-dantas-e-presenca-confirmada-na-meia-maratona-do-sol\/","title":{"rendered":"Lisandra Dantas \u00e9 presen\u00e7a confirmada na Meia Maratona do Sol"},"content":{"rendered":"<div class=\"m_4507818015039945926gmail-AD2M2015Texto\">No pr\u00f3ximo s\u00e1bado (21), a atleta de corridas de rua patrocinada pelo Instituto A\u00e7o Cearense, Lisandra Dantas, estar\u00e1 em Natal-RN para participar de uma\u00a0das provas mais disputadas do Nordeste, a Meia Maratona do Sol.<\/div>\n<div class=\"m_4507818015039945926gmail-AD2M2015Texto\"><\/div>\n<div class=\"m_4507818015039945926gmail-AD2M2015Texto\">A prova \u00e9 o maior evento esportivo do estado do Rio Grande do Norte e \u00e9 realizada na capital potiguar desde o ano de 2014. Na quinta edi\u00e7\u00e3o da Meia Maratona, em setembro de 2018, o evento reuniu mais de 7,5 mil atletas inscritos de todo o Brasil e de v\u00e1rios outros pa\u00edses, correndo em tr\u00eas diferentes desafios:\u00a021Km, 10Km e 5Km.<\/div>\n<div class=\"m_4507818015039945926gmail-AD2M2015Texto\"><\/div>\n<div class=\"m_4507818015039945926gmail-AD2M2015Texto\">Lisandra, que prepara-se para correr 5km na Meia Maratona do Sol, \u00e9 atleta de corridas de rua desde 2016\u00a0e\u00a0j\u00e1\u00a0acumula 18 p\u00f3dios.\u00a0\u201cEstou ansiosa para essa corrida, pois espero por ela desde o come\u00e7o do ano. Venho treinando fortemente para alcan\u00e7ar mais esse p\u00f3dio\u201d,\u00a0comentou.<\/div>\n<h2 class=\"m_4507818015039945926gmail-m-7960528501596898185gmail-m-1265365152930642081gmail-m8596654567679577072gmail-ad2m2015interttulo\">Sobre o Instituto A\u00e7o Cearense<\/h2>\n<div class=\"m_4507818015039945926gmail-m-7960528501596898185gmail-m-1265365152930642081gmail-m8596654567679577072gmail-ad2m2015texto\"><span lang=\"EN-US\">O Instituto A\u00e7o Cearense \u00e9 o respons\u00e1vel por todas as a\u00e7\u00f5es\u00a0do Grupo A\u00e7o Cearense\u00a0de cunho social, educacional, esportivo\u00a0e de empreendedorismo. Ele contribui, assim, para o desenvolvimento do Cear\u00e1 e tamb\u00e9m do Par\u00e1 e\u00a0do\u00a0Tocantins, onde est\u00e3o localizadas a SINOBRAS e a SINOBRAS FLORESTAL, empresas do Grupo. Com mais de R$ 12 milh\u00f5es investidos, 160 institui\u00e7\u00f5es j\u00e1 foram atendidas, totalizando mais de 80 mil pessoas beneficiadas pelo Instituto.<\/span><\/div>\n","protected":false},"featured_media":1915,"template":"","meta":{"_acf_changed":false,"inline_featured_image":false},"categoria-noticia":[],"class_list":["post-1905","noticia","type-noticia","status-publish","has-post-thumbnail","hentry"],"acf":{"link":""},"yoast_head":"<!-- This site is optimized with the Yoast SEO plugin v25.9 - https:\/\/yoast.com\/wordpress\/plugins\/seo\/ -->\n<title>Lisandra Dantas \u00e9 presen\u00e7a confirmada na Meia Maratona do Sol - Grupo A\u00e7o Cearense<\/title>\n<meta name=\"robots\" content=\"index, follow, max-snippet:-1, max-image-preview:large, max-video-preview:-1\" \/>\n<link rel=\"canonical\" href=\"https:\/\/previews.elleven.digital\/acocearense\/noticia\/lisandra-dantas-e-presenca-confirmada-na-meia-maratona-do-sol\/\" \/>\n<meta property=\"og:locale\" content=\"pt_BR\" \/>\n<meta property=\"og:type\" content=\"article\" \/>\n<meta property=\"og:title\" content=\"Lisandra Dantas \u00e9 presen\u00e7a confirmada na Meia Maratona do Sol - Grupo A\u00e7o Cearense\" \/>\n<meta property=\"og:description\" content=\"No pr\u00f3ximo s\u00e1bado (21), a atleta de corridas de rua patrocinada pelo Instituto A\u00e7o Cearense,(...)\" \/>\n<meta property=\"og:url\" content=\"https:\/\/previews.elleven.digital\/acocearense\/noticia\/lisandra-dantas-e-presenca-confirmada-na-meia-maratona-do-sol\/\" \/>\n<meta property=\"og:site_name\" content=\"Grupo A\u00e7o Cearense\" \/>\n<meta property=\"article:modified_time\" content=\"2025-05-07T18:52:26+00:00\" \/>\n<meta property=\"og:image\" content=\"https:\/\/previews.elleven.digital\/acocearense\/wp-content\/uploads\/2025\/05\/Meia-Maratona-do-sol-1024x1024-1.jpeg\" \/>\n\t<meta property=\"og:image:width\" content=\"1024\" \/>\n\t<meta property=\"og:image:height\" content=\"1024\" \/>\n\t<meta property=\"og:image:type\" content=\"image\/jpeg\" \/>\n<meta name=\"twitter:card\" content=\"summary_large_image\" \/>\n<meta name=\"twitter:label1\" content=\"Est. tempo de leitura\" \/>\n\t<meta name=\"twitter:data1\" content=\"2 minutos\" \/>\n<script type=\"application\/ld+json\" class=\"yoast-schema-graph\">{\"@context\":\"https:\/\/schema.org\",\"@graph\":[{\"@type\":\"WebPage\",\"@id\":\"https:\/\/previews.elleven.digital\/acocearense\/noticia\/lisandra-dantas-e-presenca-confirmada-na-meia-maratona-do-sol\/\",\"url\":\"https:\/\/previews.elleven.digital\/acocearense\/noticia\/lisandra-dantas-e-presenca-confirmada-na-meia-maratona-do-sol\/\",\"name\":\"Lisandra Dantas \u00e9 presen\u00e7a confirmada na Meia Maratona do Sol - Grupo A\u00e7o Cearense\",\"isPartOf\":{\"@id\":\"https:\/\/previews.elleven.digital\/acocearense\/#website\"},\"primaryImageOfPage\":{\"@id\":\"https:\/\/previews.elleven.digital\/acocearense\/noticia\/lisandra-dantas-e-presenca-confirmada-na-meia-maratona-do-sol\/#primaryimage\"},\"image\":{\"@id\":\"https:\/\/previews.elleven.digital\/acocearense\/noticia\/lisandra-dantas-e-presenca-confirmada-na-meia-maratona-do-sol\/#primaryimage\"},\"thumbnailUrl\":\"https:\/\/previews.elleven.digital\/acocearense\/wp-content\/uploads\/2025\/05\/Meia-Maratona-do-sol-1024x1024-1.jpeg\",\"datePublished\":\"2019-09-20T18:47:44+00:00\",\"dateModified\":\"2025-05-07T18:52:26+00:00\",\"breadcrumb\":{\"@id\":\"https:\/\/previews.elleven.digital\/acocearense\/noticia\/lisandra-dantas-e-presenca-confirmada-na-meia-maratona-do-sol\/#breadcrumb\"},\"inLanguage\":\"pt-BR\",\"potentialAction\":[{\"@type\":\"ReadAction\",\"target\":[\"https:\/\/previews.elleven.digital\/acocearense\/noticia\/lisandra-dantas-e-presenca-confirmada-na-meia-maratona-do-sol\/\"]}]},{\"@type\":\"ImageObject\",\"inLanguage\":\"pt-BR\",\"@id\":\"https:\/\/previews.elleven.digital\/acocearense\/noticia\/lisandra-dantas-e-presenca-confirmada-na-meia-maratona-do-sol\/#primaryimage\",\"url\":\"https:\/\/previews.elleven.digital\/acocearense\/wp-content\/uploads\/2025\/05\/Meia-Maratona-do-sol-1024x1024-1.jpeg\",\"contentUrl\":\"https:\/\/previews.elleven.digital\/acocearense\/wp-content\/uploads\/2025\/05\/Meia-Maratona-do-sol-1024x1024-1.jpeg\",\"width\":1024,\"height\":1024},{\"@type\":\"BreadcrumbList\",\"@id\":\"https:\/\/previews.elleven.digital\/acocearense\/noticia\/lisandra-dantas-e-presenca-confirmada-na-meia-maratona-do-sol\/#breadcrumb\",\"itemListElement\":[{\"@type\":\"ListItem\",\"position\":1,\"name\":\"In\u00edcio\",\"item\":\"https:\/\/previews.elleven.digital\/acocearense\/\"},{\"@type\":\"ListItem\",\"position\":2,\"name\":\"Not\u00edcias\",\"item\":\"https:\/\/previews.elleven.digital\/acocearense\/noticias\/\"},{\"@type\":\"ListItem\",\"position\":3,\"name\":\"Lisandra Dantas \u00e9 presen\u00e7a confirmada na Meia Maratona do Sol\"}]},{\"@type\":\"WebSite\",\"@id\":\"https:\/\/previews.elleven.digital\/acocearense\/#website\",\"url\":\"https:\/\/previews.elleven.digital\/acocearense\/\",\"name\":\"A\u00e7o Cearense\",\"description\":\"H\u00e1 mais de 45 anos no mercado brasileiro do a\u00e7o.\",\"alternateName\":\"A\u00e7o Cearense\",\"potentialAction\":[{\"@type\":\"SearchAction\",\"target\":{\"@type\":\"EntryPoint\",\"urlTemplate\":\"https:\/\/previews.elleven.digital\/acocearense\/?s={search_term_string}\"},\"query-input\":{\"@type\":\"PropertyValueSpecification\",\"valueRequired\":true,\"valueName\":\"search_term_string\"}}],\"inLanguage\":\"pt-BR\"}]}<\/script>\n<!-- \/ Yoast SEO plugin. -->","yoast_head_json":{"title":"Lisandra Dantas \u00e9 presen\u00e7a confirmada na Meia Maratona do Sol - Grupo A\u00e7o Cearense","robots":{"index":"index","follow":"follow","max-snippet":"max-snippet:-1","max-image-preview":"max-image-preview:large","max-video-preview":"max-video-preview:-1"},"canonical":"https:\/\/previews.elleven.digital\/acocearense\/noticia\/lisandra-dantas-e-presenca-confirmada-na-meia-maratona-do-sol\/","og_locale":"pt_BR","og_type":"article","og_title":"Lisandra Dantas \u00e9 presen\u00e7a confirmada na Meia Maratona do Sol - Grupo A\u00e7o Cearense","og_description":"No pr\u00f3ximo s\u00e1bado (21), a atleta de corridas de rua patrocinada pelo Instituto A\u00e7o Cearense,(...)","og_url":"https:\/\/previews.elleven.digital\/acocearense\/noticia\/lisandra-dantas-e-presenca-confirmada-na-meia-maratona-do-sol\/","og_site_name":"Grupo A\u00e7o Cearense","article_modified_time":"2025-05-07T18:52:26+00:00","og_image":[{"width":1024,"height":1024,"url":"https:\/\/previews.elleven.digital\/acocearense\/wp-content\/uploads\/2025\/05\/Meia-Maratona-do-sol-1024x1024-1.jpeg","type":"image\/jpeg"}],"twitter_card":"summary_large_image","twitter_misc":{"Est. tempo de leitura":"2 minutos"},"schema":{"@context":"https:\/\/schema.org","@graph":[{"@type":"WebPage","@id":"https:\/\/previews.elleven.digital\/acocearense\/noticia\/lisandra-dantas-e-presenca-confirmada-na-meia-maratona-do-sol\/","url":"https:\/\/previews.elleven.digital\/acocearense\/noticia\/lisandra-dantas-e-presenca-confirmada-na-meia-maratona-do-sol\/","name":"Lisandra Dantas \u00e9 presen\u00e7a confirmada na Meia Maratona do Sol - Grupo A\u00e7o Cearense","isPartOf":{"@id":"https:\/\/previews.elleven.digital\/acocearense\/#website"},"primaryImageOfPage":{"@id":"https:\/\/previews.elleven.digital\/acocearense\/noticia\/lisandra-dantas-e-presenca-confirmada-na-meia-maratona-do-sol\/#primaryimage"},"image":{"@id":"https:\/\/previews.elleven.digital\/acocearense\/noticia\/lisandra-dantas-e-presenca-confirmada-na-meia-maratona-do-sol\/#primaryimage"},"thumbnailUrl":"https:\/\/previews.elleven.digital\/acocearense\/wp-content\/uploads\/2025\/05\/Meia-Maratona-do-sol-1024x1024-1.jpeg","datePublished":"2019-09-20T18:47:44+00:00","dateModified":"2025-05-07T18:52:26+00:00","breadcrumb":{"@id":"https:\/\/previews.elleven.digital\/acocearense\/noticia\/lisandra-dantas-e-presenca-confirmada-na-meia-maratona-do-sol\/#breadcrumb"},"inLanguage":"pt-BR","potentialAction":[{"@type":"ReadAction","target":["https:\/\/previews.elleven.digital\/acocearense\/noticia\/lisandra-dantas-e-presenca-confirmada-na-meia-maratona-do-sol\/"]}]},{"@type":"ImageObject","inLanguage":"pt-BR","@id":"https:\/\/previews.elleven.digital\/acocearense\/noticia\/lisandra-dantas-e-presenca-confirmada-na-meia-maratona-do-sol\/#primaryimage","url":"https:\/\/previews.elleven.digital\/acocearense\/wp-content\/uploads\/2025\/05\/Meia-Maratona-do-sol-1024x1024-1.jpeg","contentUrl":"https:\/\/previews.elleven.digital\/acocearense\/wp-content\/uploads\/2025\/05\/Meia-Maratona-do-sol-1024x1024-1.jpeg","width":1024,"height":1024},{"@type":"BreadcrumbList","@id":"https:\/\/previews.elleven.digital\/acocearense\/noticia\/lisandra-dantas-e-presenca-confirmada-na-meia-maratona-do-sol\/#breadcrumb","itemListElement":[{"@type":"ListItem","position":1,"name":"In\u00edcio","item":"https:\/\/previews.elleven.digital\/acocearense\/"},{"@type":"ListItem","position":2,"name":"Not\u00edcias","item":"https:\/\/previews.elleven.digital\/acocearense\/noticias\/"},{"@type":"ListItem","position":3,"name":"Lisandra Dantas \u00e9 presen\u00e7a confirmada na Meia Maratona do Sol"}]},{"@type":"WebSite","@id":"https:\/\/previews.elleven.digital\/acocearense\/#website","url":"https:\/\/previews.elleven.digital\/acocearense\/","name":"A\u00e7o Cearense","description":"H\u00e1 mais de 45 anos no mercado brasileiro do a\u00e7o.","alternateName":"A\u00e7o Cearense","potentialAction":[{"@type":"SearchAction","target":{"@type":"EntryPoint","urlTemplate":"https:\/\/previews.elleven.digital\/acocearense\/?s={search_term_string}"},"query-input":{"@type":"PropertyValueSpecification","valueRequired":true,"valueName":"search_term_string"}}],"inLanguage":"pt-BR"}]}},"_links":{"self":[{"href":"https:\/\/previews.elleven.digital\/acocearense\/wp-json\/wp\/v2\/noticia\/1905","targetHints":{"allow":["GET"]}}],"collection":[{"href":"https:\/\/previews.elleven.digital\/acocearense\/wp-json\/wp\/v2\/noticia"}],"about":[{"href":"https:\/\/previews.elleven.digital\/acocearense\/wp-json\/wp\/v2\/types\/noticia"}],"wp:featuredmedia":[{"embeddable":true,"href":"https:\/\/previews.elleven.digital\/acocearense\/wp-json\/wp\/v2\/media\/1915"}],"wp:attachment":[{"href":"https:\/\/previews.elleven.digital\/acocearense\/wp-json\/wp\/v2\/media?parent=1905"}],"wp:term":[{"taxonomy":"categoria-noticia","embeddable":true,"href":"https:\/\/previews.elleven.digital\/acocearense\/wp-json\/wp\/v2\/categoria-noticia?post=1905"}],"curies":[{"name":"wp","href":"https:\/\/api.w.org\/{rel}","templated":true}]}}