{"id":1902,"date":"2019-09-11T15:46:07","date_gmt":"2019-09-11T18:46:07","guid":{"rendered":"https:\/\/previews.elleven.digital\/acocearense\/?post_type=noticia&#038;p=1902"},"modified":"2025-05-07T15:46:38","modified_gmt":"2025-05-07T18:46:38","slug":"estudantes-visitam-empresas-do-grupo-aco-cearense-2","status":"publish","type":"noticia","link":"https:\/\/previews.elleven.digital\/acocearense\/noticia\/estudantes-visitam-empresas-do-grupo-aco-cearense-2\/","title":{"rendered":"Estudantes visitam empresas do Grupo A\u00e7o Cearense"},"content":{"rendered":"<div class=\"box__img\">\n<div class=\"thumbs\"><a href=\"https:\/\/previews.elleven.digital\/acocearense\/wp-content\/uploads\/2019\/09\/estudantes-visitam-empresas-do-gac.jpg\" data-gallery=\"two\" data-fancybox=\"images\"><img loading=\"lazy\" decoding=\"async\" class=\"attachment-post-thumbnail size-post-thumbnail wp-post-image aligncenter\" src=\"https:\/\/previews.elleven.digital\/acocearense\/wp-content\/uploads\/2019\/09\/estudantes-visitam-empresas-do-gac.jpg\" sizes=\"auto, (max-width: 1024px) 100vw, 1024px\" srcset=\"https:\/\/previews.elleven.digital\/acocearense\/wp-content\/uploads\/2019\/09\/estudantes-visitam-empresas-do-gac.jpg 1024w, https:\/\/previews.elleven.digital\/acocearense\/wp-content\/uploads\/2019\/09\/estudantes-visitam-empresas-do-gac-300x212.jpg 300w, https:\/\/previews.elleven.digital\/acocearense\/wp-content\/uploads\/2019\/09\/estudantes-visitam-empresas-do-gac-768x543.jpg 768w\" alt=\"estudantes\" width=\"1024\" height=\"724\" \/><\/a><\/div>\n<\/div>\n<p>Com o objetivo de proporcionar aos estudantes uma vis\u00e3o t\u00e9cnica das futuras profiss\u00f5es, o Grupo A\u00e7o Cearense recebeu duas visitas em suas empresas na manh\u00e3 do dia 30 de Agosto.<br \/>\nNa SINOBRAS Ronaldo Brito (T\u00e9cnico de Meio Ambiente) e Paulo Almeida, (T\u00e9cnico de Seguran\u00e7a do Trabalho) acompanharam 25 alunos dos cursos de Seguran\u00e7a do Trabalho e Gest\u00e3o Ambiental, da Uniasselvi, e T\u00e9cnico de Meio Ambiente, da Escola T\u00e9cnica Vale dos Caraj\u00e1s. Na ACI Rossana Lopes (Analista de RH) e Nilson Lima (Engenheiro de Seguran\u00e7a do Trabalho) apresentaram a empresa para 20 estudantes do curso de Administra\u00e7\u00e3o, do Unifametro.<br \/>\n\u201cA visita ampliou a minha vis\u00e3o n\u00e3o s\u00f3 em rela\u00e7\u00e3o \u00e0 seguran\u00e7a, mas tamb\u00e9m sobre gest\u00e3o ambiental e qualidade do produto. Pude perceber que, al\u00e9m de investir nesses quesitos, a SINOBRAS tamb\u00e9m se preocupa com o bem-estar dos seus colaboradores\u201d, disse Saulo Pereira, aluno do curso de Seguran\u00e7a do Trabalho, da Uniasselvi.<br \/>\nRegina Filgueiras, professora do curso de Administra\u00e7\u00e3o, do Unifametro, tamb\u00e9m falou: \u201cOs alunos ficaram encantados com a organiza\u00e7\u00e3o, com a seriedade da A\u00e7o Cearense Industrial, com os valores, foi uma manh\u00e3 extremamente rica, em que eles tiveram a possibilidade de ter contato com a realidade do que s\u00f3 veem na teoria. Agrade\u00e7o muito a receptividade e espero ter a oportunidade de trazer outros alunos. A empresa est\u00e1 de parab\u00e9ns pela seriedade do trabalho!\u201d.<\/p>\n","protected":false},"featured_media":1887,"template":"","meta":{"_acf_changed":false,"inline_featured_image":false},"categoria-noticia":[],"class_list":["post-1902","noticia","type-noticia","status-publish","has-post-thumbnail","hentry"],"acf":{"link":""},"yoast_head":"<!-- This site is optimized with the Yoast SEO plugin v25.9 - https:\/\/yoast.com\/wordpress\/plugins\/seo\/ -->\n<title>Estudantes visitam empresas do Grupo A\u00e7o Cearense - Grupo A\u00e7o Cearense<\/title>\n<meta name=\"robots\" content=\"index, follow, max-snippet:-1, max-image-preview:large, max-video-preview:-1\" \/>\n<link rel=\"canonical\" href=\"https:\/\/previews.elleven.digital\/acocearense\/noticia\/estudantes-visitam-empresas-do-grupo-aco-cearense-2\/\" \/>\n<meta property=\"og:locale\" content=\"pt_BR\" \/>\n<meta property=\"og:type\" content=\"article\" \/>\n<meta property=\"og:title\" content=\"Estudantes visitam empresas do Grupo A\u00e7o Cearense - Grupo A\u00e7o Cearense\" \/>\n<meta property=\"og:description\" content=\"Com o objetivo de proporcionar aos estudantes uma vis\u00e3o t\u00e9cnica das futuras profiss\u00f5es, o Grupo(...)\" \/>\n<meta property=\"og:url\" content=\"https:\/\/previews.elleven.digital\/acocearense\/noticia\/estudantes-visitam-empresas-do-grupo-aco-cearense-2\/\" \/>\n<meta property=\"og:site_name\" content=\"Grupo A\u00e7o Cearense\" \/>\n<meta property=\"article:modified_time\" content=\"2025-05-07T18:46:38+00:00\" \/>\n<meta property=\"og:image\" content=\"https:\/\/previews.elleven.digital\/acocearense\/wp-content\/uploads\/2025\/05\/estudantes-visitam-empresas-do-gac.jpg\" \/>\n\t<meta property=\"og:image:width\" content=\"1024\" \/>\n\t<meta property=\"og:image:height\" content=\"724\" \/>\n\t<meta property=\"og:image:type\" content=\"image\/jpeg\" \/>\n<meta name=\"twitter:card\" content=\"summary_large_image\" \/>\n<meta name=\"twitter:label1\" content=\"Est. tempo de leitura\" \/>\n\t<meta name=\"twitter:data1\" content=\"2 minutos\" \/>\n<script type=\"application\/ld+json\" class=\"yoast-schema-graph\">{\"@context\":\"https:\/\/schema.org\",\"@graph\":[{\"@type\":\"WebPage\",\"@id\":\"https:\/\/previews.elleven.digital\/acocearense\/noticia\/estudantes-visitam-empresas-do-grupo-aco-cearense-2\/\",\"url\":\"https:\/\/previews.elleven.digital\/acocearense\/noticia\/estudantes-visitam-empresas-do-grupo-aco-cearense-2\/\",\"name\":\"Estudantes visitam empresas do Grupo A\u00e7o Cearense - Grupo A\u00e7o Cearense\",\"isPartOf\":{\"@id\":\"https:\/\/previews.elleven.digital\/acocearense\/#website\"},\"primaryImageOfPage\":{\"@id\":\"https:\/\/previews.elleven.digital\/acocearense\/noticia\/estudantes-visitam-empresas-do-grupo-aco-cearense-2\/#primaryimage\"},\"image\":{\"@id\":\"https:\/\/previews.elleven.digital\/acocearense\/noticia\/estudantes-visitam-empresas-do-grupo-aco-cearense-2\/#primaryimage\"},\"thumbnailUrl\":\"https:\/\/previews.elleven.digital\/acocearense\/wp-content\/uploads\/2025\/05\/estudantes-visitam-empresas-do-gac.jpg\",\"datePublished\":\"2019-09-11T18:46:07+00:00\",\"dateModified\":\"2025-05-07T18:46:38+00:00\",\"breadcrumb\":{\"@id\":\"https:\/\/previews.elleven.digital\/acocearense\/noticia\/estudantes-visitam-empresas-do-grupo-aco-cearense-2\/#breadcrumb\"},\"inLanguage\":\"pt-BR\",\"potentialAction\":[{\"@type\":\"ReadAction\",\"target\":[\"https:\/\/previews.elleven.digital\/acocearense\/noticia\/estudantes-visitam-empresas-do-grupo-aco-cearense-2\/\"]}]},{\"@type\":\"ImageObject\",\"inLanguage\":\"pt-BR\",\"@id\":\"https:\/\/previews.elleven.digital\/acocearense\/noticia\/estudantes-visitam-empresas-do-grupo-aco-cearense-2\/#primaryimage\",\"url\":\"https:\/\/previews.elleven.digital\/acocearense\/wp-content\/uploads\/2025\/05\/estudantes-visitam-empresas-do-gac.jpg\",\"contentUrl\":\"https:\/\/previews.elleven.digital\/acocearense\/wp-content\/uploads\/2025\/05\/estudantes-visitam-empresas-do-gac.jpg\",\"width\":1024,\"height\":724},{\"@type\":\"BreadcrumbList\",\"@id\":\"https:\/\/previews.elleven.digital\/acocearense\/noticia\/estudantes-visitam-empresas-do-grupo-aco-cearense-2\/#breadcrumb\",\"itemListElement\":[{\"@type\":\"ListItem\",\"position\":1,\"name\":\"In\u00edcio\",\"item\":\"https:\/\/previews.elleven.digital\/acocearense\/\"},{\"@type\":\"ListItem\",\"position\":2,\"name\":\"Not\u00edcias\",\"item\":\"https:\/\/previews.elleven.digital\/acocearense\/noticias\/\"},{\"@type\":\"ListItem\",\"position\":3,\"name\":\"Estudantes visitam empresas do Grupo A\u00e7o Cearense\"}]},{\"@type\":\"WebSite\",\"@id\":\"https:\/\/previews.elleven.digital\/acocearense\/#website\",\"url\":\"https:\/\/previews.elleven.digital\/acocearense\/\",\"name\":\"A\u00e7o Cearense\",\"description\":\"H\u00e1 mais de 45 anos no mercado brasileiro do a\u00e7o.\",\"alternateName\":\"A\u00e7o Cearense\",\"potentialAction\":[{\"@type\":\"SearchAction\",\"target\":{\"@type\":\"EntryPoint\",\"urlTemplate\":\"https:\/\/previews.elleven.digital\/acocearense\/?s={search_term_string}\"},\"query-input\":{\"@type\":\"PropertyValueSpecification\",\"valueRequired\":true,\"valueName\":\"search_term_string\"}}],\"inLanguage\":\"pt-BR\"}]}<\/script>\n<!-- \/ Yoast SEO plugin. -->","yoast_head_json":{"title":"Estudantes visitam empresas do Grupo A\u00e7o Cearense - Grupo A\u00e7o Cearense","robots":{"index":"index","follow":"follow","max-snippet":"max-snippet:-1","max-image-preview":"max-image-preview:large","max-video-preview":"max-video-preview:-1"},"canonical":"https:\/\/previews.elleven.digital\/acocearense\/noticia\/estudantes-visitam-empresas-do-grupo-aco-cearense-2\/","og_locale":"pt_BR","og_type":"article","og_title":"Estudantes visitam empresas do Grupo A\u00e7o Cearense - Grupo A\u00e7o Cearense","og_description":"Com o objetivo de proporcionar aos estudantes uma vis\u00e3o t\u00e9cnica das futuras profiss\u00f5es, o Grupo(...)","og_url":"https:\/\/previews.elleven.digital\/acocearense\/noticia\/estudantes-visitam-empresas-do-grupo-aco-cearense-2\/","og_site_name":"Grupo A\u00e7o Cearense","article_modified_time":"2025-05-07T18:46:38+00:00","og_image":[{"width":1024,"height":724,"url":"https:\/\/previews.elleven.digital\/acocearense\/wp-content\/uploads\/2025\/05\/estudantes-visitam-empresas-do-gac.jpg","type":"image\/jpeg"}],"twitter_card":"summary_large_image","twitter_misc":{"Est. tempo de leitura":"2 minutos"},"schema":{"@context":"https:\/\/schema.org","@graph":[{"@type":"WebPage","@id":"https:\/\/previews.elleven.digital\/acocearense\/noticia\/estudantes-visitam-empresas-do-grupo-aco-cearense-2\/","url":"https:\/\/previews.elleven.digital\/acocearense\/noticia\/estudantes-visitam-empresas-do-grupo-aco-cearense-2\/","name":"Estudantes visitam empresas do Grupo A\u00e7o Cearense - Grupo A\u00e7o Cearense","isPartOf":{"@id":"https:\/\/previews.elleven.digital\/acocearense\/#website"},"primaryImageOfPage":{"@id":"https:\/\/previews.elleven.digital\/acocearense\/noticia\/estudantes-visitam-empresas-do-grupo-aco-cearense-2\/#primaryimage"},"image":{"@id":"https:\/\/previews.elleven.digital\/acocearense\/noticia\/estudantes-visitam-empresas-do-grupo-aco-cearense-2\/#primaryimage"},"thumbnailUrl":"https:\/\/previews.elleven.digital\/acocearense\/wp-content\/uploads\/2025\/05\/estudantes-visitam-empresas-do-gac.jpg","datePublished":"2019-09-11T18:46:07+00:00","dateModified":"2025-05-07T18:46:38+00:00","breadcrumb":{"@id":"https:\/\/previews.elleven.digital\/acocearense\/noticia\/estudantes-visitam-empresas-do-grupo-aco-cearense-2\/#breadcrumb"},"inLanguage":"pt-BR","potentialAction":[{"@type":"ReadAction","target":["https:\/\/previews.elleven.digital\/acocearense\/noticia\/estudantes-visitam-empresas-do-grupo-aco-cearense-2\/"]}]},{"@type":"ImageObject","inLanguage":"pt-BR","@id":"https:\/\/previews.elleven.digital\/acocearense\/noticia\/estudantes-visitam-empresas-do-grupo-aco-cearense-2\/#primaryimage","url":"https:\/\/previews.elleven.digital\/acocearense\/wp-content\/uploads\/2025\/05\/estudantes-visitam-empresas-do-gac.jpg","contentUrl":"https:\/\/previews.elleven.digital\/acocearense\/wp-content\/uploads\/2025\/05\/estudantes-visitam-empresas-do-gac.jpg","width":1024,"height":724},{"@type":"BreadcrumbList","@id":"https:\/\/previews.elleven.digital\/acocearense\/noticia\/estudantes-visitam-empresas-do-grupo-aco-cearense-2\/#breadcrumb","itemListElement":[{"@type":"ListItem","position":1,"name":"In\u00edcio","item":"https:\/\/previews.elleven.digital\/acocearense\/"},{"@type":"ListItem","position":2,"name":"Not\u00edcias","item":"https:\/\/previews.elleven.digital\/acocearense\/noticias\/"},{"@type":"ListItem","position":3,"name":"Estudantes visitam empresas do Grupo A\u00e7o Cearense"}]},{"@type":"WebSite","@id":"https:\/\/previews.elleven.digital\/acocearense\/#website","url":"https:\/\/previews.elleven.digital\/acocearense\/","name":"A\u00e7o Cearense","description":"H\u00e1 mais de 45 anos no mercado brasileiro do a\u00e7o.","alternateName":"A\u00e7o Cearense","potentialAction":[{"@type":"SearchAction","target":{"@type":"EntryPoint","urlTemplate":"https:\/\/previews.elleven.digital\/acocearense\/?s={search_term_string}"},"query-input":{"@type":"PropertyValueSpecification","valueRequired":true,"valueName":"search_term_string"}}],"inLanguage":"pt-BR"}]}},"_links":{"self":[{"href":"https:\/\/previews.elleven.digital\/acocearense\/wp-json\/wp\/v2\/noticia\/1902","targetHints":{"allow":["GET"]}}],"collection":[{"href":"https:\/\/previews.elleven.digital\/acocearense\/wp-json\/wp\/v2\/noticia"}],"about":[{"href":"https:\/\/previews.elleven.digital\/acocearense\/wp-json\/wp\/v2\/types\/noticia"}],"wp:featuredmedia":[{"embeddable":true,"href":"https:\/\/previews.elleven.digital\/acocearense\/wp-json\/wp\/v2\/media\/1887"}],"wp:attachment":[{"href":"https:\/\/previews.elleven.digital\/acocearense\/wp-json\/wp\/v2\/media?parent=1902"}],"wp:term":[{"taxonomy":"categoria-noticia","embeddable":true,"href":"https:\/\/previews.elleven.digital\/acocearense\/wp-json\/wp\/v2\/categoria-noticia?post=1902"}],"curies":[{"name":"wp","href":"https:\/\/api.w.org\/{rel}","templated":true}]}}