{"id":1901,"date":"2019-09-11T15:45:30","date_gmt":"2019-09-11T18:45:30","guid":{"rendered":"https:\/\/previews.elleven.digital\/acocearense\/?post_type=noticia&#038;p=1901"},"modified":"2025-05-07T15:46:00","modified_gmt":"2025-05-07T18:46:00","slug":"cearense-participa-do-pan-americano-de-karate-no-equador","status":"publish","type":"noticia","link":"https:\/\/previews.elleven.digital\/acocearense\/noticia\/cearense-participa-do-pan-americano-de-karate-no-equador\/","title":{"rendered":"Cearense participa do Pan Americano de Karate no Equador"},"content":{"rendered":"<div class=\"m_7077861970685956525gmail-AD2M2015Texto\">O atleta Jonathan Benvindo, patrocinado pelo Instituto A\u00e7o Cearense, embarcou para o Equador no \u00faltimo dia 27, onde disputou o Campeonato Pan Americano de Karat\u00ea Sub 21. A luta de Jonathan\u00a0ocorreu no dia 31 de agosto.<br \/>\nJonathan Benvindo tem apenas 17 anos e j\u00e1 coleciona mais de 200 medalhas em competi\u00e7\u00f5es mundo afora. Ganhar o Pan Americano \u00e9 um sonho que ele pretende tornar real.\u00a0\u201c\u00c9 a realiza\u00e7\u00e3o de todo atleta vencer competi\u00e7\u00f5es internacionais. Quero trazer essa medalha para o Brasil e para o Cear\u00e1\u201d, disse\u00a0o atleta que tamb\u00e9m luta por uma vaga no mundial em novembro de 2019, no\u00a0Chile.<\/div>\n<h3 class=\"m_7077861970685956525gmail-m-7996527020614997881gmail-m8596654567679577072gmail-ad2m2015interttulo\">Sobre o Instituto A\u00e7o Cearense<\/h3>\n<div class=\"m_7077861970685956525gmail-m-7996527020614997881gmail-m8596654567679577072gmail-ad2m2015texto\"><span lang=\"EN-US\">O Instituto A\u00e7o Cearense \u00e9 o respons\u00e1vel por todas as a\u00e7\u00f5es\u00a0do Grupo A\u00e7o Cearense\u00a0de cunho social, educacional, esportivo\u00a0e de empreendedorismo, contribuindo para o desenvolvimento do Cear\u00e1 e tamb\u00e9m do Par\u00e1 e\u00a0do\u00a0Tocantins, onde est\u00e3o localizadas a SINOBRAS e a SINOBRAS FLORESTAL, empresas do Grupo. Com mais de R$ 11 milh\u00f5es investidos, 143 institui\u00e7\u00f5es j\u00e1 foram atendidas, totalizando mais de 80 mil pessoas beneficiadas.<\/span><\/div>\n","protected":false},"featured_media":1888,"template":"","meta":{"_acf_changed":false,"inline_featured_image":false},"categoria-noticia":[],"class_list":["post-1901","noticia","type-noticia","status-publish","has-post-thumbnail","hentry"],"acf":{"link":""},"yoast_head":"<!-- This site is optimized with the Yoast SEO plugin v25.9 - https:\/\/yoast.com\/wordpress\/plugins\/seo\/ -->\n<title>Cearense participa do Pan Americano de Karate no Equador - Grupo A\u00e7o Cearense<\/title>\n<meta name=\"robots\" content=\"index, follow, max-snippet:-1, max-image-preview:large, max-video-preview:-1\" \/>\n<link rel=\"canonical\" href=\"https:\/\/previews.elleven.digital\/acocearense\/noticia\/cearense-participa-do-pan-americano-de-karate-no-equador\/\" \/>\n<meta property=\"og:locale\" content=\"pt_BR\" \/>\n<meta property=\"og:type\" content=\"article\" \/>\n<meta property=\"og:title\" content=\"Cearense participa do Pan Americano de Karate no Equador - Grupo A\u00e7o Cearense\" \/>\n<meta property=\"og:description\" content=\"O atleta Jonathan Benvindo, patrocinado pelo Instituto A\u00e7o Cearense, embarcou para o Equador no \u00faltimo(...)\" \/>\n<meta property=\"og:url\" content=\"https:\/\/previews.elleven.digital\/acocearense\/noticia\/cearense-participa-do-pan-americano-de-karate-no-equador\/\" \/>\n<meta property=\"og:site_name\" content=\"Grupo A\u00e7o Cearense\" \/>\n<meta property=\"article:modified_time\" content=\"2025-05-07T18:46:00+00:00\" \/>\n<meta property=\"og:image\" content=\"https:\/\/previews.elleven.digital\/acocearense\/wp-content\/uploads\/2025\/05\/Jonathan-Benvindo_Karate_2019.jpeg\" \/>\n\t<meta property=\"og:image:width\" content=\"1280\" \/>\n\t<meta property=\"og:image:height\" content=\"850\" \/>\n\t<meta property=\"og:image:type\" content=\"image\/jpeg\" \/>\n<meta name=\"twitter:card\" content=\"summary_large_image\" \/>\n<meta name=\"twitter:label1\" content=\"Est. tempo de leitura\" \/>\n\t<meta name=\"twitter:data1\" content=\"2 minutos\" \/>\n<script type=\"application\/ld+json\" class=\"yoast-schema-graph\">{\"@context\":\"https:\/\/schema.org\",\"@graph\":[{\"@type\":\"WebPage\",\"@id\":\"https:\/\/previews.elleven.digital\/acocearense\/noticia\/cearense-participa-do-pan-americano-de-karate-no-equador\/\",\"url\":\"https:\/\/previews.elleven.digital\/acocearense\/noticia\/cearense-participa-do-pan-americano-de-karate-no-equador\/\",\"name\":\"Cearense participa do Pan Americano de Karate no Equador - Grupo A\u00e7o Cearense\",\"isPartOf\":{\"@id\":\"https:\/\/previews.elleven.digital\/acocearense\/#website\"},\"primaryImageOfPage\":{\"@id\":\"https:\/\/previews.elleven.digital\/acocearense\/noticia\/cearense-participa-do-pan-americano-de-karate-no-equador\/#primaryimage\"},\"image\":{\"@id\":\"https:\/\/previews.elleven.digital\/acocearense\/noticia\/cearense-participa-do-pan-americano-de-karate-no-equador\/#primaryimage\"},\"thumbnailUrl\":\"https:\/\/previews.elleven.digital\/acocearense\/wp-content\/uploads\/2025\/05\/Jonathan-Benvindo_Karate_2019.jpeg\",\"datePublished\":\"2019-09-11T18:45:30+00:00\",\"dateModified\":\"2025-05-07T18:46:00+00:00\",\"breadcrumb\":{\"@id\":\"https:\/\/previews.elleven.digital\/acocearense\/noticia\/cearense-participa-do-pan-americano-de-karate-no-equador\/#breadcrumb\"},\"inLanguage\":\"pt-BR\",\"potentialAction\":[{\"@type\":\"ReadAction\",\"target\":[\"https:\/\/previews.elleven.digital\/acocearense\/noticia\/cearense-participa-do-pan-americano-de-karate-no-equador\/\"]}]},{\"@type\":\"ImageObject\",\"inLanguage\":\"pt-BR\",\"@id\":\"https:\/\/previews.elleven.digital\/acocearense\/noticia\/cearense-participa-do-pan-americano-de-karate-no-equador\/#primaryimage\",\"url\":\"https:\/\/previews.elleven.digital\/acocearense\/wp-content\/uploads\/2025\/05\/Jonathan-Benvindo_Karate_2019.jpeg\",\"contentUrl\":\"https:\/\/previews.elleven.digital\/acocearense\/wp-content\/uploads\/2025\/05\/Jonathan-Benvindo_Karate_2019.jpeg\",\"width\":1280,\"height\":850},{\"@type\":\"BreadcrumbList\",\"@id\":\"https:\/\/previews.elleven.digital\/acocearense\/noticia\/cearense-participa-do-pan-americano-de-karate-no-equador\/#breadcrumb\",\"itemListElement\":[{\"@type\":\"ListItem\",\"position\":1,\"name\":\"In\u00edcio\",\"item\":\"https:\/\/previews.elleven.digital\/acocearense\/\"},{\"@type\":\"ListItem\",\"position\":2,\"name\":\"Not\u00edcias\",\"item\":\"https:\/\/previews.elleven.digital\/acocearense\/noticias\/\"},{\"@type\":\"ListItem\",\"position\":3,\"name\":\"Cearense participa do Pan Americano de Karate no Equador\"}]},{\"@type\":\"WebSite\",\"@id\":\"https:\/\/previews.elleven.digital\/acocearense\/#website\",\"url\":\"https:\/\/previews.elleven.digital\/acocearense\/\",\"name\":\"A\u00e7o Cearense\",\"description\":\"H\u00e1 mais de 45 anos no mercado brasileiro do a\u00e7o.\",\"alternateName\":\"A\u00e7o Cearense\",\"potentialAction\":[{\"@type\":\"SearchAction\",\"target\":{\"@type\":\"EntryPoint\",\"urlTemplate\":\"https:\/\/previews.elleven.digital\/acocearense\/?s={search_term_string}\"},\"query-input\":{\"@type\":\"PropertyValueSpecification\",\"valueRequired\":true,\"valueName\":\"search_term_string\"}}],\"inLanguage\":\"pt-BR\"}]}<\/script>\n<!-- \/ Yoast SEO plugin. -->","yoast_head_json":{"title":"Cearense participa do Pan Americano de Karate no Equador - Grupo A\u00e7o Cearense","robots":{"index":"index","follow":"follow","max-snippet":"max-snippet:-1","max-image-preview":"max-image-preview:large","max-video-preview":"max-video-preview:-1"},"canonical":"https:\/\/previews.elleven.digital\/acocearense\/noticia\/cearense-participa-do-pan-americano-de-karate-no-equador\/","og_locale":"pt_BR","og_type":"article","og_title":"Cearense participa do Pan Americano de Karate no Equador - Grupo A\u00e7o Cearense","og_description":"O atleta Jonathan Benvindo, patrocinado pelo Instituto A\u00e7o Cearense, embarcou para o Equador no \u00faltimo(...)","og_url":"https:\/\/previews.elleven.digital\/acocearense\/noticia\/cearense-participa-do-pan-americano-de-karate-no-equador\/","og_site_name":"Grupo A\u00e7o Cearense","article_modified_time":"2025-05-07T18:46:00+00:00","og_image":[{"width":1280,"height":850,"url":"https:\/\/previews.elleven.digital\/acocearense\/wp-content\/uploads\/2025\/05\/Jonathan-Benvindo_Karate_2019.jpeg","type":"image\/jpeg"}],"twitter_card":"summary_large_image","twitter_misc":{"Est. tempo de leitura":"2 minutos"},"schema":{"@context":"https:\/\/schema.org","@graph":[{"@type":"WebPage","@id":"https:\/\/previews.elleven.digital\/acocearense\/noticia\/cearense-participa-do-pan-americano-de-karate-no-equador\/","url":"https:\/\/previews.elleven.digital\/acocearense\/noticia\/cearense-participa-do-pan-americano-de-karate-no-equador\/","name":"Cearense participa do Pan Americano de Karate no Equador - Grupo A\u00e7o Cearense","isPartOf":{"@id":"https:\/\/previews.elleven.digital\/acocearense\/#website"},"primaryImageOfPage":{"@id":"https:\/\/previews.elleven.digital\/acocearense\/noticia\/cearense-participa-do-pan-americano-de-karate-no-equador\/#primaryimage"},"image":{"@id":"https:\/\/previews.elleven.digital\/acocearense\/noticia\/cearense-participa-do-pan-americano-de-karate-no-equador\/#primaryimage"},"thumbnailUrl":"https:\/\/previews.elleven.digital\/acocearense\/wp-content\/uploads\/2025\/05\/Jonathan-Benvindo_Karate_2019.jpeg","datePublished":"2019-09-11T18:45:30+00:00","dateModified":"2025-05-07T18:46:00+00:00","breadcrumb":{"@id":"https:\/\/previews.elleven.digital\/acocearense\/noticia\/cearense-participa-do-pan-americano-de-karate-no-equador\/#breadcrumb"},"inLanguage":"pt-BR","potentialAction":[{"@type":"ReadAction","target":["https:\/\/previews.elleven.digital\/acocearense\/noticia\/cearense-participa-do-pan-americano-de-karate-no-equador\/"]}]},{"@type":"ImageObject","inLanguage":"pt-BR","@id":"https:\/\/previews.elleven.digital\/acocearense\/noticia\/cearense-participa-do-pan-americano-de-karate-no-equador\/#primaryimage","url":"https:\/\/previews.elleven.digital\/acocearense\/wp-content\/uploads\/2025\/05\/Jonathan-Benvindo_Karate_2019.jpeg","contentUrl":"https:\/\/previews.elleven.digital\/acocearense\/wp-content\/uploads\/2025\/05\/Jonathan-Benvindo_Karate_2019.jpeg","width":1280,"height":850},{"@type":"BreadcrumbList","@id":"https:\/\/previews.elleven.digital\/acocearense\/noticia\/cearense-participa-do-pan-americano-de-karate-no-equador\/#breadcrumb","itemListElement":[{"@type":"ListItem","position":1,"name":"In\u00edcio","item":"https:\/\/previews.elleven.digital\/acocearense\/"},{"@type":"ListItem","position":2,"name":"Not\u00edcias","item":"https:\/\/previews.elleven.digital\/acocearense\/noticias\/"},{"@type":"ListItem","position":3,"name":"Cearense participa do Pan Americano de Karate no Equador"}]},{"@type":"WebSite","@id":"https:\/\/previews.elleven.digital\/acocearense\/#website","url":"https:\/\/previews.elleven.digital\/acocearense\/","name":"A\u00e7o Cearense","description":"H\u00e1 mais de 45 anos no mercado brasileiro do a\u00e7o.","alternateName":"A\u00e7o Cearense","potentialAction":[{"@type":"SearchAction","target":{"@type":"EntryPoint","urlTemplate":"https:\/\/previews.elleven.digital\/acocearense\/?s={search_term_string}"},"query-input":{"@type":"PropertyValueSpecification","valueRequired":true,"valueName":"search_term_string"}}],"inLanguage":"pt-BR"}]}},"_links":{"self":[{"href":"https:\/\/previews.elleven.digital\/acocearense\/wp-json\/wp\/v2\/noticia\/1901","targetHints":{"allow":["GET"]}}],"collection":[{"href":"https:\/\/previews.elleven.digital\/acocearense\/wp-json\/wp\/v2\/noticia"}],"about":[{"href":"https:\/\/previews.elleven.digital\/acocearense\/wp-json\/wp\/v2\/types\/noticia"}],"wp:featuredmedia":[{"embeddable":true,"href":"https:\/\/previews.elleven.digital\/acocearense\/wp-json\/wp\/v2\/media\/1888"}],"wp:attachment":[{"href":"https:\/\/previews.elleven.digital\/acocearense\/wp-json\/wp\/v2\/media?parent=1901"}],"wp:term":[{"taxonomy":"categoria-noticia","embeddable":true,"href":"https:\/\/previews.elleven.digital\/acocearense\/wp-json\/wp\/v2\/categoria-noticia?post=1901"}],"curies":[{"name":"wp","href":"https:\/\/api.w.org\/{rel}","templated":true}]}}