{"id":1900,"date":"2019-09-11T15:44:58","date_gmt":"2019-09-11T18:44:58","guid":{"rendered":"https:\/\/previews.elleven.digital\/acocearense\/?post_type=noticia&#038;p=1900"},"modified":"2025-05-07T15:45:28","modified_gmt":"2025-05-07T18:45:28","slug":"seminario-futura-trends","status":"publish","type":"noticia","link":"https:\/\/previews.elleven.digital\/acocearense\/noticia\/seminario-futura-trends\/","title":{"rendered":"Semin\u00e1rio Futura Trends"},"content":{"rendered":"<p>Gestores e Analistas da A\u00e7o Cearense participaram no \u00faltimo dia 28 do Semin\u00e1rio Futura Trends, realizado no Teatro do shopping RioMar Fortaleza e organizado pelo Grupo O Povo de Comunica\u00e7\u00e3o. Em sua nona edi\u00e7\u00e3o o evento trouxe como tema \u201cFelicidade, trabalho e qualidade de vida: a arquitetura psicol\u00f3gica do sucesso\u201d.<br \/>\nSemin\u00e1rio contou com palestrantes reconhecidos nacionalmente, como Edgard Charles Stuber (especialista em inova\u00e7\u00e3o e fundador da Stuber Educa\u00e7\u00e3o), Manoel J\u00fanior (autor e pioneiro do marketing de experi\u00eancia no Brasil) e Paulo Vieira (coach e criador do M\u00e9todo CIS).<br \/>\nO Grupo A\u00e7o Cearense apoiou o Semin\u00e1rio que teve 700 participantes que acompanharam tr\u00eas palestras e dois pain\u00e9is, com o objetivo de discutir temas atuais da sociedade.<br \/>\n<img loading=\"lazy\" decoding=\"async\" class=\" wp-image-5887 alignleft\" src=\"https:\/\/grupoacocearense.com.br\/wp-content\/uploads\/2019\/09\/depoimento-seminario-futura-trends.jpg\" sizes=\"auto, (max-width: 156px) 100vw, 156px\" srcset=\"https:\/\/previews.elleven.digital\/acocearense\/wp-content\/uploads\/2019\/09\/depoimento-seminario-futura-trends.jpg 665w, https:\/\/previews.elleven.digital\/acocearense\/wp-content\/uploads\/2019\/09\/depoimento-seminario-futura-trends-224x300.jpg 224w\" alt=\"depoimento \" width=\"156\" height=\"209\" \/>\u00a0Para Leide Silva, Coordenadora de Auditoria Interna, o evento foi muito bom. \u201cO Semin\u00e1rio Futura Trends, foi inspirador para muitos, pois nos fez pensar se realmente amamos o que fazemos e a empresa em que estamos, de forma a enxergar oportunidades e fazermos acontecer especialmente com rela\u00e7\u00e3o aos nossos clientes internos e externos, pois quando amamos a empresa e o que fazemos nada \u00e9 feito com sacrif\u00edcio, mas com muita satisfa\u00e7\u00e3o e alegria\u201d, destacou a gestora.<\/p>\n","protected":false},"featured_media":1889,"template":"","meta":{"_acf_changed":false,"inline_featured_image":false},"categoria-noticia":[],"class_list":["post-1900","noticia","type-noticia","status-publish","has-post-thumbnail","hentry"],"acf":{"link":""},"yoast_head":"<!-- This site is optimized with the Yoast SEO plugin v25.9 - https:\/\/yoast.com\/wordpress\/plugins\/seo\/ -->\n<title>Semin\u00e1rio Futura Trends - Grupo A\u00e7o Cearense<\/title>\n<meta name=\"robots\" content=\"index, follow, max-snippet:-1, max-image-preview:large, max-video-preview:-1\" \/>\n<link rel=\"canonical\" href=\"https:\/\/previews.elleven.digital\/acocearense\/noticia\/seminario-futura-trends\/\" \/>\n<meta property=\"og:locale\" content=\"pt_BR\" \/>\n<meta property=\"og:type\" content=\"article\" \/>\n<meta property=\"og:title\" content=\"Semin\u00e1rio Futura Trends - Grupo A\u00e7o Cearense\" \/>\n<meta property=\"og:description\" content=\"Gestores e Analistas da A\u00e7o Cearense participaram no \u00faltimo dia 28 do Semin\u00e1rio Futura Trends,(...)\" \/>\n<meta property=\"og:url\" content=\"https:\/\/previews.elleven.digital\/acocearense\/noticia\/seminario-futura-trends\/\" \/>\n<meta property=\"og:site_name\" content=\"Grupo A\u00e7o Cearense\" \/>\n<meta property=\"article:modified_time\" content=\"2025-05-07T18:45:28+00:00\" \/>\n<meta property=\"og:image\" content=\"https:\/\/previews.elleven.digital\/acocearense\/wp-content\/uploads\/2025\/05\/seminario-futura-trends.jpg\" \/>\n\t<meta property=\"og:image:width\" content=\"1280\" \/>\n\t<meta property=\"og:image:height\" content=\"960\" \/>\n\t<meta property=\"og:image:type\" content=\"image\/jpeg\" \/>\n<meta name=\"twitter:card\" content=\"summary_large_image\" \/>\n<meta name=\"twitter:label1\" content=\"Est. tempo de leitura\" \/>\n\t<meta name=\"twitter:data1\" content=\"2 minutos\" \/>\n<script type=\"application\/ld+json\" class=\"yoast-schema-graph\">{\"@context\":\"https:\/\/schema.org\",\"@graph\":[{\"@type\":\"WebPage\",\"@id\":\"https:\/\/previews.elleven.digital\/acocearense\/noticia\/seminario-futura-trends\/\",\"url\":\"https:\/\/previews.elleven.digital\/acocearense\/noticia\/seminario-futura-trends\/\",\"name\":\"Semin\u00e1rio Futura Trends - Grupo A\u00e7o Cearense\",\"isPartOf\":{\"@id\":\"https:\/\/previews.elleven.digital\/acocearense\/#website\"},\"primaryImageOfPage\":{\"@id\":\"https:\/\/previews.elleven.digital\/acocearense\/noticia\/seminario-futura-trends\/#primaryimage\"},\"image\":{\"@id\":\"https:\/\/previews.elleven.digital\/acocearense\/noticia\/seminario-futura-trends\/#primaryimage\"},\"thumbnailUrl\":\"https:\/\/previews.elleven.digital\/acocearense\/wp-content\/uploads\/2025\/05\/seminario-futura-trends.jpg\",\"datePublished\":\"2019-09-11T18:44:58+00:00\",\"dateModified\":\"2025-05-07T18:45:28+00:00\",\"breadcrumb\":{\"@id\":\"https:\/\/previews.elleven.digital\/acocearense\/noticia\/seminario-futura-trends\/#breadcrumb\"},\"inLanguage\":\"pt-BR\",\"potentialAction\":[{\"@type\":\"ReadAction\",\"target\":[\"https:\/\/previews.elleven.digital\/acocearense\/noticia\/seminario-futura-trends\/\"]}]},{\"@type\":\"ImageObject\",\"inLanguage\":\"pt-BR\",\"@id\":\"https:\/\/previews.elleven.digital\/acocearense\/noticia\/seminario-futura-trends\/#primaryimage\",\"url\":\"https:\/\/previews.elleven.digital\/acocearense\/wp-content\/uploads\/2025\/05\/seminario-futura-trends.jpg\",\"contentUrl\":\"https:\/\/previews.elleven.digital\/acocearense\/wp-content\/uploads\/2025\/05\/seminario-futura-trends.jpg\",\"width\":1280,\"height\":960},{\"@type\":\"BreadcrumbList\",\"@id\":\"https:\/\/previews.elleven.digital\/acocearense\/noticia\/seminario-futura-trends\/#breadcrumb\",\"itemListElement\":[{\"@type\":\"ListItem\",\"position\":1,\"name\":\"In\u00edcio\",\"item\":\"https:\/\/previews.elleven.digital\/acocearense\/\"},{\"@type\":\"ListItem\",\"position\":2,\"name\":\"Not\u00edcias\",\"item\":\"https:\/\/previews.elleven.digital\/acocearense\/noticias\/\"},{\"@type\":\"ListItem\",\"position\":3,\"name\":\"Semin\u00e1rio Futura Trends\"}]},{\"@type\":\"WebSite\",\"@id\":\"https:\/\/previews.elleven.digital\/acocearense\/#website\",\"url\":\"https:\/\/previews.elleven.digital\/acocearense\/\",\"name\":\"A\u00e7o Cearense\",\"description\":\"H\u00e1 mais de 45 anos no mercado brasileiro do a\u00e7o.\",\"alternateName\":\"A\u00e7o Cearense\",\"potentialAction\":[{\"@type\":\"SearchAction\",\"target\":{\"@type\":\"EntryPoint\",\"urlTemplate\":\"https:\/\/previews.elleven.digital\/acocearense\/?s={search_term_string}\"},\"query-input\":{\"@type\":\"PropertyValueSpecification\",\"valueRequired\":true,\"valueName\":\"search_term_string\"}}],\"inLanguage\":\"pt-BR\"}]}<\/script>\n<!-- \/ Yoast SEO plugin. -->","yoast_head_json":{"title":"Semin\u00e1rio Futura Trends - Grupo A\u00e7o Cearense","robots":{"index":"index","follow":"follow","max-snippet":"max-snippet:-1","max-image-preview":"max-image-preview:large","max-video-preview":"max-video-preview:-1"},"canonical":"https:\/\/previews.elleven.digital\/acocearense\/noticia\/seminario-futura-trends\/","og_locale":"pt_BR","og_type":"article","og_title":"Semin\u00e1rio Futura Trends - Grupo A\u00e7o Cearense","og_description":"Gestores e Analistas da A\u00e7o Cearense participaram no \u00faltimo dia 28 do Semin\u00e1rio Futura Trends,(...)","og_url":"https:\/\/previews.elleven.digital\/acocearense\/noticia\/seminario-futura-trends\/","og_site_name":"Grupo A\u00e7o Cearense","article_modified_time":"2025-05-07T18:45:28+00:00","og_image":[{"width":1280,"height":960,"url":"https:\/\/previews.elleven.digital\/acocearense\/wp-content\/uploads\/2025\/05\/seminario-futura-trends.jpg","type":"image\/jpeg"}],"twitter_card":"summary_large_image","twitter_misc":{"Est. tempo de leitura":"2 minutos"},"schema":{"@context":"https:\/\/schema.org","@graph":[{"@type":"WebPage","@id":"https:\/\/previews.elleven.digital\/acocearense\/noticia\/seminario-futura-trends\/","url":"https:\/\/previews.elleven.digital\/acocearense\/noticia\/seminario-futura-trends\/","name":"Semin\u00e1rio Futura Trends - Grupo A\u00e7o Cearense","isPartOf":{"@id":"https:\/\/previews.elleven.digital\/acocearense\/#website"},"primaryImageOfPage":{"@id":"https:\/\/previews.elleven.digital\/acocearense\/noticia\/seminario-futura-trends\/#primaryimage"},"image":{"@id":"https:\/\/previews.elleven.digital\/acocearense\/noticia\/seminario-futura-trends\/#primaryimage"},"thumbnailUrl":"https:\/\/previews.elleven.digital\/acocearense\/wp-content\/uploads\/2025\/05\/seminario-futura-trends.jpg","datePublished":"2019-09-11T18:44:58+00:00","dateModified":"2025-05-07T18:45:28+00:00","breadcrumb":{"@id":"https:\/\/previews.elleven.digital\/acocearense\/noticia\/seminario-futura-trends\/#breadcrumb"},"inLanguage":"pt-BR","potentialAction":[{"@type":"ReadAction","target":["https:\/\/previews.elleven.digital\/acocearense\/noticia\/seminario-futura-trends\/"]}]},{"@type":"ImageObject","inLanguage":"pt-BR","@id":"https:\/\/previews.elleven.digital\/acocearense\/noticia\/seminario-futura-trends\/#primaryimage","url":"https:\/\/previews.elleven.digital\/acocearense\/wp-content\/uploads\/2025\/05\/seminario-futura-trends.jpg","contentUrl":"https:\/\/previews.elleven.digital\/acocearense\/wp-content\/uploads\/2025\/05\/seminario-futura-trends.jpg","width":1280,"height":960},{"@type":"BreadcrumbList","@id":"https:\/\/previews.elleven.digital\/acocearense\/noticia\/seminario-futura-trends\/#breadcrumb","itemListElement":[{"@type":"ListItem","position":1,"name":"In\u00edcio","item":"https:\/\/previews.elleven.digital\/acocearense\/"},{"@type":"ListItem","position":2,"name":"Not\u00edcias","item":"https:\/\/previews.elleven.digital\/acocearense\/noticias\/"},{"@type":"ListItem","position":3,"name":"Semin\u00e1rio Futura Trends"}]},{"@type":"WebSite","@id":"https:\/\/previews.elleven.digital\/acocearense\/#website","url":"https:\/\/previews.elleven.digital\/acocearense\/","name":"A\u00e7o Cearense","description":"H\u00e1 mais de 45 anos no mercado brasileiro do a\u00e7o.","alternateName":"A\u00e7o Cearense","potentialAction":[{"@type":"SearchAction","target":{"@type":"EntryPoint","urlTemplate":"https:\/\/previews.elleven.digital\/acocearense\/?s={search_term_string}"},"query-input":{"@type":"PropertyValueSpecification","valueRequired":true,"valueName":"search_term_string"}}],"inLanguage":"pt-BR"}]}},"_links":{"self":[{"href":"https:\/\/previews.elleven.digital\/acocearense\/wp-json\/wp\/v2\/noticia\/1900","targetHints":{"allow":["GET"]}}],"collection":[{"href":"https:\/\/previews.elleven.digital\/acocearense\/wp-json\/wp\/v2\/noticia"}],"about":[{"href":"https:\/\/previews.elleven.digital\/acocearense\/wp-json\/wp\/v2\/types\/noticia"}],"wp:featuredmedia":[{"embeddable":true,"href":"https:\/\/previews.elleven.digital\/acocearense\/wp-json\/wp\/v2\/media\/1889"}],"wp:attachment":[{"href":"https:\/\/previews.elleven.digital\/acocearense\/wp-json\/wp\/v2\/media?parent=1900"}],"wp:term":[{"taxonomy":"categoria-noticia","embeddable":true,"href":"https:\/\/previews.elleven.digital\/acocearense\/wp-json\/wp\/v2\/categoria-noticia?post=1900"}],"curies":[{"name":"wp","href":"https:\/\/api.w.org\/{rel}","templated":true}]}}