{"id":1874,"date":"2019-08-19T15:39:14","date_gmt":"2019-08-19T18:39:14","guid":{"rendered":"https:\/\/previews.elleven.digital\/acocearense\/?post_type=noticia&#038;p=1874"},"modified":"2025-05-07T15:42:53","modified_gmt":"2025-05-07T18:42:53","slug":"4a-edicao-do-pedalando-pela-paz-em-sao-goncalo-do-amarante","status":"publish","type":"noticia","link":"https:\/\/previews.elleven.digital\/acocearense\/noticia\/4a-edicao-do-pedalando-pela-paz-em-sao-goncalo-do-amarante\/","title":{"rendered":"4\u00aa edi\u00e7\u00e3o do Pedalando pela Paz em S\u00e3o Gon\u00e7alo do Amarante"},"content":{"rendered":"<p>Uma sociedade mais justa e menos violenta. Foi com esse prop\u00f3sito que o Instituto A\u00e7o Cearense promoveu a 4\u00aa edi\u00e7\u00e3o do passeio cicl\u00edstico Pedalando pela Paz, no dia 16 de agosto, no munic\u00edpio de S\u00e3o Gon\u00e7alo do Amarante \u2013 CE.<br \/>\nOs ciclistas sa\u00edram \u00e0s 7h30, da Pra\u00e7a da Igreja Matriz de S\u00e3o Gon\u00e7alo e foram at\u00e9 a Lagoa da Prejubaca, localizada na Avenida Coronel Doca Para\u00edba. O passeio foi acompanhado pela Autarquia Municipal de Tr\u00e2nsito e os participantes receberam \u00e1gua, brindes e participaram do sorteio de cinco bicicletas. Al\u00e9m disso, v\u00e1rios carros de som animaram todo o percurso com apresenta\u00e7\u00e3o de zumba e banda musical na concentra\u00e7\u00e3o do evento.<br \/>\nA finalidade do Pedalando pela Paz, realizado em parceria com a prefeitura do munic\u00edpio, foi chamar a aten\u00e7\u00e3o da sociedade e do poder p\u00fablico para uma cultura de n\u00e3o viol\u00eancia.<\/p>\n","protected":false},"featured_media":1895,"template":"","meta":{"_acf_changed":false,"inline_featured_image":false},"categoria-noticia":[],"class_list":["post-1874","noticia","type-noticia","status-publish","has-post-thumbnail","hentry"],"acf":{"link":""},"yoast_head":"<!-- This site is optimized with the Yoast SEO plugin v25.9 - https:\/\/yoast.com\/wordpress\/plugins\/seo\/ -->\n<title>4\u00aa edi\u00e7\u00e3o do Pedalando pela Paz em S\u00e3o Gon\u00e7alo do Amarante - Grupo A\u00e7o Cearense<\/title>\n<meta name=\"robots\" content=\"index, follow, max-snippet:-1, max-image-preview:large, max-video-preview:-1\" \/>\n<link rel=\"canonical\" href=\"https:\/\/previews.elleven.digital\/acocearense\/noticia\/4a-edicao-do-pedalando-pela-paz-em-sao-goncalo-do-amarante\/\" \/>\n<meta property=\"og:locale\" content=\"pt_BR\" \/>\n<meta property=\"og:type\" content=\"article\" \/>\n<meta property=\"og:title\" content=\"4\u00aa edi\u00e7\u00e3o do Pedalando pela Paz em S\u00e3o Gon\u00e7alo do Amarante - Grupo A\u00e7o Cearense\" \/>\n<meta property=\"og:description\" content=\"Uma sociedade mais justa e menos violenta. Foi com esse prop\u00f3sito que o Instituto A\u00e7o(...)\" \/>\n<meta property=\"og:url\" content=\"https:\/\/previews.elleven.digital\/acocearense\/noticia\/4a-edicao-do-pedalando-pela-paz-em-sao-goncalo-do-amarante\/\" \/>\n<meta property=\"og:site_name\" content=\"Grupo A\u00e7o Cearense\" \/>\n<meta property=\"article:modified_time\" content=\"2025-05-07T18:42:53+00:00\" \/>\n<meta property=\"og:image\" content=\"https:\/\/previews.elleven.digital\/acocearense\/wp-content\/uploads\/2025\/05\/Pedalando-pela-Paz.png\" \/>\n\t<meta property=\"og:image:width\" content=\"400\" \/>\n\t<meta property=\"og:image:height\" content=\"300\" \/>\n\t<meta property=\"og:image:type\" content=\"image\/png\" \/>\n<meta name=\"twitter:card\" content=\"summary_large_image\" \/>\n<meta name=\"twitter:label1\" content=\"Est. tempo de leitura\" \/>\n\t<meta name=\"twitter:data1\" content=\"1 minuto\" \/>\n<script type=\"application\/ld+json\" class=\"yoast-schema-graph\">{\"@context\":\"https:\/\/schema.org\",\"@graph\":[{\"@type\":\"WebPage\",\"@id\":\"https:\/\/previews.elleven.digital\/acocearense\/noticia\/4a-edicao-do-pedalando-pela-paz-em-sao-goncalo-do-amarante\/\",\"url\":\"https:\/\/previews.elleven.digital\/acocearense\/noticia\/4a-edicao-do-pedalando-pela-paz-em-sao-goncalo-do-amarante\/\",\"name\":\"4\u00aa edi\u00e7\u00e3o do Pedalando pela Paz em S\u00e3o Gon\u00e7alo do Amarante - Grupo A\u00e7o Cearense\",\"isPartOf\":{\"@id\":\"https:\/\/previews.elleven.digital\/acocearense\/#website\"},\"primaryImageOfPage\":{\"@id\":\"https:\/\/previews.elleven.digital\/acocearense\/noticia\/4a-edicao-do-pedalando-pela-paz-em-sao-goncalo-do-amarante\/#primaryimage\"},\"image\":{\"@id\":\"https:\/\/previews.elleven.digital\/acocearense\/noticia\/4a-edicao-do-pedalando-pela-paz-em-sao-goncalo-do-amarante\/#primaryimage\"},\"thumbnailUrl\":\"https:\/\/previews.elleven.digital\/acocearense\/wp-content\/uploads\/2025\/05\/Pedalando-pela-Paz.png\",\"datePublished\":\"2019-08-19T18:39:14+00:00\",\"dateModified\":\"2025-05-07T18:42:53+00:00\",\"breadcrumb\":{\"@id\":\"https:\/\/previews.elleven.digital\/acocearense\/noticia\/4a-edicao-do-pedalando-pela-paz-em-sao-goncalo-do-amarante\/#breadcrumb\"},\"inLanguage\":\"pt-BR\",\"potentialAction\":[{\"@type\":\"ReadAction\",\"target\":[\"https:\/\/previews.elleven.digital\/acocearense\/noticia\/4a-edicao-do-pedalando-pela-paz-em-sao-goncalo-do-amarante\/\"]}]},{\"@type\":\"ImageObject\",\"inLanguage\":\"pt-BR\",\"@id\":\"https:\/\/previews.elleven.digital\/acocearense\/noticia\/4a-edicao-do-pedalando-pela-paz-em-sao-goncalo-do-amarante\/#primaryimage\",\"url\":\"https:\/\/previews.elleven.digital\/acocearense\/wp-content\/uploads\/2025\/05\/Pedalando-pela-Paz.png\",\"contentUrl\":\"https:\/\/previews.elleven.digital\/acocearense\/wp-content\/uploads\/2025\/05\/Pedalando-pela-Paz.png\",\"width\":400,\"height\":300},{\"@type\":\"BreadcrumbList\",\"@id\":\"https:\/\/previews.elleven.digital\/acocearense\/noticia\/4a-edicao-do-pedalando-pela-paz-em-sao-goncalo-do-amarante\/#breadcrumb\",\"itemListElement\":[{\"@type\":\"ListItem\",\"position\":1,\"name\":\"In\u00edcio\",\"item\":\"https:\/\/previews.elleven.digital\/acocearense\/\"},{\"@type\":\"ListItem\",\"position\":2,\"name\":\"Not\u00edcias\",\"item\":\"https:\/\/previews.elleven.digital\/acocearense\/noticias\/\"},{\"@type\":\"ListItem\",\"position\":3,\"name\":\"4\u00aa edi\u00e7\u00e3o do Pedalando pela Paz em S\u00e3o Gon\u00e7alo do Amarante\"}]},{\"@type\":\"WebSite\",\"@id\":\"https:\/\/previews.elleven.digital\/acocearense\/#website\",\"url\":\"https:\/\/previews.elleven.digital\/acocearense\/\",\"name\":\"A\u00e7o Cearense\",\"description\":\"H\u00e1 mais de 45 anos no mercado brasileiro do a\u00e7o.\",\"alternateName\":\"A\u00e7o Cearense\",\"potentialAction\":[{\"@type\":\"SearchAction\",\"target\":{\"@type\":\"EntryPoint\",\"urlTemplate\":\"https:\/\/previews.elleven.digital\/acocearense\/?s={search_term_string}\"},\"query-input\":{\"@type\":\"PropertyValueSpecification\",\"valueRequired\":true,\"valueName\":\"search_term_string\"}}],\"inLanguage\":\"pt-BR\"}]}<\/script>\n<!-- \/ Yoast SEO plugin. -->","yoast_head_json":{"title":"4\u00aa edi\u00e7\u00e3o do Pedalando pela Paz em S\u00e3o Gon\u00e7alo do Amarante - Grupo A\u00e7o Cearense","robots":{"index":"index","follow":"follow","max-snippet":"max-snippet:-1","max-image-preview":"max-image-preview:large","max-video-preview":"max-video-preview:-1"},"canonical":"https:\/\/previews.elleven.digital\/acocearense\/noticia\/4a-edicao-do-pedalando-pela-paz-em-sao-goncalo-do-amarante\/","og_locale":"pt_BR","og_type":"article","og_title":"4\u00aa edi\u00e7\u00e3o do Pedalando pela Paz em S\u00e3o Gon\u00e7alo do Amarante - Grupo A\u00e7o Cearense","og_description":"Uma sociedade mais justa e menos violenta. Foi com esse prop\u00f3sito que o Instituto A\u00e7o(...)","og_url":"https:\/\/previews.elleven.digital\/acocearense\/noticia\/4a-edicao-do-pedalando-pela-paz-em-sao-goncalo-do-amarante\/","og_site_name":"Grupo A\u00e7o Cearense","article_modified_time":"2025-05-07T18:42:53+00:00","og_image":[{"width":400,"height":300,"url":"https:\/\/previews.elleven.digital\/acocearense\/wp-content\/uploads\/2025\/05\/Pedalando-pela-Paz.png","type":"image\/png"}],"twitter_card":"summary_large_image","twitter_misc":{"Est. tempo de leitura":"1 minuto"},"schema":{"@context":"https:\/\/schema.org","@graph":[{"@type":"WebPage","@id":"https:\/\/previews.elleven.digital\/acocearense\/noticia\/4a-edicao-do-pedalando-pela-paz-em-sao-goncalo-do-amarante\/","url":"https:\/\/previews.elleven.digital\/acocearense\/noticia\/4a-edicao-do-pedalando-pela-paz-em-sao-goncalo-do-amarante\/","name":"4\u00aa edi\u00e7\u00e3o do Pedalando pela Paz em S\u00e3o Gon\u00e7alo do Amarante - Grupo A\u00e7o Cearense","isPartOf":{"@id":"https:\/\/previews.elleven.digital\/acocearense\/#website"},"primaryImageOfPage":{"@id":"https:\/\/previews.elleven.digital\/acocearense\/noticia\/4a-edicao-do-pedalando-pela-paz-em-sao-goncalo-do-amarante\/#primaryimage"},"image":{"@id":"https:\/\/previews.elleven.digital\/acocearense\/noticia\/4a-edicao-do-pedalando-pela-paz-em-sao-goncalo-do-amarante\/#primaryimage"},"thumbnailUrl":"https:\/\/previews.elleven.digital\/acocearense\/wp-content\/uploads\/2025\/05\/Pedalando-pela-Paz.png","datePublished":"2019-08-19T18:39:14+00:00","dateModified":"2025-05-07T18:42:53+00:00","breadcrumb":{"@id":"https:\/\/previews.elleven.digital\/acocearense\/noticia\/4a-edicao-do-pedalando-pela-paz-em-sao-goncalo-do-amarante\/#breadcrumb"},"inLanguage":"pt-BR","potentialAction":[{"@type":"ReadAction","target":["https:\/\/previews.elleven.digital\/acocearense\/noticia\/4a-edicao-do-pedalando-pela-paz-em-sao-goncalo-do-amarante\/"]}]},{"@type":"ImageObject","inLanguage":"pt-BR","@id":"https:\/\/previews.elleven.digital\/acocearense\/noticia\/4a-edicao-do-pedalando-pela-paz-em-sao-goncalo-do-amarante\/#primaryimage","url":"https:\/\/previews.elleven.digital\/acocearense\/wp-content\/uploads\/2025\/05\/Pedalando-pela-Paz.png","contentUrl":"https:\/\/previews.elleven.digital\/acocearense\/wp-content\/uploads\/2025\/05\/Pedalando-pela-Paz.png","width":400,"height":300},{"@type":"BreadcrumbList","@id":"https:\/\/previews.elleven.digital\/acocearense\/noticia\/4a-edicao-do-pedalando-pela-paz-em-sao-goncalo-do-amarante\/#breadcrumb","itemListElement":[{"@type":"ListItem","position":1,"name":"In\u00edcio","item":"https:\/\/previews.elleven.digital\/acocearense\/"},{"@type":"ListItem","position":2,"name":"Not\u00edcias","item":"https:\/\/previews.elleven.digital\/acocearense\/noticias\/"},{"@type":"ListItem","position":3,"name":"4\u00aa edi\u00e7\u00e3o do Pedalando pela Paz em S\u00e3o Gon\u00e7alo do Amarante"}]},{"@type":"WebSite","@id":"https:\/\/previews.elleven.digital\/acocearense\/#website","url":"https:\/\/previews.elleven.digital\/acocearense\/","name":"A\u00e7o Cearense","description":"H\u00e1 mais de 45 anos no mercado brasileiro do a\u00e7o.","alternateName":"A\u00e7o Cearense","potentialAction":[{"@type":"SearchAction","target":{"@type":"EntryPoint","urlTemplate":"https:\/\/previews.elleven.digital\/acocearense\/?s={search_term_string}"},"query-input":{"@type":"PropertyValueSpecification","valueRequired":true,"valueName":"search_term_string"}}],"inLanguage":"pt-BR"}]}},"_links":{"self":[{"href":"https:\/\/previews.elleven.digital\/acocearense\/wp-json\/wp\/v2\/noticia\/1874","targetHints":{"allow":["GET"]}}],"collection":[{"href":"https:\/\/previews.elleven.digital\/acocearense\/wp-json\/wp\/v2\/noticia"}],"about":[{"href":"https:\/\/previews.elleven.digital\/acocearense\/wp-json\/wp\/v2\/types\/noticia"}],"wp:featuredmedia":[{"embeddable":true,"href":"https:\/\/previews.elleven.digital\/acocearense\/wp-json\/wp\/v2\/media\/1895"}],"wp:attachment":[{"href":"https:\/\/previews.elleven.digital\/acocearense\/wp-json\/wp\/v2\/media?parent=1874"}],"wp:term":[{"taxonomy":"categoria-noticia","embeddable":true,"href":"https:\/\/previews.elleven.digital\/acocearense\/wp-json\/wp\/v2\/categoria-noticia?post=1874"}],"curies":[{"name":"wp","href":"https:\/\/api.w.org\/{rel}","templated":true}]}}