{"id":1873,"date":"2019-08-01T15:38:34","date_gmt":"2019-08-01T18:38:34","guid":{"rendered":"https:\/\/previews.elleven.digital\/acocearense\/?post_type=noticia&#038;p=1873"},"modified":"2025-05-07T15:39:12","modified_gmt":"2025-05-07T18:39:12","slug":"atletas-patrocinados-pelo-instituto-aco-cearense-sao-destaques-em-campeonatos","status":"publish","type":"noticia","link":"https:\/\/previews.elleven.digital\/acocearense\/noticia\/atletas-patrocinados-pelo-instituto-aco-cearense-sao-destaques-em-campeonatos\/","title":{"rendered":"Atletas patrocinados pelo Instituto A\u00e7o Cearense s\u00e3o destaques em campeonatos"},"content":{"rendered":"<p><img loading=\"lazy\" decoding=\"async\" class=\"alignleft wp-image-5606 size-medium\" src=\"https:\/\/grupoacocearense.com.br\/wp-content\/uploads\/2019\/08\/atleta-iac2-199x300.jpeg\" sizes=\"auto, (max-width: 199px) 100vw, 199px\" srcset=\"https:\/\/previews.elleven.digital\/acocearense\/wp-content\/uploads\/2019\/08\/atleta-iac2-199x300.jpeg 199w, https:\/\/previews.elleven.digital\/acocearense\/wp-content\/uploads\/2019\/08\/atleta-iac2-768x1157.jpeg 768w, https:\/\/previews.elleven.digital\/acocearense\/wp-content\/uploads\/2019\/08\/atleta-iac2-680x1024.jpeg 680w, https:\/\/previews.elleven.digital\/acocearense\/wp-content\/uploads\/2019\/08\/atleta-iac2.jpeg 850w\" alt=\"\" width=\"199\" height=\"300\" \/>Em preparativos para o Campeonato Pan-Americano de Karat\u00ea que acontecer\u00e1 no pr\u00f3ximo m\u00eas, no Equador, o atleta patrocinado pelo Instituto A\u00e7o Cearense, Jonathan Benvindo, vai competir no pr\u00f3ximo s\u00e1bado, 3 de agosto, no Open Nacional de Karat\u00ea de Pernambuco.<br \/>\nCom mais de 200 medalhas em competi\u00e7\u00f5es, o jovem luta para chegar ao campeonato mundial que acontecer\u00e1 em novembro deste ano, no Chile. A competi\u00e7\u00e3o de Pernambuco conta pontos para o ranking nacional, que poder\u00e1 lev\u00e1-lo ao Mundial. \u201cEstou confiante que vou conseguir uma boa pontua\u00e7\u00e3o no Open de Pernambuco que ser\u00e1 tamb\u00e9m uma boa oportunidade de avaliar meu rendimento para o Pan-Americano que acontecer\u00e1 alguns dias depois\u201d, explicou o atleta.<\/p>\n<p><img loading=\"lazy\" decoding=\"async\" class=\"alignright wp-image-5609 size-medium\" src=\"https:\/\/grupoacocearense.com.br\/wp-content\/uploads\/2019\/08\/atleta-iac-1-e1564684410479-300x213.jpg\" sizes=\"auto, (max-width: 300px) 100vw, 300px\" srcset=\"https:\/\/previews.elleven.digital\/acocearense\/wp-content\/uploads\/2019\/08\/atleta-iac-1-e1564684410479-300x213.jpg 300w, https:\/\/previews.elleven.digital\/acocearense\/wp-content\/uploads\/2019\/08\/atleta-iac-1-e1564684410479-768x544.jpg 768w, https:\/\/previews.elleven.digital\/acocearense\/wp-content\/uploads\/2019\/08\/atleta-iac-1-e1564684410479.jpg 883w\" alt=\"atleta Lisandra Dantas\" width=\"300\" height=\"213\" \/><br \/>\nO \u00faltimo final de semana foi de vit\u00f3rias para a colaboradora\u00a0 atleta Lisandra Dantas, da \u00e1rea de Contrata\u00e7\u00e3o da A\u00e7o Cearense Industrial Matriz,\u00a0patrocinada pelo Instituto A\u00e7o Cearense. No s\u00e1bado (27), ela participou do Beach Run Brasil \u2013 Etapa Paracuru, onde conquistou o 3\u00b0 lugar na categoria geral 5 km\u00a0feminino. De acordo com a atleta foi um percurso desafiador. \u201cTinha ventos fortes no retorno de 5 km, aclives, declives, sol quente e a maior parte do percurso era na areia frouxa\u201d, afirmou.<br \/>\nJ\u00e1 no domingo competiu na Corrida da Juventude de Fortaleza e foi o 1\u00b0 lugar na categoria geral 5 km feminino. \u201cAgrade\u00e7o a Deus pelos resultados. S\u00f3 Ele me d\u00e1 for\u00e7a e \u00e9 meu alicerce para tudo.\u00a0Estou muito feliz!\u201d.<\/p>\n","protected":false},"featured_media":1853,"template":"","meta":{"_acf_changed":false,"inline_featured_image":false},"categoria-noticia":[],"class_list":["post-1873","noticia","type-noticia","status-publish","has-post-thumbnail","hentry"],"acf":{"link":""},"yoast_head":"<!-- This site is optimized with the Yoast SEO plugin v25.9 - https:\/\/yoast.com\/wordpress\/plugins\/seo\/ -->\n<title>Atletas patrocinados pelo Instituto A\u00e7o Cearense s\u00e3o destaques em campeonatos - Grupo A\u00e7o Cearense<\/title>\n<meta name=\"robots\" content=\"index, follow, max-snippet:-1, max-image-preview:large, max-video-preview:-1\" \/>\n<link rel=\"canonical\" href=\"https:\/\/previews.elleven.digital\/acocearense\/noticia\/atletas-patrocinados-pelo-instituto-aco-cearense-sao-destaques-em-campeonatos\/\" \/>\n<meta property=\"og:locale\" content=\"pt_BR\" \/>\n<meta property=\"og:type\" content=\"article\" \/>\n<meta property=\"og:title\" content=\"Atletas patrocinados pelo Instituto A\u00e7o Cearense s\u00e3o destaques em campeonatos - Grupo A\u00e7o Cearense\" \/>\n<meta property=\"og:description\" content=\"Em preparativos para o Campeonato Pan-Americano de Karat\u00ea que acontecer\u00e1 no pr\u00f3ximo m\u00eas, no Equador,(...)\" \/>\n<meta property=\"og:url\" content=\"https:\/\/previews.elleven.digital\/acocearense\/noticia\/atletas-patrocinados-pelo-instituto-aco-cearense-sao-destaques-em-campeonatos\/\" \/>\n<meta property=\"og:site_name\" content=\"Grupo A\u00e7o Cearense\" \/>\n<meta property=\"article:modified_time\" content=\"2025-05-07T18:39:12+00:00\" \/>\n<meta property=\"og:image\" content=\"https:\/\/previews.elleven.digital\/acocearense\/wp-content\/uploads\/2025\/05\/atleta-iac-1-e1564684410479.jpg\" \/>\n\t<meta property=\"og:image:width\" content=\"883\" \/>\n\t<meta property=\"og:image:height\" content=\"626\" \/>\n\t<meta property=\"og:image:type\" content=\"image\/jpeg\" \/>\n<meta name=\"twitter:card\" content=\"summary_large_image\" \/>\n<meta name=\"twitter:label1\" content=\"Est. tempo de leitura\" \/>\n\t<meta name=\"twitter:data1\" content=\"2 minutos\" \/>\n<script type=\"application\/ld+json\" class=\"yoast-schema-graph\">{\"@context\":\"https:\/\/schema.org\",\"@graph\":[{\"@type\":\"WebPage\",\"@id\":\"https:\/\/previews.elleven.digital\/acocearense\/noticia\/atletas-patrocinados-pelo-instituto-aco-cearense-sao-destaques-em-campeonatos\/\",\"url\":\"https:\/\/previews.elleven.digital\/acocearense\/noticia\/atletas-patrocinados-pelo-instituto-aco-cearense-sao-destaques-em-campeonatos\/\",\"name\":\"Atletas patrocinados pelo Instituto A\u00e7o Cearense s\u00e3o destaques em campeonatos - Grupo A\u00e7o Cearense\",\"isPartOf\":{\"@id\":\"https:\/\/previews.elleven.digital\/acocearense\/#website\"},\"primaryImageOfPage\":{\"@id\":\"https:\/\/previews.elleven.digital\/acocearense\/noticia\/atletas-patrocinados-pelo-instituto-aco-cearense-sao-destaques-em-campeonatos\/#primaryimage\"},\"image\":{\"@id\":\"https:\/\/previews.elleven.digital\/acocearense\/noticia\/atletas-patrocinados-pelo-instituto-aco-cearense-sao-destaques-em-campeonatos\/#primaryimage\"},\"thumbnailUrl\":\"https:\/\/previews.elleven.digital\/acocearense\/wp-content\/uploads\/2025\/05\/atleta-iac-1-e1564684410479.jpg\",\"datePublished\":\"2019-08-01T18:38:34+00:00\",\"dateModified\":\"2025-05-07T18:39:12+00:00\",\"breadcrumb\":{\"@id\":\"https:\/\/previews.elleven.digital\/acocearense\/noticia\/atletas-patrocinados-pelo-instituto-aco-cearense-sao-destaques-em-campeonatos\/#breadcrumb\"},\"inLanguage\":\"pt-BR\",\"potentialAction\":[{\"@type\":\"ReadAction\",\"target\":[\"https:\/\/previews.elleven.digital\/acocearense\/noticia\/atletas-patrocinados-pelo-instituto-aco-cearense-sao-destaques-em-campeonatos\/\"]}]},{\"@type\":\"ImageObject\",\"inLanguage\":\"pt-BR\",\"@id\":\"https:\/\/previews.elleven.digital\/acocearense\/noticia\/atletas-patrocinados-pelo-instituto-aco-cearense-sao-destaques-em-campeonatos\/#primaryimage\",\"url\":\"https:\/\/previews.elleven.digital\/acocearense\/wp-content\/uploads\/2025\/05\/atleta-iac-1-e1564684410479.jpg\",\"contentUrl\":\"https:\/\/previews.elleven.digital\/acocearense\/wp-content\/uploads\/2025\/05\/atleta-iac-1-e1564684410479.jpg\",\"width\":883,\"height\":626},{\"@type\":\"BreadcrumbList\",\"@id\":\"https:\/\/previews.elleven.digital\/acocearense\/noticia\/atletas-patrocinados-pelo-instituto-aco-cearense-sao-destaques-em-campeonatos\/#breadcrumb\",\"itemListElement\":[{\"@type\":\"ListItem\",\"position\":1,\"name\":\"In\u00edcio\",\"item\":\"https:\/\/previews.elleven.digital\/acocearense\/\"},{\"@type\":\"ListItem\",\"position\":2,\"name\":\"Not\u00edcias\",\"item\":\"https:\/\/previews.elleven.digital\/acocearense\/noticias\/\"},{\"@type\":\"ListItem\",\"position\":3,\"name\":\"Atletas patrocinados pelo Instituto A\u00e7o Cearense s\u00e3o destaques em campeonatos\"}]},{\"@type\":\"WebSite\",\"@id\":\"https:\/\/previews.elleven.digital\/acocearense\/#website\",\"url\":\"https:\/\/previews.elleven.digital\/acocearense\/\",\"name\":\"A\u00e7o Cearense\",\"description\":\"H\u00e1 mais de 45 anos no mercado brasileiro do a\u00e7o.\",\"alternateName\":\"A\u00e7o Cearense\",\"potentialAction\":[{\"@type\":\"SearchAction\",\"target\":{\"@type\":\"EntryPoint\",\"urlTemplate\":\"https:\/\/previews.elleven.digital\/acocearense\/?s={search_term_string}\"},\"query-input\":{\"@type\":\"PropertyValueSpecification\",\"valueRequired\":true,\"valueName\":\"search_term_string\"}}],\"inLanguage\":\"pt-BR\"}]}<\/script>\n<!-- \/ Yoast SEO plugin. -->","yoast_head_json":{"title":"Atletas patrocinados pelo Instituto A\u00e7o Cearense s\u00e3o destaques em campeonatos - Grupo A\u00e7o Cearense","robots":{"index":"index","follow":"follow","max-snippet":"max-snippet:-1","max-image-preview":"max-image-preview:large","max-video-preview":"max-video-preview:-1"},"canonical":"https:\/\/previews.elleven.digital\/acocearense\/noticia\/atletas-patrocinados-pelo-instituto-aco-cearense-sao-destaques-em-campeonatos\/","og_locale":"pt_BR","og_type":"article","og_title":"Atletas patrocinados pelo Instituto A\u00e7o Cearense s\u00e3o destaques em campeonatos - Grupo A\u00e7o Cearense","og_description":"Em preparativos para o Campeonato Pan-Americano de Karat\u00ea que acontecer\u00e1 no pr\u00f3ximo m\u00eas, no Equador,(...)","og_url":"https:\/\/previews.elleven.digital\/acocearense\/noticia\/atletas-patrocinados-pelo-instituto-aco-cearense-sao-destaques-em-campeonatos\/","og_site_name":"Grupo A\u00e7o Cearense","article_modified_time":"2025-05-07T18:39:12+00:00","og_image":[{"width":883,"height":626,"url":"https:\/\/previews.elleven.digital\/acocearense\/wp-content\/uploads\/2025\/05\/atleta-iac-1-e1564684410479.jpg","type":"image\/jpeg"}],"twitter_card":"summary_large_image","twitter_misc":{"Est. tempo de leitura":"2 minutos"},"schema":{"@context":"https:\/\/schema.org","@graph":[{"@type":"WebPage","@id":"https:\/\/previews.elleven.digital\/acocearense\/noticia\/atletas-patrocinados-pelo-instituto-aco-cearense-sao-destaques-em-campeonatos\/","url":"https:\/\/previews.elleven.digital\/acocearense\/noticia\/atletas-patrocinados-pelo-instituto-aco-cearense-sao-destaques-em-campeonatos\/","name":"Atletas patrocinados pelo Instituto A\u00e7o Cearense s\u00e3o destaques em campeonatos - Grupo A\u00e7o Cearense","isPartOf":{"@id":"https:\/\/previews.elleven.digital\/acocearense\/#website"},"primaryImageOfPage":{"@id":"https:\/\/previews.elleven.digital\/acocearense\/noticia\/atletas-patrocinados-pelo-instituto-aco-cearense-sao-destaques-em-campeonatos\/#primaryimage"},"image":{"@id":"https:\/\/previews.elleven.digital\/acocearense\/noticia\/atletas-patrocinados-pelo-instituto-aco-cearense-sao-destaques-em-campeonatos\/#primaryimage"},"thumbnailUrl":"https:\/\/previews.elleven.digital\/acocearense\/wp-content\/uploads\/2025\/05\/atleta-iac-1-e1564684410479.jpg","datePublished":"2019-08-01T18:38:34+00:00","dateModified":"2025-05-07T18:39:12+00:00","breadcrumb":{"@id":"https:\/\/previews.elleven.digital\/acocearense\/noticia\/atletas-patrocinados-pelo-instituto-aco-cearense-sao-destaques-em-campeonatos\/#breadcrumb"},"inLanguage":"pt-BR","potentialAction":[{"@type":"ReadAction","target":["https:\/\/previews.elleven.digital\/acocearense\/noticia\/atletas-patrocinados-pelo-instituto-aco-cearense-sao-destaques-em-campeonatos\/"]}]},{"@type":"ImageObject","inLanguage":"pt-BR","@id":"https:\/\/previews.elleven.digital\/acocearense\/noticia\/atletas-patrocinados-pelo-instituto-aco-cearense-sao-destaques-em-campeonatos\/#primaryimage","url":"https:\/\/previews.elleven.digital\/acocearense\/wp-content\/uploads\/2025\/05\/atleta-iac-1-e1564684410479.jpg","contentUrl":"https:\/\/previews.elleven.digital\/acocearense\/wp-content\/uploads\/2025\/05\/atleta-iac-1-e1564684410479.jpg","width":883,"height":626},{"@type":"BreadcrumbList","@id":"https:\/\/previews.elleven.digital\/acocearense\/noticia\/atletas-patrocinados-pelo-instituto-aco-cearense-sao-destaques-em-campeonatos\/#breadcrumb","itemListElement":[{"@type":"ListItem","position":1,"name":"In\u00edcio","item":"https:\/\/previews.elleven.digital\/acocearense\/"},{"@type":"ListItem","position":2,"name":"Not\u00edcias","item":"https:\/\/previews.elleven.digital\/acocearense\/noticias\/"},{"@type":"ListItem","position":3,"name":"Atletas patrocinados pelo Instituto A\u00e7o Cearense s\u00e3o destaques em campeonatos"}]},{"@type":"WebSite","@id":"https:\/\/previews.elleven.digital\/acocearense\/#website","url":"https:\/\/previews.elleven.digital\/acocearense\/","name":"A\u00e7o Cearense","description":"H\u00e1 mais de 45 anos no mercado brasileiro do a\u00e7o.","alternateName":"A\u00e7o Cearense","potentialAction":[{"@type":"SearchAction","target":{"@type":"EntryPoint","urlTemplate":"https:\/\/previews.elleven.digital\/acocearense\/?s={search_term_string}"},"query-input":{"@type":"PropertyValueSpecification","valueRequired":true,"valueName":"search_term_string"}}],"inLanguage":"pt-BR"}]}},"_links":{"self":[{"href":"https:\/\/previews.elleven.digital\/acocearense\/wp-json\/wp\/v2\/noticia\/1873","targetHints":{"allow":["GET"]}}],"collection":[{"href":"https:\/\/previews.elleven.digital\/acocearense\/wp-json\/wp\/v2\/noticia"}],"about":[{"href":"https:\/\/previews.elleven.digital\/acocearense\/wp-json\/wp\/v2\/types\/noticia"}],"wp:featuredmedia":[{"embeddable":true,"href":"https:\/\/previews.elleven.digital\/acocearense\/wp-json\/wp\/v2\/media\/1853"}],"wp:attachment":[{"href":"https:\/\/previews.elleven.digital\/acocearense\/wp-json\/wp\/v2\/media?parent=1873"}],"wp:term":[{"taxonomy":"categoria-noticia","embeddable":true,"href":"https:\/\/previews.elleven.digital\/acocearense\/wp-json\/wp\/v2\/categoria-noticia?post=1873"}],"curies":[{"name":"wp","href":"https:\/\/api.w.org\/{rel}","templated":true}]}}