{"id":1871,"date":"2019-07-18T15:38:02","date_gmt":"2019-07-18T18:38:02","guid":{"rendered":"https:\/\/previews.elleven.digital\/acocearense\/?post_type=noticia&#038;p=1871"},"modified":"2025-05-07T15:38:28","modified_gmt":"2025-05-07T18:38:28","slug":"atleta-apoiado-pelo-instituto-aco-cearense-e-campeao-do-open-nacional-de-karate","status":"publish","type":"noticia","link":"https:\/\/previews.elleven.digital\/acocearense\/noticia\/atleta-apoiado-pelo-instituto-aco-cearense-e-campeao-do-open-nacional-de-karate\/","title":{"rendered":"Atleta apoiado pelo Instituto A\u00e7o Cearense \u00e9 campe\u00e3o do Open Nacional de karat\u00ea"},"content":{"rendered":"<p>Mais uma medalha no peito do cearense Jonathan Benvindo, atleta patrocinado pelo Instituto A\u00e7o Cearense, que conquistou o primeiro lugar no Open Nacional de Karat\u00ea da Para\u00edba, realizado no s\u00e1bado 13\/07, em Santa Rita.<br \/>\nJonathan viajou em busca de pontos no ranking nacional que contabilizam para o Mundial, que acontecer\u00e1 no final de 2019, no Chile. O jovem, de apenas 17 anos, j\u00e1 venceu mais de 200 competi\u00e7\u00f5es e prepara-se agora para o Pan Americano, que ser\u00e1 realizado no Equador no pr\u00f3ximo m\u00eas. \u201cEstou muito confiante para as pr\u00f3ximas vit\u00f3rias. Cada conquista como essa, com o apoio do Instituto A\u00e7o Cearense, que hoje \u00e9 meu \u00fanico patrocinador, me deixa mais pr\u00f3ximo do Pan Americano e tamb\u00e9m do Mundial, que s\u00e3o meus principais objetivos no momento\u201d, explica Jonathan.<\/p>\n","protected":false},"featured_media":1854,"template":"","meta":{"_acf_changed":false,"inline_featured_image":false},"categoria-noticia":[],"class_list":["post-1871","noticia","type-noticia","status-publish","has-post-thumbnail","hentry"],"acf":{"link":""},"yoast_head":"<!-- This site is optimized with the Yoast SEO plugin v25.9 - https:\/\/yoast.com\/wordpress\/plugins\/seo\/ -->\n<title>Atleta apoiado pelo Instituto A\u00e7o Cearense \u00e9 campe\u00e3o do Open Nacional de karat\u00ea - Grupo A\u00e7o Cearense<\/title>\n<meta name=\"robots\" content=\"index, follow, max-snippet:-1, max-image-preview:large, max-video-preview:-1\" \/>\n<link rel=\"canonical\" href=\"https:\/\/previews.elleven.digital\/acocearense\/noticia\/atleta-apoiado-pelo-instituto-aco-cearense-e-campeao-do-open-nacional-de-karate\/\" \/>\n<meta property=\"og:locale\" content=\"pt_BR\" \/>\n<meta property=\"og:type\" content=\"article\" \/>\n<meta property=\"og:title\" content=\"Atleta apoiado pelo Instituto A\u00e7o Cearense \u00e9 campe\u00e3o do Open Nacional de karat\u00ea - Grupo A\u00e7o Cearense\" \/>\n<meta property=\"og:description\" content=\"Mais uma medalha no peito do cearense Jonathan Benvindo, atleta patrocinado pelo Instituto A\u00e7o Cearense,(...)\" \/>\n<meta property=\"og:url\" content=\"https:\/\/previews.elleven.digital\/acocearense\/noticia\/atleta-apoiado-pelo-instituto-aco-cearense-e-campeao-do-open-nacional-de-karate\/\" \/>\n<meta property=\"og:site_name\" content=\"Grupo A\u00e7o Cearense\" \/>\n<meta property=\"article:modified_time\" content=\"2025-05-07T18:38:28+00:00\" \/>\n<meta property=\"og:image\" content=\"https:\/\/previews.elleven.digital\/acocearense\/wp-content\/uploads\/2025\/05\/Design-sem-nome-6.png\" \/>\n\t<meta property=\"og:image:width\" content=\"400\" \/>\n\t<meta property=\"og:image:height\" content=\"300\" \/>\n\t<meta property=\"og:image:type\" content=\"image\/png\" \/>\n<meta name=\"twitter:card\" content=\"summary_large_image\" \/>\n<meta name=\"twitter:label1\" content=\"Est. tempo de leitura\" \/>\n\t<meta name=\"twitter:data1\" content=\"1 minuto\" \/>\n<script type=\"application\/ld+json\" class=\"yoast-schema-graph\">{\"@context\":\"https:\/\/schema.org\",\"@graph\":[{\"@type\":\"WebPage\",\"@id\":\"https:\/\/previews.elleven.digital\/acocearense\/noticia\/atleta-apoiado-pelo-instituto-aco-cearense-e-campeao-do-open-nacional-de-karate\/\",\"url\":\"https:\/\/previews.elleven.digital\/acocearense\/noticia\/atleta-apoiado-pelo-instituto-aco-cearense-e-campeao-do-open-nacional-de-karate\/\",\"name\":\"Atleta apoiado pelo Instituto A\u00e7o Cearense \u00e9 campe\u00e3o do Open Nacional de karat\u00ea - Grupo A\u00e7o Cearense\",\"isPartOf\":{\"@id\":\"https:\/\/previews.elleven.digital\/acocearense\/#website\"},\"primaryImageOfPage\":{\"@id\":\"https:\/\/previews.elleven.digital\/acocearense\/noticia\/atleta-apoiado-pelo-instituto-aco-cearense-e-campeao-do-open-nacional-de-karate\/#primaryimage\"},\"image\":{\"@id\":\"https:\/\/previews.elleven.digital\/acocearense\/noticia\/atleta-apoiado-pelo-instituto-aco-cearense-e-campeao-do-open-nacional-de-karate\/#primaryimage\"},\"thumbnailUrl\":\"https:\/\/previews.elleven.digital\/acocearense\/wp-content\/uploads\/2025\/05\/Design-sem-nome-6.png\",\"datePublished\":\"2019-07-18T18:38:02+00:00\",\"dateModified\":\"2025-05-07T18:38:28+00:00\",\"breadcrumb\":{\"@id\":\"https:\/\/previews.elleven.digital\/acocearense\/noticia\/atleta-apoiado-pelo-instituto-aco-cearense-e-campeao-do-open-nacional-de-karate\/#breadcrumb\"},\"inLanguage\":\"pt-BR\",\"potentialAction\":[{\"@type\":\"ReadAction\",\"target\":[\"https:\/\/previews.elleven.digital\/acocearense\/noticia\/atleta-apoiado-pelo-instituto-aco-cearense-e-campeao-do-open-nacional-de-karate\/\"]}]},{\"@type\":\"ImageObject\",\"inLanguage\":\"pt-BR\",\"@id\":\"https:\/\/previews.elleven.digital\/acocearense\/noticia\/atleta-apoiado-pelo-instituto-aco-cearense-e-campeao-do-open-nacional-de-karate\/#primaryimage\",\"url\":\"https:\/\/previews.elleven.digital\/acocearense\/wp-content\/uploads\/2025\/05\/Design-sem-nome-6.png\",\"contentUrl\":\"https:\/\/previews.elleven.digital\/acocearense\/wp-content\/uploads\/2025\/05\/Design-sem-nome-6.png\",\"width\":400,\"height\":300},{\"@type\":\"BreadcrumbList\",\"@id\":\"https:\/\/previews.elleven.digital\/acocearense\/noticia\/atleta-apoiado-pelo-instituto-aco-cearense-e-campeao-do-open-nacional-de-karate\/#breadcrumb\",\"itemListElement\":[{\"@type\":\"ListItem\",\"position\":1,\"name\":\"In\u00edcio\",\"item\":\"https:\/\/previews.elleven.digital\/acocearense\/\"},{\"@type\":\"ListItem\",\"position\":2,\"name\":\"Not\u00edcias\",\"item\":\"https:\/\/previews.elleven.digital\/acocearense\/noticias\/\"},{\"@type\":\"ListItem\",\"position\":3,\"name\":\"Atleta apoiado pelo Instituto A\u00e7o Cearense \u00e9 campe\u00e3o do Open Nacional de karat\u00ea\"}]},{\"@type\":\"WebSite\",\"@id\":\"https:\/\/previews.elleven.digital\/acocearense\/#website\",\"url\":\"https:\/\/previews.elleven.digital\/acocearense\/\",\"name\":\"A\u00e7o Cearense\",\"description\":\"H\u00e1 mais de 45 anos no mercado brasileiro do a\u00e7o.\",\"alternateName\":\"A\u00e7o Cearense\",\"potentialAction\":[{\"@type\":\"SearchAction\",\"target\":{\"@type\":\"EntryPoint\",\"urlTemplate\":\"https:\/\/previews.elleven.digital\/acocearense\/?s={search_term_string}\"},\"query-input\":{\"@type\":\"PropertyValueSpecification\",\"valueRequired\":true,\"valueName\":\"search_term_string\"}}],\"inLanguage\":\"pt-BR\"}]}<\/script>\n<!-- \/ Yoast SEO plugin. -->","yoast_head_json":{"title":"Atleta apoiado pelo Instituto A\u00e7o Cearense \u00e9 campe\u00e3o do Open Nacional de karat\u00ea - Grupo A\u00e7o Cearense","robots":{"index":"index","follow":"follow","max-snippet":"max-snippet:-1","max-image-preview":"max-image-preview:large","max-video-preview":"max-video-preview:-1"},"canonical":"https:\/\/previews.elleven.digital\/acocearense\/noticia\/atleta-apoiado-pelo-instituto-aco-cearense-e-campeao-do-open-nacional-de-karate\/","og_locale":"pt_BR","og_type":"article","og_title":"Atleta apoiado pelo Instituto A\u00e7o Cearense \u00e9 campe\u00e3o do Open Nacional de karat\u00ea - Grupo A\u00e7o Cearense","og_description":"Mais uma medalha no peito do cearense Jonathan Benvindo, atleta patrocinado pelo Instituto A\u00e7o Cearense,(...)","og_url":"https:\/\/previews.elleven.digital\/acocearense\/noticia\/atleta-apoiado-pelo-instituto-aco-cearense-e-campeao-do-open-nacional-de-karate\/","og_site_name":"Grupo A\u00e7o Cearense","article_modified_time":"2025-05-07T18:38:28+00:00","og_image":[{"width":400,"height":300,"url":"https:\/\/previews.elleven.digital\/acocearense\/wp-content\/uploads\/2025\/05\/Design-sem-nome-6.png","type":"image\/png"}],"twitter_card":"summary_large_image","twitter_misc":{"Est. tempo de leitura":"1 minuto"},"schema":{"@context":"https:\/\/schema.org","@graph":[{"@type":"WebPage","@id":"https:\/\/previews.elleven.digital\/acocearense\/noticia\/atleta-apoiado-pelo-instituto-aco-cearense-e-campeao-do-open-nacional-de-karate\/","url":"https:\/\/previews.elleven.digital\/acocearense\/noticia\/atleta-apoiado-pelo-instituto-aco-cearense-e-campeao-do-open-nacional-de-karate\/","name":"Atleta apoiado pelo Instituto A\u00e7o Cearense \u00e9 campe\u00e3o do Open Nacional de karat\u00ea - Grupo A\u00e7o Cearense","isPartOf":{"@id":"https:\/\/previews.elleven.digital\/acocearense\/#website"},"primaryImageOfPage":{"@id":"https:\/\/previews.elleven.digital\/acocearense\/noticia\/atleta-apoiado-pelo-instituto-aco-cearense-e-campeao-do-open-nacional-de-karate\/#primaryimage"},"image":{"@id":"https:\/\/previews.elleven.digital\/acocearense\/noticia\/atleta-apoiado-pelo-instituto-aco-cearense-e-campeao-do-open-nacional-de-karate\/#primaryimage"},"thumbnailUrl":"https:\/\/previews.elleven.digital\/acocearense\/wp-content\/uploads\/2025\/05\/Design-sem-nome-6.png","datePublished":"2019-07-18T18:38:02+00:00","dateModified":"2025-05-07T18:38:28+00:00","breadcrumb":{"@id":"https:\/\/previews.elleven.digital\/acocearense\/noticia\/atleta-apoiado-pelo-instituto-aco-cearense-e-campeao-do-open-nacional-de-karate\/#breadcrumb"},"inLanguage":"pt-BR","potentialAction":[{"@type":"ReadAction","target":["https:\/\/previews.elleven.digital\/acocearense\/noticia\/atleta-apoiado-pelo-instituto-aco-cearense-e-campeao-do-open-nacional-de-karate\/"]}]},{"@type":"ImageObject","inLanguage":"pt-BR","@id":"https:\/\/previews.elleven.digital\/acocearense\/noticia\/atleta-apoiado-pelo-instituto-aco-cearense-e-campeao-do-open-nacional-de-karate\/#primaryimage","url":"https:\/\/previews.elleven.digital\/acocearense\/wp-content\/uploads\/2025\/05\/Design-sem-nome-6.png","contentUrl":"https:\/\/previews.elleven.digital\/acocearense\/wp-content\/uploads\/2025\/05\/Design-sem-nome-6.png","width":400,"height":300},{"@type":"BreadcrumbList","@id":"https:\/\/previews.elleven.digital\/acocearense\/noticia\/atleta-apoiado-pelo-instituto-aco-cearense-e-campeao-do-open-nacional-de-karate\/#breadcrumb","itemListElement":[{"@type":"ListItem","position":1,"name":"In\u00edcio","item":"https:\/\/previews.elleven.digital\/acocearense\/"},{"@type":"ListItem","position":2,"name":"Not\u00edcias","item":"https:\/\/previews.elleven.digital\/acocearense\/noticias\/"},{"@type":"ListItem","position":3,"name":"Atleta apoiado pelo Instituto A\u00e7o Cearense \u00e9 campe\u00e3o do Open Nacional de karat\u00ea"}]},{"@type":"WebSite","@id":"https:\/\/previews.elleven.digital\/acocearense\/#website","url":"https:\/\/previews.elleven.digital\/acocearense\/","name":"A\u00e7o Cearense","description":"H\u00e1 mais de 45 anos no mercado brasileiro do a\u00e7o.","alternateName":"A\u00e7o Cearense","potentialAction":[{"@type":"SearchAction","target":{"@type":"EntryPoint","urlTemplate":"https:\/\/previews.elleven.digital\/acocearense\/?s={search_term_string}"},"query-input":{"@type":"PropertyValueSpecification","valueRequired":true,"valueName":"search_term_string"}}],"inLanguage":"pt-BR"}]}},"_links":{"self":[{"href":"https:\/\/previews.elleven.digital\/acocearense\/wp-json\/wp\/v2\/noticia\/1871","targetHints":{"allow":["GET"]}}],"collection":[{"href":"https:\/\/previews.elleven.digital\/acocearense\/wp-json\/wp\/v2\/noticia"}],"about":[{"href":"https:\/\/previews.elleven.digital\/acocearense\/wp-json\/wp\/v2\/types\/noticia"}],"wp:featuredmedia":[{"embeddable":true,"href":"https:\/\/previews.elleven.digital\/acocearense\/wp-json\/wp\/v2\/media\/1854"}],"wp:attachment":[{"href":"https:\/\/previews.elleven.digital\/acocearense\/wp-json\/wp\/v2\/media?parent=1871"}],"wp:term":[{"taxonomy":"categoria-noticia","embeddable":true,"href":"https:\/\/previews.elleven.digital\/acocearense\/wp-json\/wp\/v2\/categoria-noticia?post=1871"}],"curies":[{"name":"wp","href":"https:\/\/api.w.org\/{rel}","templated":true}]}}