{"id":1869,"date":"2019-07-10T15:36:39","date_gmt":"2019-07-10T18:36:39","guid":{"rendered":"https:\/\/previews.elleven.digital\/acocearense\/?post_type=noticia&#038;p=1869"},"modified":"2025-05-07T15:37:04","modified_gmt":"2025-05-07T18:37:04","slug":"grupo-aco-cearense-realiza-workshop-do-centro-de-competencia-sap","status":"publish","type":"noticia","link":"https:\/\/previews.elleven.digital\/acocearense\/noticia\/grupo-aco-cearense-realiza-workshop-do-centro-de-competencia-sap\/","title":{"rendered":"Grupo A\u00e7o Cearense realiza Workshop do Centro de Compet\u00eancia SAP"},"content":{"rendered":"<p>Analistas do SAP e representantes de v\u00e1rias \u00e1reas das empresas do Grupo A\u00e7o Cearense\u00a0participaram do Workshop do Centro de Compet\u00eancia SAP (CCS), com a finalidade de gerar um alinhamento entre os membros sobre a metodologia que ser\u00e1 utilizada durante todo o processo do CCS. Na A\u00e7o Cearense a capacita\u00e7\u00e3o aconteceu nos dias 1, 2 e 3 e na SINOBRAS aconteceu nos dias 10 e 11.<br \/>\nO Centro de Compet\u00eancia SAP \u00e9 parte do Planejamento Estrat\u00e9gico do Grupo A\u00e7o Cearense e tem por objetivo gerenciar o desenvolvimento de projetos para expandir e melhorar as funcionalidades do SAP. Entre os benef\u00edcios da implanta\u00e7\u00e3o do CCS, est\u00e3o a centraliza\u00e7\u00e3o das demandas de melhoria no SAP e o alinhamento das melhorias com a estrat\u00e9gia da empresa, trazendo maior efici\u00eancia operacional ao Grupo A\u00e7o Cearense. Tamb\u00e9m ser\u00e3o reduzidos os erros sist\u00eamicos p\u00f3s-libera\u00e7\u00e3o em ambiente de produ\u00e7\u00e3o e os testes de homologa\u00e7\u00e3o das solu\u00e7\u00f5es implementadas ter\u00e3o melhor qualidade, sem falar na agilidade da valida\u00e7\u00e3o das melhorias e o ganho na utiliza\u00e7\u00e3o dos processos SAP em todas as \u00e1reas do Grupo.<br \/>\nA intens\u00e3o \u00e9 que at\u00e9 o final deste ano a metodologia tenha ciclos de conversas para entendimento dos pap\u00e9is e responsabilidades de cada membro do grupo, al\u00e9m do acompanhamento de um projeto piloto. No total, 46 colaboradores da A\u00e7o Cearense Comercial, A\u00e7o Cearense Industrial, SINOBRAS e SINOBRAS Florestal fazem parte do Centro de Compet\u00eancia SAP.<\/p>\n","protected":false},"featured_media":1856,"template":"","meta":{"_acf_changed":false,"inline_featured_image":false},"categoria-noticia":[],"class_list":["post-1869","noticia","type-noticia","status-publish","has-post-thumbnail","hentry"],"acf":{"link":""},"yoast_head":"<!-- This site is optimized with the Yoast SEO plugin v25.9 - https:\/\/yoast.com\/wordpress\/plugins\/seo\/ -->\n<title>Grupo A\u00e7o Cearense realiza Workshop do Centro de Compet\u00eancia SAP - Grupo A\u00e7o Cearense<\/title>\n<meta name=\"robots\" content=\"index, follow, max-snippet:-1, max-image-preview:large, max-video-preview:-1\" \/>\n<link rel=\"canonical\" href=\"https:\/\/previews.elleven.digital\/acocearense\/noticia\/grupo-aco-cearense-realiza-workshop-do-centro-de-competencia-sap\/\" \/>\n<meta property=\"og:locale\" content=\"pt_BR\" \/>\n<meta property=\"og:type\" content=\"article\" \/>\n<meta property=\"og:title\" content=\"Grupo A\u00e7o Cearense realiza Workshop do Centro de Compet\u00eancia SAP - Grupo A\u00e7o Cearense\" \/>\n<meta property=\"og:description\" content=\"Analistas do SAP e representantes de v\u00e1rias \u00e1reas das empresas do Grupo A\u00e7o Cearense\u00a0participaram do(...)\" \/>\n<meta property=\"og:url\" content=\"https:\/\/previews.elleven.digital\/acocearense\/noticia\/grupo-aco-cearense-realiza-workshop-do-centro-de-competencia-sap\/\" \/>\n<meta property=\"og:site_name\" content=\"Grupo A\u00e7o Cearense\" \/>\n<meta property=\"article:modified_time\" content=\"2025-05-07T18:37:04+00:00\" \/>\n<meta property=\"og:image\" content=\"https:\/\/previews.elleven.digital\/acocearense\/wp-content\/uploads\/2025\/05\/Design-sem-nome-4-2.png\" \/>\n\t<meta property=\"og:image:width\" content=\"400\" \/>\n\t<meta property=\"og:image:height\" content=\"300\" \/>\n\t<meta property=\"og:image:type\" content=\"image\/png\" \/>\n<meta name=\"twitter:card\" content=\"summary_large_image\" \/>\n<meta name=\"twitter:label1\" content=\"Est. tempo de leitura\" \/>\n\t<meta name=\"twitter:data1\" content=\"2 minutos\" \/>\n<script type=\"application\/ld+json\" class=\"yoast-schema-graph\">{\"@context\":\"https:\/\/schema.org\",\"@graph\":[{\"@type\":\"WebPage\",\"@id\":\"https:\/\/previews.elleven.digital\/acocearense\/noticia\/grupo-aco-cearense-realiza-workshop-do-centro-de-competencia-sap\/\",\"url\":\"https:\/\/previews.elleven.digital\/acocearense\/noticia\/grupo-aco-cearense-realiza-workshop-do-centro-de-competencia-sap\/\",\"name\":\"Grupo A\u00e7o Cearense realiza Workshop do Centro de Compet\u00eancia SAP - Grupo A\u00e7o Cearense\",\"isPartOf\":{\"@id\":\"https:\/\/previews.elleven.digital\/acocearense\/#website\"},\"primaryImageOfPage\":{\"@id\":\"https:\/\/previews.elleven.digital\/acocearense\/noticia\/grupo-aco-cearense-realiza-workshop-do-centro-de-competencia-sap\/#primaryimage\"},\"image\":{\"@id\":\"https:\/\/previews.elleven.digital\/acocearense\/noticia\/grupo-aco-cearense-realiza-workshop-do-centro-de-competencia-sap\/#primaryimage\"},\"thumbnailUrl\":\"https:\/\/previews.elleven.digital\/acocearense\/wp-content\/uploads\/2025\/05\/Design-sem-nome-4-2.png\",\"datePublished\":\"2019-07-10T18:36:39+00:00\",\"dateModified\":\"2025-05-07T18:37:04+00:00\",\"breadcrumb\":{\"@id\":\"https:\/\/previews.elleven.digital\/acocearense\/noticia\/grupo-aco-cearense-realiza-workshop-do-centro-de-competencia-sap\/#breadcrumb\"},\"inLanguage\":\"pt-BR\",\"potentialAction\":[{\"@type\":\"ReadAction\",\"target\":[\"https:\/\/previews.elleven.digital\/acocearense\/noticia\/grupo-aco-cearense-realiza-workshop-do-centro-de-competencia-sap\/\"]}]},{\"@type\":\"ImageObject\",\"inLanguage\":\"pt-BR\",\"@id\":\"https:\/\/previews.elleven.digital\/acocearense\/noticia\/grupo-aco-cearense-realiza-workshop-do-centro-de-competencia-sap\/#primaryimage\",\"url\":\"https:\/\/previews.elleven.digital\/acocearense\/wp-content\/uploads\/2025\/05\/Design-sem-nome-4-2.png\",\"contentUrl\":\"https:\/\/previews.elleven.digital\/acocearense\/wp-content\/uploads\/2025\/05\/Design-sem-nome-4-2.png\",\"width\":400,\"height\":300},{\"@type\":\"BreadcrumbList\",\"@id\":\"https:\/\/previews.elleven.digital\/acocearense\/noticia\/grupo-aco-cearense-realiza-workshop-do-centro-de-competencia-sap\/#breadcrumb\",\"itemListElement\":[{\"@type\":\"ListItem\",\"position\":1,\"name\":\"In\u00edcio\",\"item\":\"https:\/\/previews.elleven.digital\/acocearense\/\"},{\"@type\":\"ListItem\",\"position\":2,\"name\":\"Not\u00edcias\",\"item\":\"https:\/\/previews.elleven.digital\/acocearense\/noticias\/\"},{\"@type\":\"ListItem\",\"position\":3,\"name\":\"Grupo A\u00e7o Cearense realiza Workshop do Centro de Compet\u00eancia SAP\"}]},{\"@type\":\"WebSite\",\"@id\":\"https:\/\/previews.elleven.digital\/acocearense\/#website\",\"url\":\"https:\/\/previews.elleven.digital\/acocearense\/\",\"name\":\"A\u00e7o Cearense\",\"description\":\"H\u00e1 mais de 45 anos no mercado brasileiro do a\u00e7o.\",\"alternateName\":\"A\u00e7o Cearense\",\"potentialAction\":[{\"@type\":\"SearchAction\",\"target\":{\"@type\":\"EntryPoint\",\"urlTemplate\":\"https:\/\/previews.elleven.digital\/acocearense\/?s={search_term_string}\"},\"query-input\":{\"@type\":\"PropertyValueSpecification\",\"valueRequired\":true,\"valueName\":\"search_term_string\"}}],\"inLanguage\":\"pt-BR\"}]}<\/script>\n<!-- \/ Yoast SEO plugin. -->","yoast_head_json":{"title":"Grupo A\u00e7o Cearense realiza Workshop do Centro de Compet\u00eancia SAP - Grupo A\u00e7o Cearense","robots":{"index":"index","follow":"follow","max-snippet":"max-snippet:-1","max-image-preview":"max-image-preview:large","max-video-preview":"max-video-preview:-1"},"canonical":"https:\/\/previews.elleven.digital\/acocearense\/noticia\/grupo-aco-cearense-realiza-workshop-do-centro-de-competencia-sap\/","og_locale":"pt_BR","og_type":"article","og_title":"Grupo A\u00e7o Cearense realiza Workshop do Centro de Compet\u00eancia SAP - Grupo A\u00e7o Cearense","og_description":"Analistas do SAP e representantes de v\u00e1rias \u00e1reas das empresas do Grupo A\u00e7o Cearense\u00a0participaram do(...)","og_url":"https:\/\/previews.elleven.digital\/acocearense\/noticia\/grupo-aco-cearense-realiza-workshop-do-centro-de-competencia-sap\/","og_site_name":"Grupo A\u00e7o Cearense","article_modified_time":"2025-05-07T18:37:04+00:00","og_image":[{"width":400,"height":300,"url":"https:\/\/previews.elleven.digital\/acocearense\/wp-content\/uploads\/2025\/05\/Design-sem-nome-4-2.png","type":"image\/png"}],"twitter_card":"summary_large_image","twitter_misc":{"Est. tempo de leitura":"2 minutos"},"schema":{"@context":"https:\/\/schema.org","@graph":[{"@type":"WebPage","@id":"https:\/\/previews.elleven.digital\/acocearense\/noticia\/grupo-aco-cearense-realiza-workshop-do-centro-de-competencia-sap\/","url":"https:\/\/previews.elleven.digital\/acocearense\/noticia\/grupo-aco-cearense-realiza-workshop-do-centro-de-competencia-sap\/","name":"Grupo A\u00e7o Cearense realiza Workshop do Centro de Compet\u00eancia SAP - Grupo A\u00e7o Cearense","isPartOf":{"@id":"https:\/\/previews.elleven.digital\/acocearense\/#website"},"primaryImageOfPage":{"@id":"https:\/\/previews.elleven.digital\/acocearense\/noticia\/grupo-aco-cearense-realiza-workshop-do-centro-de-competencia-sap\/#primaryimage"},"image":{"@id":"https:\/\/previews.elleven.digital\/acocearense\/noticia\/grupo-aco-cearense-realiza-workshop-do-centro-de-competencia-sap\/#primaryimage"},"thumbnailUrl":"https:\/\/previews.elleven.digital\/acocearense\/wp-content\/uploads\/2025\/05\/Design-sem-nome-4-2.png","datePublished":"2019-07-10T18:36:39+00:00","dateModified":"2025-05-07T18:37:04+00:00","breadcrumb":{"@id":"https:\/\/previews.elleven.digital\/acocearense\/noticia\/grupo-aco-cearense-realiza-workshop-do-centro-de-competencia-sap\/#breadcrumb"},"inLanguage":"pt-BR","potentialAction":[{"@type":"ReadAction","target":["https:\/\/previews.elleven.digital\/acocearense\/noticia\/grupo-aco-cearense-realiza-workshop-do-centro-de-competencia-sap\/"]}]},{"@type":"ImageObject","inLanguage":"pt-BR","@id":"https:\/\/previews.elleven.digital\/acocearense\/noticia\/grupo-aco-cearense-realiza-workshop-do-centro-de-competencia-sap\/#primaryimage","url":"https:\/\/previews.elleven.digital\/acocearense\/wp-content\/uploads\/2025\/05\/Design-sem-nome-4-2.png","contentUrl":"https:\/\/previews.elleven.digital\/acocearense\/wp-content\/uploads\/2025\/05\/Design-sem-nome-4-2.png","width":400,"height":300},{"@type":"BreadcrumbList","@id":"https:\/\/previews.elleven.digital\/acocearense\/noticia\/grupo-aco-cearense-realiza-workshop-do-centro-de-competencia-sap\/#breadcrumb","itemListElement":[{"@type":"ListItem","position":1,"name":"In\u00edcio","item":"https:\/\/previews.elleven.digital\/acocearense\/"},{"@type":"ListItem","position":2,"name":"Not\u00edcias","item":"https:\/\/previews.elleven.digital\/acocearense\/noticias\/"},{"@type":"ListItem","position":3,"name":"Grupo A\u00e7o Cearense realiza Workshop do Centro de Compet\u00eancia SAP"}]},{"@type":"WebSite","@id":"https:\/\/previews.elleven.digital\/acocearense\/#website","url":"https:\/\/previews.elleven.digital\/acocearense\/","name":"A\u00e7o Cearense","description":"H\u00e1 mais de 45 anos no mercado brasileiro do a\u00e7o.","alternateName":"A\u00e7o Cearense","potentialAction":[{"@type":"SearchAction","target":{"@type":"EntryPoint","urlTemplate":"https:\/\/previews.elleven.digital\/acocearense\/?s={search_term_string}"},"query-input":{"@type":"PropertyValueSpecification","valueRequired":true,"valueName":"search_term_string"}}],"inLanguage":"pt-BR"}]}},"_links":{"self":[{"href":"https:\/\/previews.elleven.digital\/acocearense\/wp-json\/wp\/v2\/noticia\/1869","targetHints":{"allow":["GET"]}}],"collection":[{"href":"https:\/\/previews.elleven.digital\/acocearense\/wp-json\/wp\/v2\/noticia"}],"about":[{"href":"https:\/\/previews.elleven.digital\/acocearense\/wp-json\/wp\/v2\/types\/noticia"}],"wp:featuredmedia":[{"embeddable":true,"href":"https:\/\/previews.elleven.digital\/acocearense\/wp-json\/wp\/v2\/media\/1856"}],"wp:attachment":[{"href":"https:\/\/previews.elleven.digital\/acocearense\/wp-json\/wp\/v2\/media?parent=1869"}],"wp:term":[{"taxonomy":"categoria-noticia","embeddable":true,"href":"https:\/\/previews.elleven.digital\/acocearense\/wp-json\/wp\/v2\/categoria-noticia?post=1869"}],"curies":[{"name":"wp","href":"https:\/\/api.w.org\/{rel}","templated":true}]}}