{"id":1868,"date":"2019-07-05T15:36:08","date_gmt":"2019-07-05T18:36:08","guid":{"rendered":"https:\/\/previews.elleven.digital\/acocearense\/?post_type=noticia&#038;p=1868"},"modified":"2025-05-07T15:36:35","modified_gmt":"2025-05-07T18:36:35","slug":"lisandra-dantas-conquista-nossa-medalha","status":"publish","type":"noticia","link":"https:\/\/previews.elleven.digital\/acocearense\/noticia\/lisandra-dantas-conquista-nossa-medalha\/","title":{"rendered":"Lisandra Dantas conquista nossa medalha"},"content":{"rendered":"<p>A atleta patrocinada pelo Instituto A\u00e7o Cearense, Lisandra Dantas, participou do Circuito das Esta\u00e7\u00f5es \u2013 Etapa Inverno e conquistou o 2\u00ba lugar na categoria Feminino \u2013 5km. Ela, que tamb\u00e9m \u00e9 colaboradora da \u00e1rea de da \u00e1rea de Contrata\u00e7\u00e3o da A\u00e7o Cearense Industrial Matriz, refor\u00e7a sua satisfa\u00e7\u00e3o em participar de provas de atletismo: \u201cGratid\u00e3o por mais um resultado positivo na corrida de rua.<br \/>\nFico feliz em saber que minha evolu\u00e7\u00e3o est\u00e1 cada vez mais vis\u00edvel\u201d. O evento \u00e9 o maior Circuito da Am\u00e9rica Latina e chegou ao seu 13\u00ba ano de hist\u00f3ria. No total, s\u00e3o 4 etapas, cada uma representando uma esta\u00e7\u00e3o do ano e um momento de buscar novos objetivos.<\/p>\n","protected":false},"featured_media":1857,"template":"","meta":{"_acf_changed":false,"inline_featured_image":false},"categoria-noticia":[],"class_list":["post-1868","noticia","type-noticia","status-publish","has-post-thumbnail","hentry"],"acf":{"link":""},"yoast_head":"<!-- This site is optimized with the Yoast SEO plugin v25.9 - https:\/\/yoast.com\/wordpress\/plugins\/seo\/ -->\n<title>Lisandra Dantas conquista nossa medalha - Grupo A\u00e7o Cearense<\/title>\n<meta name=\"robots\" content=\"index, follow, max-snippet:-1, max-image-preview:large, max-video-preview:-1\" \/>\n<link rel=\"canonical\" href=\"https:\/\/previews.elleven.digital\/acocearense\/noticia\/lisandra-dantas-conquista-nossa-medalha\/\" \/>\n<meta property=\"og:locale\" content=\"pt_BR\" \/>\n<meta property=\"og:type\" content=\"article\" \/>\n<meta property=\"og:title\" content=\"Lisandra Dantas conquista nossa medalha - Grupo A\u00e7o Cearense\" \/>\n<meta property=\"og:description\" content=\"A atleta patrocinada pelo Instituto A\u00e7o Cearense, Lisandra Dantas, participou do Circuito das Esta\u00e7\u00f5es \u2013(...)\" \/>\n<meta property=\"og:url\" content=\"https:\/\/previews.elleven.digital\/acocearense\/noticia\/lisandra-dantas-conquista-nossa-medalha\/\" \/>\n<meta property=\"og:site_name\" content=\"Grupo A\u00e7o Cearense\" \/>\n<meta property=\"article:modified_time\" content=\"2025-05-07T18:36:35+00:00\" \/>\n<meta property=\"og:image\" content=\"https:\/\/previews.elleven.digital\/acocearense\/wp-content\/uploads\/2025\/05\/LISANDRA.jpg\" \/>\n\t<meta property=\"og:image:width\" content=\"930\" \/>\n\t<meta property=\"og:image:height\" content=\"618\" \/>\n\t<meta property=\"og:image:type\" content=\"image\/jpeg\" \/>\n<meta name=\"twitter:card\" content=\"summary_large_image\" \/>\n<meta name=\"twitter:label1\" content=\"Est. tempo de leitura\" \/>\n\t<meta name=\"twitter:data1\" content=\"1 minuto\" \/>\n<script type=\"application\/ld+json\" class=\"yoast-schema-graph\">{\"@context\":\"https:\/\/schema.org\",\"@graph\":[{\"@type\":\"WebPage\",\"@id\":\"https:\/\/previews.elleven.digital\/acocearense\/noticia\/lisandra-dantas-conquista-nossa-medalha\/\",\"url\":\"https:\/\/previews.elleven.digital\/acocearense\/noticia\/lisandra-dantas-conquista-nossa-medalha\/\",\"name\":\"Lisandra Dantas conquista nossa medalha - Grupo A\u00e7o Cearense\",\"isPartOf\":{\"@id\":\"https:\/\/previews.elleven.digital\/acocearense\/#website\"},\"primaryImageOfPage\":{\"@id\":\"https:\/\/previews.elleven.digital\/acocearense\/noticia\/lisandra-dantas-conquista-nossa-medalha\/#primaryimage\"},\"image\":{\"@id\":\"https:\/\/previews.elleven.digital\/acocearense\/noticia\/lisandra-dantas-conquista-nossa-medalha\/#primaryimage\"},\"thumbnailUrl\":\"https:\/\/previews.elleven.digital\/acocearense\/wp-content\/uploads\/2025\/05\/LISANDRA.jpg\",\"datePublished\":\"2019-07-05T18:36:08+00:00\",\"dateModified\":\"2025-05-07T18:36:35+00:00\",\"breadcrumb\":{\"@id\":\"https:\/\/previews.elleven.digital\/acocearense\/noticia\/lisandra-dantas-conquista-nossa-medalha\/#breadcrumb\"},\"inLanguage\":\"pt-BR\",\"potentialAction\":[{\"@type\":\"ReadAction\",\"target\":[\"https:\/\/previews.elleven.digital\/acocearense\/noticia\/lisandra-dantas-conquista-nossa-medalha\/\"]}]},{\"@type\":\"ImageObject\",\"inLanguage\":\"pt-BR\",\"@id\":\"https:\/\/previews.elleven.digital\/acocearense\/noticia\/lisandra-dantas-conquista-nossa-medalha\/#primaryimage\",\"url\":\"https:\/\/previews.elleven.digital\/acocearense\/wp-content\/uploads\/2025\/05\/LISANDRA.jpg\",\"contentUrl\":\"https:\/\/previews.elleven.digital\/acocearense\/wp-content\/uploads\/2025\/05\/LISANDRA.jpg\",\"width\":930,\"height\":618},{\"@type\":\"BreadcrumbList\",\"@id\":\"https:\/\/previews.elleven.digital\/acocearense\/noticia\/lisandra-dantas-conquista-nossa-medalha\/#breadcrumb\",\"itemListElement\":[{\"@type\":\"ListItem\",\"position\":1,\"name\":\"In\u00edcio\",\"item\":\"https:\/\/previews.elleven.digital\/acocearense\/\"},{\"@type\":\"ListItem\",\"position\":2,\"name\":\"Not\u00edcias\",\"item\":\"https:\/\/previews.elleven.digital\/acocearense\/noticias\/\"},{\"@type\":\"ListItem\",\"position\":3,\"name\":\"Lisandra Dantas conquista nossa medalha\"}]},{\"@type\":\"WebSite\",\"@id\":\"https:\/\/previews.elleven.digital\/acocearense\/#website\",\"url\":\"https:\/\/previews.elleven.digital\/acocearense\/\",\"name\":\"A\u00e7o Cearense\",\"description\":\"H\u00e1 mais de 45 anos no mercado brasileiro do a\u00e7o.\",\"alternateName\":\"A\u00e7o Cearense\",\"potentialAction\":[{\"@type\":\"SearchAction\",\"target\":{\"@type\":\"EntryPoint\",\"urlTemplate\":\"https:\/\/previews.elleven.digital\/acocearense\/?s={search_term_string}\"},\"query-input\":{\"@type\":\"PropertyValueSpecification\",\"valueRequired\":true,\"valueName\":\"search_term_string\"}}],\"inLanguage\":\"pt-BR\"}]}<\/script>\n<!-- \/ Yoast SEO plugin. -->","yoast_head_json":{"title":"Lisandra Dantas conquista nossa medalha - Grupo A\u00e7o Cearense","robots":{"index":"index","follow":"follow","max-snippet":"max-snippet:-1","max-image-preview":"max-image-preview:large","max-video-preview":"max-video-preview:-1"},"canonical":"https:\/\/previews.elleven.digital\/acocearense\/noticia\/lisandra-dantas-conquista-nossa-medalha\/","og_locale":"pt_BR","og_type":"article","og_title":"Lisandra Dantas conquista nossa medalha - Grupo A\u00e7o Cearense","og_description":"A atleta patrocinada pelo Instituto A\u00e7o Cearense, Lisandra Dantas, participou do Circuito das Esta\u00e7\u00f5es \u2013(...)","og_url":"https:\/\/previews.elleven.digital\/acocearense\/noticia\/lisandra-dantas-conquista-nossa-medalha\/","og_site_name":"Grupo A\u00e7o Cearense","article_modified_time":"2025-05-07T18:36:35+00:00","og_image":[{"width":930,"height":618,"url":"https:\/\/previews.elleven.digital\/acocearense\/wp-content\/uploads\/2025\/05\/LISANDRA.jpg","type":"image\/jpeg"}],"twitter_card":"summary_large_image","twitter_misc":{"Est. tempo de leitura":"1 minuto"},"schema":{"@context":"https:\/\/schema.org","@graph":[{"@type":"WebPage","@id":"https:\/\/previews.elleven.digital\/acocearense\/noticia\/lisandra-dantas-conquista-nossa-medalha\/","url":"https:\/\/previews.elleven.digital\/acocearense\/noticia\/lisandra-dantas-conquista-nossa-medalha\/","name":"Lisandra Dantas conquista nossa medalha - Grupo A\u00e7o Cearense","isPartOf":{"@id":"https:\/\/previews.elleven.digital\/acocearense\/#website"},"primaryImageOfPage":{"@id":"https:\/\/previews.elleven.digital\/acocearense\/noticia\/lisandra-dantas-conquista-nossa-medalha\/#primaryimage"},"image":{"@id":"https:\/\/previews.elleven.digital\/acocearense\/noticia\/lisandra-dantas-conquista-nossa-medalha\/#primaryimage"},"thumbnailUrl":"https:\/\/previews.elleven.digital\/acocearense\/wp-content\/uploads\/2025\/05\/LISANDRA.jpg","datePublished":"2019-07-05T18:36:08+00:00","dateModified":"2025-05-07T18:36:35+00:00","breadcrumb":{"@id":"https:\/\/previews.elleven.digital\/acocearense\/noticia\/lisandra-dantas-conquista-nossa-medalha\/#breadcrumb"},"inLanguage":"pt-BR","potentialAction":[{"@type":"ReadAction","target":["https:\/\/previews.elleven.digital\/acocearense\/noticia\/lisandra-dantas-conquista-nossa-medalha\/"]}]},{"@type":"ImageObject","inLanguage":"pt-BR","@id":"https:\/\/previews.elleven.digital\/acocearense\/noticia\/lisandra-dantas-conquista-nossa-medalha\/#primaryimage","url":"https:\/\/previews.elleven.digital\/acocearense\/wp-content\/uploads\/2025\/05\/LISANDRA.jpg","contentUrl":"https:\/\/previews.elleven.digital\/acocearense\/wp-content\/uploads\/2025\/05\/LISANDRA.jpg","width":930,"height":618},{"@type":"BreadcrumbList","@id":"https:\/\/previews.elleven.digital\/acocearense\/noticia\/lisandra-dantas-conquista-nossa-medalha\/#breadcrumb","itemListElement":[{"@type":"ListItem","position":1,"name":"In\u00edcio","item":"https:\/\/previews.elleven.digital\/acocearense\/"},{"@type":"ListItem","position":2,"name":"Not\u00edcias","item":"https:\/\/previews.elleven.digital\/acocearense\/noticias\/"},{"@type":"ListItem","position":3,"name":"Lisandra Dantas conquista nossa medalha"}]},{"@type":"WebSite","@id":"https:\/\/previews.elleven.digital\/acocearense\/#website","url":"https:\/\/previews.elleven.digital\/acocearense\/","name":"A\u00e7o Cearense","description":"H\u00e1 mais de 45 anos no mercado brasileiro do a\u00e7o.","alternateName":"A\u00e7o Cearense","potentialAction":[{"@type":"SearchAction","target":{"@type":"EntryPoint","urlTemplate":"https:\/\/previews.elleven.digital\/acocearense\/?s={search_term_string}"},"query-input":{"@type":"PropertyValueSpecification","valueRequired":true,"valueName":"search_term_string"}}],"inLanguage":"pt-BR"}]}},"_links":{"self":[{"href":"https:\/\/previews.elleven.digital\/acocearense\/wp-json\/wp\/v2\/noticia\/1868","targetHints":{"allow":["GET"]}}],"collection":[{"href":"https:\/\/previews.elleven.digital\/acocearense\/wp-json\/wp\/v2\/noticia"}],"about":[{"href":"https:\/\/previews.elleven.digital\/acocearense\/wp-json\/wp\/v2\/types\/noticia"}],"wp:featuredmedia":[{"embeddable":true,"href":"https:\/\/previews.elleven.digital\/acocearense\/wp-json\/wp\/v2\/media\/1857"}],"wp:attachment":[{"href":"https:\/\/previews.elleven.digital\/acocearense\/wp-json\/wp\/v2\/media?parent=1868"}],"wp:term":[{"taxonomy":"categoria-noticia","embeddable":true,"href":"https:\/\/previews.elleven.digital\/acocearense\/wp-json\/wp\/v2\/categoria-noticia?post=1868"}],"curies":[{"name":"wp","href":"https:\/\/api.w.org\/{rel}","templated":true}]}}