{"id":1865,"date":"2019-06-04T15:34:52","date_gmt":"2019-06-04T18:34:52","guid":{"rendered":"https:\/\/previews.elleven.digital\/acocearense\/?post_type=noticia&#038;p=1865"},"modified":"2025-05-07T15:35:33","modified_gmt":"2025-05-07T18:35:33","slug":"cinthia-cavalcanti-ministra-palestra-sobre-cultura-organizacional","status":"publish","type":"noticia","link":"https:\/\/previews.elleven.digital\/acocearense\/noticia\/cinthia-cavalcanti-ministra-palestra-sobre-cultura-organizacional\/","title":{"rendered":"Cinthia Cavalcanti ministra palestra sobre Cultura Organizacional"},"content":{"rendered":"<p>A Diretora de Desenvolvimento Organizacional e TI do Grupo A\u00e7o Cearense, Cinthia Cavalcanti, foi palestrante do Di\u00e1logos Supera, evento realizado no\u00a0m\u00eas de junho pela ag\u00eancia Supera, parceira do Grupo.<br \/>\nO evento apresentou discuss\u00f5es sobre o papel da comunica\u00e7\u00e3o em tempos de transforma\u00e7\u00e3o cultural e a Diretora\u00a0 falou sobre o case do Grupo A\u00e7o Cearense, com o tema\u00a0<em>\u201cCultura Organizacional: transformar ou consolidar?\u201d<\/em>.<\/p>\n<h2>Sobre o evento<\/h2>\n<p>O Di\u00e1logo Supera \u00e9 um evento gratuito e tem por objetivo incentivar a troca de pr\u00e1ticas e experi\u00eancias entre comunicadores corporativos, refor\u00e7ando a rede de contatos (<em>networking<\/em>) e a busca de melhores pr\u00e1ticas organizacionais.<br \/>\n<img loading=\"lazy\" decoding=\"async\" class=\"aligncenter wp-image-5444 \" src=\"https:\/\/grupoacocearense.com.br\/wp-content\/uploads\/2019\/07\/9f4afa34-0d42-45b9-879a-3608a831acdc-300x225.jpg\" sizes=\"auto, (max-width: 377px) 100vw, 377px\" srcset=\"https:\/\/previews.elleven.digital\/acocearense\/wp-content\/uploads\/2019\/07\/9f4afa34-0d42-45b9-879a-3608a831acdc-300x225.jpg 300w, https:\/\/previews.elleven.digital\/acocearense\/wp-content\/uploads\/2019\/07\/9f4afa34-0d42-45b9-879a-3608a831acdc-768x576.jpg 768w, https:\/\/previews.elleven.digital\/acocearense\/wp-content\/uploads\/2019\/07\/9f4afa34-0d42-45b9-879a-3608a831acdc.jpg 960w\" alt=\"\" width=\"377\" height=\"283\" \/><\/p>\n","protected":false},"featured_media":1859,"template":"","meta":{"_acf_changed":false,"inline_featured_image":false},"categoria-noticia":[],"class_list":["post-1865","noticia","type-noticia","status-publish","has-post-thumbnail","hentry"],"acf":{"link":""},"yoast_head":"<!-- This site is optimized with the Yoast SEO plugin v25.9 - https:\/\/yoast.com\/wordpress\/plugins\/seo\/ -->\n<title>Cinthia Cavalcanti ministra palestra sobre Cultura Organizacional - Grupo A\u00e7o Cearense<\/title>\n<meta name=\"robots\" content=\"index, follow, max-snippet:-1, max-image-preview:large, max-video-preview:-1\" \/>\n<link rel=\"canonical\" href=\"https:\/\/previews.elleven.digital\/acocearense\/noticia\/cinthia-cavalcanti-ministra-palestra-sobre-cultura-organizacional\/\" \/>\n<meta property=\"og:locale\" content=\"pt_BR\" \/>\n<meta property=\"og:type\" content=\"article\" \/>\n<meta property=\"og:title\" content=\"Cinthia Cavalcanti ministra palestra sobre Cultura Organizacional - Grupo A\u00e7o Cearense\" \/>\n<meta property=\"og:description\" content=\"A Diretora de Desenvolvimento Organizacional e TI do Grupo A\u00e7o Cearense, Cinthia Cavalcanti, foi palestrante(...)\" \/>\n<meta property=\"og:url\" content=\"https:\/\/previews.elleven.digital\/acocearense\/noticia\/cinthia-cavalcanti-ministra-palestra-sobre-cultura-organizacional\/\" \/>\n<meta property=\"og:site_name\" content=\"Grupo A\u00e7o Cearense\" \/>\n<meta property=\"article:modified_time\" content=\"2025-05-07T18:35:33+00:00\" \/>\n<meta property=\"og:image\" content=\"https:\/\/previews.elleven.digital\/acocearense\/wp-content\/uploads\/2025\/05\/9f4afa34-0d42-45b9-879a-3608a831acdc.jpg\" \/>\n\t<meta property=\"og:image:width\" content=\"960\" \/>\n\t<meta property=\"og:image:height\" content=\"720\" \/>\n\t<meta property=\"og:image:type\" content=\"image\/jpeg\" \/>\n<meta name=\"twitter:card\" content=\"summary_large_image\" \/>\n<meta name=\"twitter:label1\" content=\"Est. tempo de leitura\" \/>\n\t<meta name=\"twitter:data1\" content=\"1 minuto\" \/>\n<script type=\"application\/ld+json\" class=\"yoast-schema-graph\">{\"@context\":\"https:\/\/schema.org\",\"@graph\":[{\"@type\":\"WebPage\",\"@id\":\"https:\/\/previews.elleven.digital\/acocearense\/noticia\/cinthia-cavalcanti-ministra-palestra-sobre-cultura-organizacional\/\",\"url\":\"https:\/\/previews.elleven.digital\/acocearense\/noticia\/cinthia-cavalcanti-ministra-palestra-sobre-cultura-organizacional\/\",\"name\":\"Cinthia Cavalcanti ministra palestra sobre Cultura Organizacional - Grupo A\u00e7o Cearense\",\"isPartOf\":{\"@id\":\"https:\/\/previews.elleven.digital\/acocearense\/#website\"},\"primaryImageOfPage\":{\"@id\":\"https:\/\/previews.elleven.digital\/acocearense\/noticia\/cinthia-cavalcanti-ministra-palestra-sobre-cultura-organizacional\/#primaryimage\"},\"image\":{\"@id\":\"https:\/\/previews.elleven.digital\/acocearense\/noticia\/cinthia-cavalcanti-ministra-palestra-sobre-cultura-organizacional\/#primaryimage\"},\"thumbnailUrl\":\"https:\/\/previews.elleven.digital\/acocearense\/wp-content\/uploads\/2025\/05\/9f4afa34-0d42-45b9-879a-3608a831acdc.jpg\",\"datePublished\":\"2019-06-04T18:34:52+00:00\",\"dateModified\":\"2025-05-07T18:35:33+00:00\",\"breadcrumb\":{\"@id\":\"https:\/\/previews.elleven.digital\/acocearense\/noticia\/cinthia-cavalcanti-ministra-palestra-sobre-cultura-organizacional\/#breadcrumb\"},\"inLanguage\":\"pt-BR\",\"potentialAction\":[{\"@type\":\"ReadAction\",\"target\":[\"https:\/\/previews.elleven.digital\/acocearense\/noticia\/cinthia-cavalcanti-ministra-palestra-sobre-cultura-organizacional\/\"]}]},{\"@type\":\"ImageObject\",\"inLanguage\":\"pt-BR\",\"@id\":\"https:\/\/previews.elleven.digital\/acocearense\/noticia\/cinthia-cavalcanti-ministra-palestra-sobre-cultura-organizacional\/#primaryimage\",\"url\":\"https:\/\/previews.elleven.digital\/acocearense\/wp-content\/uploads\/2025\/05\/9f4afa34-0d42-45b9-879a-3608a831acdc.jpg\",\"contentUrl\":\"https:\/\/previews.elleven.digital\/acocearense\/wp-content\/uploads\/2025\/05\/9f4afa34-0d42-45b9-879a-3608a831acdc.jpg\",\"width\":960,\"height\":720},{\"@type\":\"BreadcrumbList\",\"@id\":\"https:\/\/previews.elleven.digital\/acocearense\/noticia\/cinthia-cavalcanti-ministra-palestra-sobre-cultura-organizacional\/#breadcrumb\",\"itemListElement\":[{\"@type\":\"ListItem\",\"position\":1,\"name\":\"In\u00edcio\",\"item\":\"https:\/\/previews.elleven.digital\/acocearense\/\"},{\"@type\":\"ListItem\",\"position\":2,\"name\":\"Not\u00edcias\",\"item\":\"https:\/\/previews.elleven.digital\/acocearense\/noticias\/\"},{\"@type\":\"ListItem\",\"position\":3,\"name\":\"Cinthia Cavalcanti ministra palestra sobre Cultura Organizacional\"}]},{\"@type\":\"WebSite\",\"@id\":\"https:\/\/previews.elleven.digital\/acocearense\/#website\",\"url\":\"https:\/\/previews.elleven.digital\/acocearense\/\",\"name\":\"A\u00e7o Cearense\",\"description\":\"H\u00e1 mais de 45 anos no mercado brasileiro do a\u00e7o.\",\"alternateName\":\"A\u00e7o Cearense\",\"potentialAction\":[{\"@type\":\"SearchAction\",\"target\":{\"@type\":\"EntryPoint\",\"urlTemplate\":\"https:\/\/previews.elleven.digital\/acocearense\/?s={search_term_string}\"},\"query-input\":{\"@type\":\"PropertyValueSpecification\",\"valueRequired\":true,\"valueName\":\"search_term_string\"}}],\"inLanguage\":\"pt-BR\"}]}<\/script>\n<!-- \/ Yoast SEO plugin. -->","yoast_head_json":{"title":"Cinthia Cavalcanti ministra palestra sobre Cultura Organizacional - Grupo A\u00e7o Cearense","robots":{"index":"index","follow":"follow","max-snippet":"max-snippet:-1","max-image-preview":"max-image-preview:large","max-video-preview":"max-video-preview:-1"},"canonical":"https:\/\/previews.elleven.digital\/acocearense\/noticia\/cinthia-cavalcanti-ministra-palestra-sobre-cultura-organizacional\/","og_locale":"pt_BR","og_type":"article","og_title":"Cinthia Cavalcanti ministra palestra sobre Cultura Organizacional - Grupo A\u00e7o Cearense","og_description":"A Diretora de Desenvolvimento Organizacional e TI do Grupo A\u00e7o Cearense, Cinthia Cavalcanti, foi palestrante(...)","og_url":"https:\/\/previews.elleven.digital\/acocearense\/noticia\/cinthia-cavalcanti-ministra-palestra-sobre-cultura-organizacional\/","og_site_name":"Grupo A\u00e7o Cearense","article_modified_time":"2025-05-07T18:35:33+00:00","og_image":[{"width":960,"height":720,"url":"https:\/\/previews.elleven.digital\/acocearense\/wp-content\/uploads\/2025\/05\/9f4afa34-0d42-45b9-879a-3608a831acdc.jpg","type":"image\/jpeg"}],"twitter_card":"summary_large_image","twitter_misc":{"Est. tempo de leitura":"1 minuto"},"schema":{"@context":"https:\/\/schema.org","@graph":[{"@type":"WebPage","@id":"https:\/\/previews.elleven.digital\/acocearense\/noticia\/cinthia-cavalcanti-ministra-palestra-sobre-cultura-organizacional\/","url":"https:\/\/previews.elleven.digital\/acocearense\/noticia\/cinthia-cavalcanti-ministra-palestra-sobre-cultura-organizacional\/","name":"Cinthia Cavalcanti ministra palestra sobre Cultura Organizacional - Grupo A\u00e7o Cearense","isPartOf":{"@id":"https:\/\/previews.elleven.digital\/acocearense\/#website"},"primaryImageOfPage":{"@id":"https:\/\/previews.elleven.digital\/acocearense\/noticia\/cinthia-cavalcanti-ministra-palestra-sobre-cultura-organizacional\/#primaryimage"},"image":{"@id":"https:\/\/previews.elleven.digital\/acocearense\/noticia\/cinthia-cavalcanti-ministra-palestra-sobre-cultura-organizacional\/#primaryimage"},"thumbnailUrl":"https:\/\/previews.elleven.digital\/acocearense\/wp-content\/uploads\/2025\/05\/9f4afa34-0d42-45b9-879a-3608a831acdc.jpg","datePublished":"2019-06-04T18:34:52+00:00","dateModified":"2025-05-07T18:35:33+00:00","breadcrumb":{"@id":"https:\/\/previews.elleven.digital\/acocearense\/noticia\/cinthia-cavalcanti-ministra-palestra-sobre-cultura-organizacional\/#breadcrumb"},"inLanguage":"pt-BR","potentialAction":[{"@type":"ReadAction","target":["https:\/\/previews.elleven.digital\/acocearense\/noticia\/cinthia-cavalcanti-ministra-palestra-sobre-cultura-organizacional\/"]}]},{"@type":"ImageObject","inLanguage":"pt-BR","@id":"https:\/\/previews.elleven.digital\/acocearense\/noticia\/cinthia-cavalcanti-ministra-palestra-sobre-cultura-organizacional\/#primaryimage","url":"https:\/\/previews.elleven.digital\/acocearense\/wp-content\/uploads\/2025\/05\/9f4afa34-0d42-45b9-879a-3608a831acdc.jpg","contentUrl":"https:\/\/previews.elleven.digital\/acocearense\/wp-content\/uploads\/2025\/05\/9f4afa34-0d42-45b9-879a-3608a831acdc.jpg","width":960,"height":720},{"@type":"BreadcrumbList","@id":"https:\/\/previews.elleven.digital\/acocearense\/noticia\/cinthia-cavalcanti-ministra-palestra-sobre-cultura-organizacional\/#breadcrumb","itemListElement":[{"@type":"ListItem","position":1,"name":"In\u00edcio","item":"https:\/\/previews.elleven.digital\/acocearense\/"},{"@type":"ListItem","position":2,"name":"Not\u00edcias","item":"https:\/\/previews.elleven.digital\/acocearense\/noticias\/"},{"@type":"ListItem","position":3,"name":"Cinthia Cavalcanti ministra palestra sobre Cultura Organizacional"}]},{"@type":"WebSite","@id":"https:\/\/previews.elleven.digital\/acocearense\/#website","url":"https:\/\/previews.elleven.digital\/acocearense\/","name":"A\u00e7o Cearense","description":"H\u00e1 mais de 45 anos no mercado brasileiro do a\u00e7o.","alternateName":"A\u00e7o Cearense","potentialAction":[{"@type":"SearchAction","target":{"@type":"EntryPoint","urlTemplate":"https:\/\/previews.elleven.digital\/acocearense\/?s={search_term_string}"},"query-input":{"@type":"PropertyValueSpecification","valueRequired":true,"valueName":"search_term_string"}}],"inLanguage":"pt-BR"}]}},"_links":{"self":[{"href":"https:\/\/previews.elleven.digital\/acocearense\/wp-json\/wp\/v2\/noticia\/1865","targetHints":{"allow":["GET"]}}],"collection":[{"href":"https:\/\/previews.elleven.digital\/acocearense\/wp-json\/wp\/v2\/noticia"}],"about":[{"href":"https:\/\/previews.elleven.digital\/acocearense\/wp-json\/wp\/v2\/types\/noticia"}],"wp:featuredmedia":[{"embeddable":true,"href":"https:\/\/previews.elleven.digital\/acocearense\/wp-json\/wp\/v2\/media\/1859"}],"wp:attachment":[{"href":"https:\/\/previews.elleven.digital\/acocearense\/wp-json\/wp\/v2\/media?parent=1865"}],"wp:term":[{"taxonomy":"categoria-noticia","embeddable":true,"href":"https:\/\/previews.elleven.digital\/acocearense\/wp-json\/wp\/v2\/categoria-noticia?post=1865"}],"curies":[{"name":"wp","href":"https:\/\/api.w.org\/{rel}","templated":true}]}}